{"id":26688,"date":"2026-01-26T10:21:51","date_gmt":"2026-01-26T14:21:51","guid":{"rendered":"https:\/\/belacereais.com.br\/2026\/centro-oeste\/em-20-anos-mato-grosso-quase-dobra-abate-de-bovinos-jovens-e-amplia-producao-em-429\/"},"modified":"2026-01-26T10:21:51","modified_gmt":"2026-01-26T14:21:51","slug":"em-20-anos-mato-grosso-quase-dobra-abate-de-bovinos-jovens-e-amplia-producao-em-429","status":"publish","type":"post","link":"https:\/\/belacereais.com.br\/en\/2026\/centro-oeste\/em-20-anos-mato-grosso-quase-dobra-abate-de-bovinos-jovens-e-amplia-producao-em-429\/","title":{"rendered":"Em 20 anos, Mato Grosso quase dobra abate de bovinos jovens e amplia produ\u00e7\u00e3o em 42,9%"},"content":{"rendered":"<p><\/p>\n<div id=\"mvp-content-main\" class=\"left relative\">\n<p>A pecu\u00e1ria de corte de Mato Grosso passou por uma transforma\u00e7\u00e3o estrutural nas \u00faltimas duas d\u00e9cadas. Entre 2006 e 2025, o estado ampliou em 42,9% o volume de abates, saindo de 5,2 milh\u00f5es para 7,4 milh\u00f5es de cabe\u00e7as, ao mesmo tempo em que alterou de forma significativa o perfil dos animais destinados ao frigor\u00edfico.<\/p>\n<div id=\"attachment_129052\" style=\"width: 310px\" class=\"wp-caption alignleft\"><img fetchpriority=\"high\" data-recalc-dims=\"1\" decoding=\"async\" aria-describedby=\"caption-attachment-129052\" data-attachment-id=\"129052\" data-permalink=\"https:\/\/opresenterural.com.br\/confinamento-dos-bovinos-de-corte-exige-importantes-praticas-de-manejo-para-alta-sustentabilidade\/ceva-gado-brahman-alimentando-se-em-palete-dentro-do-confinamento\/\" data-orig-file=\"https:\/\/i0.wp.com\/opresenterural.com.br\/wp-content\/uploads\/2023\/08\/Ceva-gado-brahman-alimentando-se-em-palete-dentro-do-confinamento.jpg?fit=1000%2C708&amp;ssl=1\" data-orig-size=\"1000,708\" data-comments-opened=\"1\" data-image-meta=\"{&quot;aperture&quot;:&quot;0&quot;,&quot;credit&quot;:&quot;&quot;,&quot;camera&quot;:&quot;&quot;,&quot;caption&quot;:&quot;&quot;,&quot;created_timestamp&quot;:&quot;0&quot;,&quot;copyright&quot;:&quot;&quot;,&quot;focal_length&quot;:&quot;0&quot;,&quot;iso&quot;:&quot;0&quot;,&quot;shutter_speed&quot;:&quot;0&quot;,&quot;title&quot;:&quot;&quot;,&quot;orientation&quot;:&quot;0&quot;}\" data-image-title=\"Ceva \u2013 gado-brahman-alimentando-se-em-palete-dentro-do-confinamento\" data-image-description data-image-caption=\"&lt;p&gt;Foto: Divulga\u00e7\u00e3o&lt;\/p&gt;\" data-medium-file=\"https:\/\/i0.wp.com\/opresenterural.com.br\/wp-content\/uploads\/2023\/08\/Ceva-gado-brahman-alimentando-se-em-palete-dentro-do-confinamento.jpg?fit=300%2C212&amp;ssl=1\" data-large-file=\"https:\/\/i0.wp.com\/opresenterural.com.br\/wp-content\/uploads\/2023\/08\/Ceva-gado-brahman-alimentando-se-em-palete-dentro-do-confinamento.jpg?fit=740%2C524&amp;ssl=1\" class=\"size-medium wp-image-129052\" src=\"https:\/\/i0.wp.com\/opresenterural.com.br\/wp-content\/uploads\/2023\/08\/Ceva-gado-brahman-alimentando-se-em-palete-dentro-do-confinamento.jpg?resize=300%2C212&amp;ssl=1\" alt width=\"300\" height=\"212\" srcset=\"https:\/\/i0.wp.com\/opresenterural.com.br\/wp-content\/uploads\/2023\/08\/Ceva-gado-brahman-alimentando-se-em-palete-dentro-do-confinamento.jpg?resize=300%2C212&amp;ssl=1 300w, https:\/\/i0.wp.com\/opresenterural.com.br\/wp-content\/uploads\/2023\/08\/Ceva-gado-brahman-alimentando-se-em-palete-dentro-do-confinamento.jpg?resize=768%2C544&amp;ssl=1 768w, https:\/\/i0.wp.com\/opresenterural.com.br\/wp-content\/uploads\/2023\/08\/Ceva-gado-brahman-alimentando-se-em-palete-dentro-do-confinamento.jpg?resize=600%2C425&amp;ssl=1 600w, https:\/\/i0.wp.com\/opresenterural.com.br\/wp-content\/uploads\/2023\/08\/Ceva-gado-brahman-alimentando-se-em-palete-dentro-do-confinamento.jpg?w=1000&amp;ssl=1 1000w\" sizes=\"(max-width: 300px) 100vw, 300px\"><\/p>\n<p id=\"caption-attachment-129052\" class=\"wp-caption-text\">Photo: Disclosure<\/p>\n<\/div>\n<p>Em 2006, bovinos com at\u00e9 24 meses representavam apenas 2% do total abatido. Em 2025, essa participa\u00e7\u00e3o chegou a 43%, reflexo direto da intensifica\u00e7\u00e3o dos sistemas produtivos e da ado\u00e7\u00e3o de tecnologias voltadas ao ganho de efici\u00eancia, redu\u00e7\u00e3o do ciclo de produ\u00e7\u00e3o e melhor aproveitamento da \u00e1rea.<\/p>\n<p>A mudan\u00e7a \u00e9 resultado de uma combina\u00e7\u00e3o de investimentos que se difundiram de forma consistente no estado, como suplementa\u00e7\u00e3o nutricional, confinamento e semiconfinamento, maior rigor no controle sanit\u00e1rio, recupera\u00e7\u00e3o de pastagens degradadas e a expans\u00e3o dos sistemas de integra\u00e7\u00e3o entre agricultura e pecu\u00e1ria.<\/p>\n<p>Esses avan\u00e7os permitiram elevar a produtividade sem a necessidade de ampliar a \u00e1rea destinada \u00e0 atividade.\u00a0\u201cA pecu\u00e1ria brasileira passou por uma transforma\u00e7\u00e3o profunda nas \u00faltimas duas d\u00e9cadas. Hoje, produzimos mais carne em menos tempo, com melhor uso da terra, maior efici\u00eancia produtiva e avan\u00e7os consistentes em tecnologia, gen\u00e9tica e manejo\u201d, afirma Bruno de Jesus Andrade, diretor de Projetos do Instituto Mato-grossense da Carne (Imac).<\/p>\n<p>Os efeitos da moderniza\u00e7\u00e3o tamb\u00e9m se refletem no desempenho externo. Em 2025, Mato Grosso exportou 978,4 mil toneladas de carne<\/p>\n<div id=\"attachment_155064\" style=\"width: 222px\" class=\"wp-caption alignright\"><img data-recalc-dims=\"1\" decoding=\"async\" aria-describedby=\"caption-attachment-155064\" data-attachment-id=\"155064\" data-permalink=\"https:\/\/opresenterural.com.br\/pesquisa-da-cargill-identifica-habitos-de-sucesso-em-mais-de-260-pecuaristas\/benchmarking-confinamento-2024_2\/\" data-orig-file=\"https:\/\/i0.wp.com\/opresenterural.com.br\/wp-content\/uploads\/2024\/09\/Benchmarking-Confinamento-2024_2.jpg?fit=849%2C1200&amp;ssl=1\" data-orig-size=\"849,1200\" data-comments-opened=\"0\" data-image-meta=\"{&quot;aperture&quot;:&quot;4&quot;,&quot;credit&quot;:&quot;&quot;,&quot;camera&quot;:&quot;Canon EOS 5D Mark IV&quot;,&quot;caption&quot;:&quot;&quot;,&quot;created_timestamp&quot;:&quot;1614782993&quot;,&quot;copyright&quot;:&quot;&quot;,&quot;focal_length&quot;:&quot;105&quot;,&quot;iso&quot;:&quot;200&quot;,&quot;shutter_speed&quot;:&quot;0.001&quot;,&quot;title&quot;:&quot;&quot;,&quot;orientation&quot;:&quot;1&quot;}\" data-image-title=\"Benchmarking Confinamento 2024_2\" data-image-description data-image-caption=\"&lt;p&gt;Foto: Divulga\u00e7\u00e3o &lt;\/p&gt;\" data-medium-file=\"https:\/\/i0.wp.com\/opresenterural.com.br\/wp-content\/uploads\/2024\/09\/Benchmarking-Confinamento-2024_2.jpg?fit=212%2C300&amp;ssl=1\" data-large-file=\"https:\/\/i0.wp.com\/opresenterural.com.br\/wp-content\/uploads\/2024\/09\/Benchmarking-Confinamento-2024_2.jpg?fit=724%2C1024&amp;ssl=1\" class=\"size-medium wp-image-155064\" src=\"https:\/\/i0.wp.com\/opresenterural.com.br\/wp-content\/uploads\/2024\/09\/Benchmarking-Confinamento-2024_2.jpg?resize=212%2C300&amp;ssl=1\" alt width=\"212\" height=\"300\" srcset=\"https:\/\/i0.wp.com\/opresenterural.com.br\/wp-content\/uploads\/2024\/09\/Benchmarking-Confinamento-2024_2.jpg?resize=212%2C300&amp;ssl=1 212w, https:\/\/i0.wp.com\/opresenterural.com.br\/wp-content\/uploads\/2024\/09\/Benchmarking-Confinamento-2024_2.jpg?resize=724%2C1024&amp;ssl=1 724w, https:\/\/i0.wp.com\/opresenterural.com.br\/wp-content\/uploads\/2024\/09\/Benchmarking-Confinamento-2024_2.jpg?resize=768%2C1086&amp;ssl=1 768w, https:\/\/i0.wp.com\/opresenterural.com.br\/wp-content\/uploads\/2024\/09\/Benchmarking-Confinamento-2024_2.jpg?resize=300%2C424&amp;ssl=1 300w, https:\/\/i0.wp.com\/opresenterural.com.br\/wp-content\/uploads\/2024\/09\/Benchmarking-Confinamento-2024_2.jpg?resize=600%2C848&amp;ssl=1 600w, https:\/\/i0.wp.com\/opresenterural.com.br\/wp-content\/uploads\/2024\/09\/Benchmarking-Confinamento-2024_2.jpg?w=849&amp;ssl=1 849w\" sizes=\"(max-width: 212px) 100vw, 212px\"><\/p>\n<p id=\"caption-attachment-155064\" class=\"wp-caption-text\">Photo: Disclosure<\/p>\n<\/div>\n<p>bovina para 92 pa\u00edses, com uma receita aproximada de US$ 4 bilh\u00f5es. O valor m\u00e9dio da tonelada embarcada ficou em torno de US$ 5.460, indicador que refor\u00e7a a competitividade da carne produzida no estado.<\/p>\n<p>Para Andrade, o atual est\u00e1gio da atividade coloca Mato Grosso em posi\u00e7\u00e3o estrat\u00e9gica no mercado global de prote\u00edna animal. \u201cO que vemos hoje \u00e9 uma pecu\u00e1ria mais moderna, mais produtiva e preparada para atender mercados exigentes, sem abrir m\u00e3o da responsabilidade socioambiental. Estamos evoluindo com base em dados, ci\u00eancia e gest\u00e3o\u201d, destaca.<\/p>\n<\/div>\n<h6><em>THE <strong>Bela Cereais<\/strong> works with the best grains on the market in the Central West Region and also keeps you up to date with the latest news and analyses on agribusiness.<br \/>\nDon&#039;t forget to follow our social networks.<\/em><\/h6>\n<p><a href=\"https:\/\/opresenterural.com.br\/em-20-anos-mato-grosso-quase-dobra-abate-de-bovinos-jovens-e-amplia-producao-em-429\/\" target=\"_blank\" rel=\"noopener\">Access News Source <\/a><\/p>","protected":false},"excerpt":{"rendered":"<p>A pecu\u00e1ria de corte de Mato Grosso passou por uma transforma\u00e7\u00e3o estrutural nas \u00faltimas duas&hellip;<\/p>","protected":false},"author":1,"featured_media":26689,"comment_status":"","ping_status":"","sticky":false,"template":"","format":"standard","meta":{"footnotes":""},"categories":[90],"tags":[],"class_list":["post-26688","post","type-post","status-publish","format-standard","has-post-thumbnail","hentry","category-centro-oeste"],"_links":{"self":[{"href":"https:\/\/belacereais.com.br\/en\/wp-json\/wp\/v2\/posts\/26688","targetHints":{"allow":["GET"]}}],"collection":[{"href":"https:\/\/belacereais.com.br\/en\/wp-json\/wp\/v2\/posts"}],"about":[{"href":"https:\/\/belacereais.com.br\/en\/wp-json\/wp\/v2\/types\/post"}],"author":[{"embeddable":true,"href":"https:\/\/belacereais.com.br\/en\/wp-json\/wp\/v2\/users\/1"}],"replies":[{"embeddable":true,"href":"https:\/\/belacereais.com.br\/en\/wp-json\/wp\/v2\/comments?post=26688"}],"version-history":[{"count":0,"href":"https:\/\/belacereais.com.br\/en\/wp-json\/wp\/v2\/posts\/26688\/revisions"}],"wp:featuredmedia":[{"embeddable":true,"href":"https:\/\/belacereais.com.br\/en\/wp-json\/wp\/v2\/media\/26689"}],"wp:attachment":[{"href":"https:\/\/belacereais.com.br\/en\/wp-json\/wp\/v2\/media?parent=26688"}],"wp:term":[{"taxonomy":"category","embeddable":true,"href":"https:\/\/belacereais.com.br\/en\/wp-json\/wp\/v2\/categories?post=26688"},{"taxonomy":"post_tag","embeddable":true,"href":"https:\/\/belacereais.com.br\/en\/wp-json\/wp\/v2\/tags?post=26688"}],"curies":[{"name":"wp","href":"https:\/\/api.w.org\/{rel}","templated":true}]}}