{"id":26700,"date":"2026-01-27T08:32:42","date_gmt":"2026-01-27T12:32:42","guid":{"rendered":"https:\/\/belacereais.com.br\/2026\/exportacoes\/brasil-registra-recorde-na-importacao-de-fertilizantes-e-amplia-exportacoes-agricolas-em-2025\/"},"modified":"2026-01-27T08:32:42","modified_gmt":"2026-01-27T12:32:42","slug":"brasil-registra-recorde-na-importacao-de-fertilizantes-e-amplia-exportacoes-agricolas-em-2025","status":"publish","type":"post","link":"https:\/\/belacereais.com.br\/en\/2026\/exportacoes\/brasil-registra-recorde-na-importacao-de-fertilizantes-e-amplia-exportacoes-agricolas-em-2025\/","title":{"rendered":"Brasil registra recorde na importa\u00e7\u00e3o de fertilizantes e amplia exporta\u00e7\u00f5es agr\u00edcolas em 2025"},"content":{"rendered":"<p><\/p>\n<div id=\"mvp-content-main\" class=\"left relative\">\n<p dir=\"ltr\">As importa\u00e7\u00f5es brasileiras de fertilizantes alcan\u00e7aram 45,5 milh\u00f5es de toneladas durante o ano passado, superando as 44,28 milh\u00f5es de toneladas registradas no ano de 2024, estabelecendo um novo recorde da s\u00e9rie hist\u00f3rica. Isso \u00e9 o que mostra o <a href=\"https:\/\/www.gov.br\/conab\/pt-br\/atuacao\/logistica\/boletim-logistico\/boletim-logistico-janeiro-2026.pdf\/view\" target=\"_blank\" rel=\"noopener\">Boletim Log\u00edstico<\/a> referente janeiro de 2026, divulgado pela Companhia Nacional de Abastecimento (Conab) na segunda-feira (26).<\/p>\n<div id=\"attachment_188608\" style=\"width: 310px\" class=\"wp-caption alignleft\"><img fetchpriority=\"high\" data-recalc-dims=\"1\" decoding=\"async\" aria-describedby=\"caption-attachment-188608\" data-attachment-id=\"188608\" data-permalink=\"https:\/\/opresenterural.com.br\/projeto-transforma-residuo-de-estacoes-de-tratamento-em-adubo-agricola\/6fertilizantes-foto-portos-do-parana-2\/\" data-orig-file=\"https:\/\/i0.wp.com\/opresenterural.com.br\/wp-content\/uploads\/2025\/07\/6fertilizantes-foto-Portos-do-Parana.jpg?fit=1400%2C933&amp;ssl=1\" data-orig-size=\"1400,933\" data-comments-opened=\"0\" data-image-meta=\"{&quot;aperture&quot;:&quot;4.5&quot;,&quot;credit&quot;:&quot;Claudio Neves&quot;,&quot;camera&quot;:&quot;Canon EOS 6D Mark II&quot;,&quot;caption&quot;:&quot;&quot;,&quot;created_timestamp&quot;:&quot;1687970888&quot;,&quot;copyright&quot;:&quot;2020 - Portos do Parana&quot;,&quot;focal_length&quot;:&quot;200&quot;,&quot;iso&quot;:&quot;100&quot;,&quot;shutter_speed&quot;:&quot;0.00125&quot;,&quot;title&quot;:&quot;&quot;,&quot;orientation&quot;:&quot;1&quot;}\" data-image-title=\"Fertilizantes\" data-image-description data-image-caption=\"&lt;p&gt;Foto: Claudio Neves\/Portos Paran\u00e1&lt;\/p&gt;\" data-medium-file=\"https:\/\/i0.wp.com\/opresenterural.com.br\/wp-content\/uploads\/2025\/07\/6fertilizantes-foto-Portos-do-Parana.jpg?fit=300%2C200&amp;ssl=1\" data-large-file=\"https:\/\/i0.wp.com\/opresenterural.com.br\/wp-content\/uploads\/2025\/07\/6fertilizantes-foto-Portos-do-Parana.jpg?fit=740%2C493&amp;ssl=1\" class=\"size-medium wp-image-188608\" src=\"https:\/\/i0.wp.com\/opresenterural.com.br\/wp-content\/uploads\/2025\/07\/6fertilizantes-foto-Portos-do-Parana.jpg?resize=300%2C200&amp;ssl=1\" alt width=\"300\" height=\"200\" srcset=\"https:\/\/i0.wp.com\/opresenterural.com.br\/wp-content\/uploads\/2025\/07\/6fertilizantes-foto-Portos-do-Parana.jpg?resize=300%2C200&amp;ssl=1 300w, https:\/\/i0.wp.com\/opresenterural.com.br\/wp-content\/uploads\/2025\/07\/6fertilizantes-foto-Portos-do-Parana.jpg?resize=1024%2C682&amp;ssl=1 1024w, https:\/\/i0.wp.com\/opresenterural.com.br\/wp-content\/uploads\/2025\/07\/6fertilizantes-foto-Portos-do-Parana.jpg?resize=768%2C512&amp;ssl=1 768w, https:\/\/i0.wp.com\/opresenterural.com.br\/wp-content\/uploads\/2025\/07\/6fertilizantes-foto-Portos-do-Parana.jpg?resize=600%2C400&amp;ssl=1 600w, https:\/\/i0.wp.com\/opresenterural.com.br\/wp-content\/uploads\/2025\/07\/6fertilizantes-foto-Portos-do-Parana.jpg?w=1400&amp;ssl=1 1400w\" sizes=\"(max-width: 300px) 100vw, 300px\"><\/p>\n<p id=\"caption-attachment-188608\" class=\"wp-caption-text\">Foto: Claudio Neves\/Portos Paran\u00e1<\/p>\n<\/div>\n<p>Esse bom desempenho refor\u00e7a um cen\u00e1rio positivo para a agricultura nacional, pois indica uma maior disposi\u00e7\u00e3o dos produtores em ampliar a \u00e1rea plantada de gr\u00e3os e elevar a produtividade m\u00e9dia de suas lavouras. Ao longo de 2025, o volume crescente de aquisi\u00e7\u00f5es j\u00e1 sinalizava confian\u00e7a do setor produtivo nas perspectivas da safra. Mato Grosso, Paran\u00e1 e S\u00e3o Paulo lideraram o consumo de fertilizantes no pa\u00eds, confirmando o protagonismo dessas unidades da federa\u00e7\u00e3o na produ\u00e7\u00e3o agr\u00edcola brasileira.<\/p>\n<p>O resultado consolidado da entrada de fertilizantes pelos principais terminais portu\u00e1rios brasileiros reafirma a robustez da cadeia de suprimento de insumos e sustenta expectativas favor\u00e1veis para o avan\u00e7o da produ\u00e7\u00e3o agr\u00edcola brasileira. Somados os recebimentos nos Portos de Paranagu\u00e1 (PR), Santos (SP) e do Arco Norte, o volume importado em 2025 foi de 45,50 milh\u00f5es de toneladas, frente a 44,28 milh\u00f5es de toneladas em 2024, o que significa dizer um aumento de 1,22 milh\u00e3o de toneladas (+2,68%).<\/p>\n<p>Como principal canal de entrada de fertilizantes importados no pa\u00eds, manteve-se o Porto de Paranagu\u00e1 (PR), terminal pelo qual foram<\/p>\n<div id=\"attachment_180732\" style=\"width: 310px\" class=\"wp-caption alignright\"><img data-recalc-dims=\"1\" decoding=\"async\" aria-describedby=\"caption-attachment-180732\" data-attachment-id=\"180732\" data-permalink=\"https:\/\/opresenterural.com.br\/porto-de-paranagua-bate-recorde-historico-com-maior-descarga-de-fertilizantes-do-brasil\/default-136\/\" data-orig-file=\"https:\/\/i0.wp.com\/opresenterural.com.br\/wp-content\/uploads\/2025\/05\/Fertilizantes-Porto-de-Paranagua-Foto-Claudio-Neves-Portos-do-Parana.jpg?fit=1400%2C933&amp;ssl=1\" data-orig-size=\"1400,933\" data-comments-opened=\"0\" data-image-meta=\"{&quot;aperture&quot;:&quot;1.7&quot;,&quot;credit&quot;:&quot;&quot;,&quot;camera&quot;:&quot;FC8482&quot;,&quot;caption&quot;:&quot;default&quot;,&quot;created_timestamp&quot;:&quot;1746438091&quot;,&quot;copyright&quot;:&quot;&quot;,&quot;focal_length&quot;:&quot;6.72&quot;,&quot;iso&quot;:&quot;110&quot;,&quot;shutter_speed&quot;:&quot;0.0008&quot;,&quot;title&quot;:&quot;default&quot;,&quot;orientation&quot;:&quot;1&quot;}\" data-image-title=\"Fertilizante\" data-image-description data-image-caption=\"&lt;p&gt;Foto: Claudio Neves&lt;\/p&gt;\" data-medium-file=\"https:\/\/i0.wp.com\/opresenterural.com.br\/wp-content\/uploads\/2025\/05\/Fertilizantes-Porto-de-Paranagua-Foto-Claudio-Neves-Portos-do-Parana.jpg?fit=300%2C200&amp;ssl=1\" data-large-file=\"https:\/\/i0.wp.com\/opresenterural.com.br\/wp-content\/uploads\/2025\/05\/Fertilizantes-Porto-de-Paranagua-Foto-Claudio-Neves-Portos-do-Parana.jpg?fit=740%2C493&amp;ssl=1\" class=\"size-medium wp-image-180732\" src=\"https:\/\/i0.wp.com\/opresenterural.com.br\/wp-content\/uploads\/2025\/05\/Fertilizantes-Porto-de-Paranagua-Foto-Claudio-Neves-Portos-do-Parana.jpg?resize=300%2C200&amp;ssl=1\" alt width=\"300\" height=\"200\" srcset=\"https:\/\/i0.wp.com\/opresenterural.com.br\/wp-content\/uploads\/2025\/05\/Fertilizantes-Porto-de-Paranagua-Foto-Claudio-Neves-Portos-do-Parana.jpg?resize=300%2C200&amp;ssl=1 300w, https:\/\/i0.wp.com\/opresenterural.com.br\/wp-content\/uploads\/2025\/05\/Fertilizantes-Porto-de-Paranagua-Foto-Claudio-Neves-Portos-do-Parana.jpg?resize=1024%2C682&amp;ssl=1 1024w, https:\/\/i0.wp.com\/opresenterural.com.br\/wp-content\/uploads\/2025\/05\/Fertilizantes-Porto-de-Paranagua-Foto-Claudio-Neves-Portos-do-Parana.jpg?resize=768%2C512&amp;ssl=1 768w, https:\/\/i0.wp.com\/opresenterural.com.br\/wp-content\/uploads\/2025\/05\/Fertilizantes-Porto-de-Paranagua-Foto-Claudio-Neves-Portos-do-Parana.jpg?resize=600%2C400&amp;ssl=1 600w, https:\/\/i0.wp.com\/opresenterural.com.br\/wp-content\/uploads\/2025\/05\/Fertilizantes-Porto-de-Paranagua-Foto-Claudio-Neves-Portos-do-Parana.jpg?w=1400&amp;ssl=1 1400w\" sizes=\"(max-width: 300px) 100vw, 300px\"><\/p>\n<p id=\"caption-attachment-180732\" class=\"wp-caption-text\">Photo: Claudio Neves\/Ports of Paran\u00e1<\/p>\n<\/div>\n<p>internalizadas 10,89 milh\u00f5es de toneladas no per\u00edodo, volume pr\u00f3ximo ao registrado no ano anterior, que foi 11,04 milh\u00f5es de toneladas, ou seja, uma leve redu\u00e7\u00e3o de 150 mil toneladas (-1,36%). Tamb\u00e9m apresentaram desempenho positivo os portos do Arco Norte, com a movimenta\u00e7\u00e3o de 8,27 milh\u00f5es de toneladas em 2025, acima das 7,5 milh\u00f5es de toneladas registradas no ano anterior, evidenciando o fortalecimento log\u00edstico da regi\u00e3o. J\u00e1 o Porto de Santos (SP) recebeu 8,42 milh\u00f5es de toneladas, em compara\u00e7\u00e3o com 8,88 milh\u00f5es de toneladas no ano anterior, ou seja, uma diminui\u00e7\u00e3o de 5,18% nas importa\u00e7\u00f5es de insumos.<\/p>\n<p><strong>Exports<\/strong><\/p>\n<p>Em 2025, o Brasil ampliou os embarques de milho, soja e farelo de soja, com crescimento dos volumes exportados e reconfigura\u00e7\u00e3o positiva da log\u00edstica portu\u00e1ria, destaque para o avan\u00e7o dos Portos de Paranagu\u00e1 (PR) e do Arco Norte, al\u00e9m do protagonismo dos estados do Mato Grosso, Paran\u00e1, Goi\u00e1s e Rio Grande do Sul na origem das cargas. Ao todo, as exporta\u00e7\u00f5es das tr\u00eas commodities totalizaram 172,3 milh\u00f5es de toneladas no ano passado, uma acr\u00e9scimo de 6,21% \u2013 o que quer dizer 10,7 toneladas a mais que em 2024, ano no qual o resultado foi de 161,6 milh\u00f5es de toneladas.<\/p>\n<div id=\"attachment_187743\" style=\"width: 310px\" class=\"wp-caption alignleft\"><img loading=\"lazy\" data-recalc-dims=\"1\" decoding=\"async\" aria-describedby=\"caption-attachment-187743\" data-attachment-id=\"187743\" data-permalink=\"https:\/\/opresenterural.com.br\/coamo-e-aurora-gigantes-do-agro-cooperativo-sustentam-economias-regionais\/portos-coamo\/\" data-orig-file=\"https:\/\/i0.wp.com\/opresenterural.com.br\/wp-content\/uploads\/2025\/07\/portos-coamo.jpg?fit=1400%2C933&amp;ssl=1\" data-orig-size=\"1400,933\" data-comments-opened=\"0\" data-image-meta=\"{&quot;aperture&quot;:&quot;2.8&quot;,&quot;credit&quot;:&quot;ClaudioNeves&quot;,&quot;camera&quot;:&quot;NIKON D810&quot;,&quot;caption&quot;:&quot;&quot;,&quot;created_timestamp&quot;:&quot;1578939471&quot;,&quot;copyright&quot;:&quot;ClaudioNeves&quot;,&quot;focal_length&quot;:&quot;70&quot;,&quot;iso&quot;:&quot;400&quot;,&quot;shutter_speed&quot;:&quot;0.000125&quot;,&quot;title&quot;:&quot;&quot;,&quot;orientation&quot;:&quot;1&quot;}\" data-image-title=\"portos-coamo\" data-image-description data-image-caption data-medium-file =\"https:\/\/i0.wp.com\/opresenterural.com.br\/wp-content\/uploads\/2025\/07\/portos-coamo.jpg?fit=300%2C200&amp;ssl=1\" data-large-file=\"https:\/\/i0.wp.com\/opresenterural.com.br\/wp-content\/uploads\/2025\/07\/portos-coamo.jpg?fit=740%2C493&amp;ssl=1\" class=\"wp-image-187743 size-medium\" src=\"https:\/\/i0.wp.com\/opresenterural.com.br\/wp-content\/uploads\/2025\/07\/portos-coamo.jpg?resize=300%2C200&amp;ssl=1\" alt width =\"300\" height=\"200\" srcset=\"https:\/\/i0.wp.com\/opresenterural.com.br\/wp-content\/uploads\/2025\/07\/portos-coamo.jpg?resize=300%2C200&amp;ssl=1 300w, https:\/\/i0.wp.com\/opresenterural.com.br\/wp-content\/uploads\/2025\/07\/portos-coamo.jpg?resize=1024%2C682&amp;ssl=1 1024w, https:\/\/i0.wp.com\/opresenterural.com.br\/wp-content\/uploads\/2025\/07\/portos-coamo.jpg?resize=768%2C512&amp;ssl=1 768w, https:\/\/i0.wp.com\/opresenterural.com.br\/wp-content\/uploads\/2025\/07\/portos-coamo.jpg?resize=600%2C400&amp;ssl=1 600w, https:\/\/i0.wp.com\/opresenterural.com.br\/wp-content\/uploads\/2025\/07\/portos-coamo.jpg?w=1400&amp;ssl=1 1400w\" sizes=\"auto, (max-width: 300px) 100vw, 300px\"><\/p>\n<p id=\"caption-attachment-187743\" class=\"wp-caption-text\">Photo: Claudio Neves\/Ports of Paran\u00e1<\/p>\n<\/div>\n<p>As exporta\u00e7\u00f5es de milho em gr\u00e3os em dezembro de 2025 alcan\u00e7aram 40,9 milh\u00f5es de toneladas, acima das 39,7 milh\u00f5es de toneladas registradas em igual per\u00edodo do ano anterior. Pelos portos do Arco Norte foram escoados 39,3% da movimenta\u00e7\u00e3o, contra 46,4% no mesmo per\u00edodo do ano passado, enquanto o Porto de Santos respondeu por 35,8% dos volumes embarcados, frente a 42% no exerc\u00edcio anterior. O Porto de Paranagu\u00e1 ampliou de forma expressiva sua participa\u00e7\u00e3o, com 12,3% dos embarques, ante 3,1% no ano passado, e o Porto de S\u00e3o Francisco do Sul respondeu por 7,7%, contra 6% no exerc\u00edcio anterior. Os estados que mais atuaram nas vendas externas foram Mato Grosso, Paran\u00e1, Goi\u00e1s e Mato Grosso do Sul.<\/p>\n<p>As exporta\u00e7\u00f5es brasileiras de soja em gr\u00e3os, acumuladas at\u00e9 dezembro de 2025, somaram 108,1 milh\u00f5es de toneladas, superando as 98,8 milh\u00f5es de toneladas registradas no mesmo per\u00edodo do ano anterior. Pelos portos do Arco Norte foram expedidos 36,2% das exporta\u00e7\u00f5es nacionais, acima dos 34,8% do exerc\u00edcio anterior, enquanto o Porto de Santos concentrou 32% dos embarques, contra 28,3% no mesmo per\u00edodo do ano passado. O Porto do Rio Grande respondeu por 8% do montante nacional, ante 10,9%, e o Porto de S\u00e3o Francisco do Sul por 5,7%, frente a 7% no exerc\u00edcio anterior. A origem das cargas ocorreu, prioritariamente, nos estados de Mato Grosso, Goi\u00e1s, Paran\u00e1 e Rio Grande do Sul.<\/p>\n<p>As exporta\u00e7\u00f5es de farelo de soja, no per\u00edodo de janeiro a dezembro de 2025, atingiram 23,3 milh\u00f5es de toneladas, levemente acima das<\/p>\n<div id=\"attachment_182368\" style=\"width: 310px\" class=\"wp-caption alignright\"><img loading=\"lazy\" data-recalc-dims=\"1\" decoding=\"async\" aria-describedby=\"caption-attachment-182368\" data-attachment-id=\"182368\" data-permalink=\"https:\/\/opresenterural.com.br\/com-maior-crescimento-agricola-do-pais-rondonia-reafirma-compromisso-com-o-desenvolvimento-do-agro\/porto-publico-de-porto-velho_soph_soja_graos_31-03-21_foto_daiane-mendonca-54-scaled-1\/\" data-orig-file=\"https:\/\/i0.wp.com\/opresenterural.com.br\/wp-content\/uploads\/2025\/05\/Porto-Publico-de-Porto-Velho_SOPH_Soja_Graos_31.03.21_Foto_Daiane-Mendonca-54-scaled-1.jpg?fit=1280%2C849&amp;ssl=1\" data-orig-size=\"1280,849\" data-comments-opened=\"0\" data-image-meta=\"{&quot;aperture&quot;:&quot;0&quot;,&quot;credit&quot;:&quot;&quot;,&quot;camera&quot;:&quot;&quot;,&quot;caption&quot;:&quot;&quot;,&quot;created_timestamp&quot;:&quot;0&quot;,&quot;copyright&quot;:&quot;&quot;,&quot;focal_length&quot;:&quot;0&quot;,&quot;iso&quot;:&quot;0&quot;,&quot;shutter_speed&quot;:&quot;0&quot;,&quot;title&quot;:&quot;&quot;,&quot;orientation&quot;:&quot;0&quot;}\" data-image-title=\"Porto-Publico-de-Porto-Velho_SOPH_Soja_Graos_31.03.21_Foto_Daiane-Mendonca-54-scaled-1\" data-image-description data-image-caption =\"&lt;p&gt;Foto: Daiane Mendon\u00e7a&lt;\/p&gt;\" data-medium-file=\"https:\/\/i0.wp.com\/opresenterural.com.br\/wp-content\/uploads\/2025\/05\/Porto-Publico-de-Porto-Velho_SOPH_Soja_Graos_31.03.21_Foto_Daiane-Mendonca-54-scaled-1.jpg?fit=300%2C199&amp;ssl=1\" data-large-file=\"https:\/\/i0.wp.com\/opresenterural.com.br\/wp-content\/uploads\/2025\/05\/Porto-Publico-de-Porto-Velho_SOPH_Soja_Graos_31.03.21_Foto_Daiane-Mendonca-54-scaled-1.jpg?fit=740%2C491&amp;ssl=1\" class=\"size-medium wp-image-182368\" src=\"https:\/\/i0.wp.com\/opresenterural.com.br\/wp-content\/uploads\/2025\/05\/Porto-Publico-de-Porto-Velho_SOPH_Soja_Graos_31.03.21_Foto_Daiane-Mendonca-54-scaled-1.jpg?resize=300%2C199&amp;ssl=1\" alt width =\"300\" height=\"199\" srcset=\"https:\/\/i0.wp.com\/opresenterural.com.br\/wp-content\/uploads\/2025\/05\/Porto-Publico-de-Porto-Velho_SOPH_Soja_Graos_31.03.21_Foto_Daiane-Mendonca-54-scaled-1.jpg?resize=300%2C199&amp;ssl=1 300w, https:\/\/i0.wp.com\/opresenterural.com.br\/wp-content\/uploads\/2025\/05\/Porto-Publico-de-Porto-Velho_SOPH_Soja_Graos_31.03.21_Foto_Daiane-Mendonca-54-scaled-1.jpg?resize=1024%2C679&amp;ssl=1 1024w, https:\/\/i0.wp.com\/opresenterural.com.br\/wp-content\/uploads\/2025\/05\/Porto-Publico-de-Porto-Velho_SOPH_Soja_Graos_31.03.21_Foto_Daiane-Mendonca-54-scaled-1.jpg?resize=768%2C509&amp;ssl=1 768w, https:\/\/i0.wp.com\/opresenterural.com.br\/wp-content\/uploads\/2025\/05\/Porto-Publico-de-Porto-Velho_SOPH_Soja_Graos_31.03.21_Foto_Daiane-Mendonca-54-scaled-1.jpg?resize=600%2C398&amp;ssl=1 600w, https:\/\/i0.wp.com\/opresenterural.com.br\/wp-content\/uploads\/2025\/05\/Porto-Publico-de-Porto-Velho_SOPH_Soja_Graos_31.03.21_Foto_Daiane-Mendonca-54-scaled-1.jpg?w=1280&amp;ssl=1 1280w\" sizes=\"auto, (max-width: 300px) 100vw, 300px\"><\/p>\n<p id=\"caption-attachment-182368\" class=\"wp-caption-text\">Photo: Daiane Mendon\u00e7a<\/p>\n<\/div>\n<p>23,1 milh\u00f5es de toneladas registradas em igual per\u00edodo do ano anterior. O escoamento pelo Porto de Santos concentrou 43,2% da oferta nacional, contra 44,5% no mesmo intervalo de 2024, seguido por Paranagu\u00e1, com 27,8%, ante 27,2% do ano passado, e pelo Porto do Rio Grande, com 16,9%, frente a 15,2%. O Porto de Salvador respondeu por 7,4% dos embarques, acima dos 6,6% registrados em igual per\u00edodo de 2024, com Mato Grosso, Rio Grande do Sul, Paran\u00e1 e Goi\u00e1s aparecendo como os principais estados originadores das exporta\u00e7\u00f5es.<\/p>\n<p><strong>Mercado de Fretes<\/strong><\/p>\n<p>O mercado de fretes rodovi\u00e1rios apresentou, em dezembro, um comportamento heterog\u00eaneo entre as regi\u00f5es, entretanto em um quadro predominantemente de estabilidade nas cota\u00e7\u00f5es, com ajustes pontuais de alta ou queda conforme a intensidade da demanda local, os n\u00edveis de estoque e os custos operacionais. Em diversas regi\u00f5es, a menor movimenta\u00e7\u00e3o de gr\u00e3os, t\u00edpica do fim de ano, contribuiu para um comportamento mais equilibrado dos pre\u00e7os, enquanto a maior oferta de caminh\u00f5es atuou como fator de conten\u00e7\u00e3o de press\u00f5es altistas, mesmo onde houve aumento no volume transportado.<\/p>\n<div id=\"attachment_201324\" style=\"width: 310px\" class=\"wp-caption alignleft\"><img loading=\"lazy\" data-recalc-dims=\"1\" decoding=\"async\" aria-describedby=\"caption-attachment-201324\" data-attachment-id=\"201324\" data-permalink=\"https:\/\/opresenterural.com.br\/sao-paulo-moderniza-a-emissao-de-guias-do-transporte-agropecuario\/img_2134\/\" data-orig-file=\"https:\/\/i0.wp.com\/opresenterural.com.br\/wp-content\/uploads\/2026\/01\/IMG_2134.jpg?fit=1400%2C935&amp;ssl=1\" data-orig-size=\"1400,935\" data-comments-opened=\"0\" data-image-meta=\"{&quot;aperture&quot;:&quot;5&quot;,&quot;credit&quot;:&quot;&quot;,&quot;camera&quot;:&quot;Canon PowerShot SX50 HS&quot;,&quot;caption&quot;:&quot;&quot;,&quot;created_timestamp&quot;:&quot;1529769925&quot;,&quot;copyright&quot;:&quot;&quot;,&quot;focal_length&quot;:&quot;17.827&quot;,&quot;iso&quot;:&quot;80&quot;,&quot;shutter_speed&quot;:&quot;0.0025&quot;,&quot;title&quot;:&quot;&quot;,&quot;orientation&quot;:&quot;1&quot;}\" data-image-title=\"transporte, caminh\u00e3o\" data-image-description data-image-caption =\"&lt;p&gt;Foto: O Presente Rural&lt;\/p&gt;\" data-medium-file=\"https:\/\/i0.wp.com\/opresenterural.com.br\/wp-content\/uploads\/2026\/01\/IMG_2134.jpg?fit=300%2C200&amp;ssl=1\" data-large-file=\"https:\/\/i0.wp.com\/opresenterural.com.br\/wp-content\/uploads\/2026\/01\/IMG_2134.jpg?fit=740%2C494&amp;ssl=1\" class=\"size-medium wp-image-201324\" src=\"https:\/\/i0.wp.com\/opresenterural.com.br\/wp-content\/uploads\/2026\/01\/IMG_2134.jpg?resize=300%2C200&amp;ssl=1\" alt width =\"300\" height=\"200\" srcset=\"https:\/\/i0.wp.com\/opresenterural.com.br\/wp-content\/uploads\/2026\/01\/IMG_2134.jpg?resize=300%2C200&amp;ssl=1 300w, https:\/\/i0.wp.com\/opresenterural.com.br\/wp-content\/uploads\/2026\/01\/IMG_2134.jpg?resize=1024%2C684&amp;ssl=1 1024w, https:\/\/i0.wp.com\/opresenterural.com.br\/wp-content\/uploads\/2026\/01\/IMG_2134.jpg?resize=768%2C513&amp;ssl=1 768w, https:\/\/i0.wp.com\/opresenterural.com.br\/wp-content\/uploads\/2026\/01\/IMG_2134.jpg?resize=600%2C401&amp;ssl=1 600w, https:\/\/i0.wp.com\/opresenterural.com.br\/wp-content\/uploads\/2026\/01\/IMG_2134.jpg?w=1400&amp;ssl=1 1400w\" sizes=\"auto, (max-width: 300px) 100vw, 300px\"><\/p>\n<p id=\"caption-attachment-201324\" class=\"wp-caption-text\">Foto: O Presente Rural<\/p>\n<\/div>\n<p>Na Bahia e no Maranh\u00e3o, a redu\u00e7\u00e3o dos estoques e o menor fluxo de gr\u00e3os mantiveram os fretes est\u00e1veis, com exce\u00e7\u00f5es pontuais de recuo em rotas menos demandadas. No Distrito Federal, houve aumento generalizado entre 1% e 4%, pressionado principalmente pelos custos do diesel e pelo ambiente financeiro restritivo, apesar da menor demanda agr\u00edcola. Em Goi\u00e1s e Mato Grosso do Sul, a maior movimenta\u00e7\u00e3o de milho e soja, sobretudo para exporta\u00e7\u00e3o, sustentou o mercado, com leve valoriza\u00e7\u00e3o ou estabilidade das cota\u00e7\u00f5es, mesmo diante de maior oferta de caminh\u00f5es.<\/p>\n<p>J\u00e1 em Mato Grosso, os fretes seguiram em patamar elevado na compara\u00e7\u00e3o anual, sustentados por estoques elevados, safra recorde e expectativa de intensifica\u00e7\u00e3o da colheita da soja, com perspectiva de alta gradual nos pr\u00f3ximos meses. No Paran\u00e1 e em S\u00e3o Paulo, as varia\u00e7\u00f5es foram discretas, refletindo o per\u00edodo de fim de ano, enquanto no Piau\u00ed predominou forte retra\u00e7\u00e3o da demanda, com queda m\u00e9dia de pre\u00e7os superior a 9%.<\/p>\n<p>Para o in\u00edcio de 2026, a perspectiva \u00e9 de manuten\u00e7\u00e3o do equil\u00edbrio no curto prazo, com expectativa de aquecimento gradual do mercado<\/p>\n<div id=\"attachment_188592\" style=\"width: 310px\" class=\"wp-caption alignright\"><img loading=\"lazy\" data-recalc-dims=\"1\" decoding=\"async\" aria-describedby=\"caption-attachment-188592\" data-attachment-id=\"188592\" data-permalink=\"https:\/\/opresenterural.com.br\/exportacoes-de-peixe-crescem-no-brasil-mas-setor-teme-impacto-de-tarifa-dos-eua\/modais-navios-caminhao-aviaofoto-freepik\/\" data-orig-file=\"https:\/\/i0.wp.com\/opresenterural.com.br\/wp-content\/uploads\/2025\/07\/modais-navios-caminhao-aviaoFoto-Freepik.jpg?fit=1400%2C764&amp;ssl=1\" data-orig-size=\"1400,764\" data-comments-opened=\"0\" data-image-meta=\"{&quot;aperture&quot;:&quot;0&quot;,&quot;credit&quot;:&quot;&quot;,&quot;camera&quot;:&quot;&quot;,&quot;caption&quot;:&quot;&quot;,&quot;created_timestamp&quot;:&quot;0&quot;,&quot;copyright&quot;:&quot;&quot;,&quot;focal_length&quot;:&quot;0&quot;,&quot;iso&quot;:&quot;0&quot;,&quot;shutter_speed&quot;:&quot;0&quot;,&quot;title&quot;:&quot;&quot;,&quot;orientation&quot;:&quot;1&quot;}\" data-image-title=\"modais navios caminh\u00e3o avi\u00e3oFoto Freepik\" data-image-description data-image-caption =\"&lt;p&gt;Foto: Freepik&lt;\/p&gt;\" data-medium-file=\"https:\/\/i0.wp.com\/opresenterural.com.br\/wp-content\/uploads\/2025\/07\/modais-navios-caminhao-aviaoFoto-Freepik.jpg?fit=300%2C164&amp;ssl=1\" data-large-file=\"https:\/\/i0.wp.com\/opresenterural.com.br\/wp-content\/uploads\/2025\/07\/modais-navios-caminhao-aviaoFoto-Freepik.jpg?fit=740%2C404&amp;ssl=1\" class=\"size-medium wp-image-188592\" src=\"https:\/\/i0.wp.com\/opresenterural.com.br\/wp-content\/uploads\/2025\/07\/modais-navios-caminhao-aviaoFoto-Freepik.jpg?resize=300%2C164&amp;ssl=1\" alt width =\"300\" height=\"164\" srcset=\"https:\/\/i0.wp.com\/opresenterural.com.br\/wp-content\/uploads\/2025\/07\/modais-navios-caminhao-aviaoFoto-Freepik.jpg?resize=300%2C164&amp;ssl=1 300w, https:\/\/i0.wp.com\/opresenterural.com.br\/wp-content\/uploads\/2025\/07\/modais-navios-caminhao-aviaoFoto-Freepik.jpg?resize=1024%2C559&amp;ssl=1 1024w, https:\/\/i0.wp.com\/opresenterural.com.br\/wp-content\/uploads\/2025\/07\/modais-navios-caminhao-aviaoFoto-Freepik.jpg?resize=768%2C419&amp;ssl=1 768w, https:\/\/i0.wp.com\/opresenterural.com.br\/wp-content\/uploads\/2025\/07\/modais-navios-caminhao-aviaoFoto-Freepik.jpg?resize=600%2C327&amp;ssl=1 600w, https:\/\/i0.wp.com\/opresenterural.com.br\/wp-content\/uploads\/2025\/07\/modais-navios-caminhao-aviaoFoto-Freepik.jpg?w=1400&amp;ssl=1 1400w\" sizes=\"auto, (max-width: 300px) 100vw, 300px\"><\/p>\n<p id=\"caption-attachment-188592\" class=\"wp-caption-text\">Photo: Freepik<\/p>\n<\/div>\n<p>de fretes a partir de janeiro e maior press\u00e3o altista em fevereiro, com possibilidade de eleva\u00e7\u00e3o das cota\u00e7\u00f5es acompanhando o avan\u00e7o da colheita da soja, o aumento da demanda por transporte e a intensifica\u00e7\u00e3o do escoamento da produ\u00e7\u00e3o agr\u00edcola.<\/p>\n<p>O Boletim Log\u00edstico da Conab \u00e9 uma publica\u00e7\u00e3o mensal que re\u00fane informa\u00e7\u00f5es de dez estados produtores, apresentando an\u00e1lises sobre log\u00edstica do setor agropecu\u00e1rio, desempenho das exporta\u00e7\u00f5es brasileiras, movimenta\u00e7\u00e3o de cargas e principais rotas de escoamento da safra, al\u00e9m de informa\u00e7\u00f5es sobre o volume exportado de soja, milho e farelo de soja bem como dados de importa\u00e7\u00e3o de adubos e fertilizantes. A edi\u00e7\u00e3o completa do <a href=\"https:\/\/www.gov.br\/conab\/pt-br\/atuacao\/logistica\/boletim-logistico\/boletim-logistico-dezembro-2025.pdf\/view\" target=\"_blank\" rel=\"noopener\">Boletim Log\u00edstico<\/a> referente dezembro de 2025 j\u00e1 est\u00e1 dispon\u00edvel no <a class=\"external-link\" href=\"https:\/\/www.gov.br\/conab\/pt-br\/atuacao\/logistica\/boletim-logistico\" target=\"_self\" data-tippreview-enabled=\"false\" title data-tippreview-image data-tippreview-title rel=\"noopener\">Company website<\/a><\/p>\n<\/div>\n<h6><em>THE <strong>Bela Cereais<\/strong> works with the best grains on the market and also keeps you up to date with the latest news and analyses on agribusiness.<br \/>\nDon&#039;t forget to follow our social networks.<\/em><\/h6>\n<p><a href=\"https:\/\/opresenterural.com.br\/brasil-registra-recorde-na-importacao-de-fertilizantes-e-amplia-exportacoes-agricolas-em-2025\/\" target=\"_blank\" rel=\"noopener\">Access News Source <\/a><\/p>","protected":false},"excerpt":{"rendered":"<p>As importa\u00e7\u00f5es brasileiras de fertilizantes alcan\u00e7aram 45,5 milh\u00f5es de toneladas durante o ano passado, superando&hellip;<\/p>","protected":false},"author":1,"featured_media":26257,"comment_status":"","ping_status":"","sticky":false,"template":"","format":"standard","meta":{"footnotes":""},"categories":[7],"tags":[],"class_list":["post-26700","post","type-post","status-publish","format-standard","has-post-thumbnail","hentry","category-exportacoes"],"_links":{"self":[{"href":"https:\/\/belacereais.com.br\/en\/wp-json\/wp\/v2\/posts\/26700","targetHints":{"allow":["GET"]}}],"collection":[{"href":"https:\/\/belacereais.com.br\/en\/wp-json\/wp\/v2\/posts"}],"about":[{"href":"https:\/\/belacereais.com.br\/en\/wp-json\/wp\/v2\/types\/post"}],"author":[{"embeddable":true,"href":"https:\/\/belacereais.com.br\/en\/wp-json\/wp\/v2\/users\/1"}],"replies":[{"embeddable":true,"href":"https:\/\/belacereais.com.br\/en\/wp-json\/wp\/v2\/comments?post=26700"}],"version-history":[{"count":0,"href":"https:\/\/belacereais.com.br\/en\/wp-json\/wp\/v2\/posts\/26700\/revisions"}],"wp:featuredmedia":[{"embeddable":true,"href":"https:\/\/belacereais.com.br\/en\/wp-json\/wp\/v2\/media\/26257"}],"wp:attachment":[{"href":"https:\/\/belacereais.com.br\/en\/wp-json\/wp\/v2\/media?parent=26700"}],"wp:term":[{"taxonomy":"category","embeddable":true,"href":"https:\/\/belacereais.com.br\/en\/wp-json\/wp\/v2\/categories?post=26700"},{"taxonomy":"post_tag","embeddable":true,"href":"https:\/\/belacereais.com.br\/en\/wp-json\/wp\/v2\/tags?post=26700"}],"curies":[{"name":"wp","href":"https:\/\/api.w.org\/{rel}","templated":true}]}}