{"id":26703,"date":"2026-01-27T12:49:16","date_gmt":"2026-01-27T16:49:16","guid":{"rendered":"https:\/\/belacereais.com.br\/2026\/centro-oeste\/indea-mt-controla-foco-de-gripe-aviaria-apos-seis-dias-de-vigilancia-intensiva\/"},"modified":"2026-01-27T12:49:16","modified_gmt":"2026-01-27T16:49:16","slug":"indea-mt-controla-foco-de-gripe-aviaria-apos-seis-dias-de-vigilancia-intensiva","status":"publish","type":"post","link":"https:\/\/belacereais.com.br\/en\/2026\/centro-oeste\/indea-mt-controla-foco-de-gripe-aviaria-apos-seis-dias-de-vigilancia-intensiva\/","title":{"rendered":"Indea-MT controla foco de gripe avi\u00e1ria ap\u00f3s seis dias de vigil\u00e2ncia intensiva"},"content":{"rendered":"<p><\/p>\n<div id=\"mvp-content-main\" class=\"left relative\">\n<p data-start=\"240\" data-end=\"681\">O Instituto de Defesa Agropecu\u00e1ria de Mato Grosso (Indea) concluiu na \u00faltima sexta-feira (22) as a\u00e7\u00f5es de enfrentamento, vigil\u00e2ncia e educa\u00e7\u00e3o sanit\u00e1ria em Acorizal, ap\u00f3s a confirma\u00e7\u00e3o da presen\u00e7a do v\u00edrus da Influenza avi\u00e1ria de Alta Patogenicidade (IAAP) em uma propriedade rural com aves de subsist\u00eancia. As atividades foram encerradas ap\u00f3s seis dias de trabalho cont\u00ednuo, per\u00edodo considerado decisivo para a conten\u00e7\u00e3o do foco.<\/p>\n<div id=\"attachment_201998\" style=\"width: 310px\" class=\"wp-caption alignleft\"><img fetchpriority=\"high\" data-recalc-dims=\"1\" decoding=\"async\" aria-describedby=\"caption-attachment-201998\" data-attachment-id=\"201998\" data-permalink=\"https:\/\/opresenterural.com.br\/indea-mt-controla-foco-de-gripe-aviaria-apos-seis-dias-de-vigilancia-intensiva\/encerramento-acorizal-escola-foto-indea-mt\/\" data-orig-file=\"https:\/\/i0.wp.com\/opresenterural.com.br\/wp-content\/uploads\/2026\/01\/encerramento-Acorizal-escola-Foto-Indea-MT.jpeg?fit=1024%2C576&amp;ssl=1\" data-orig-size=\"1024,576\" data-comments-opened=\"0\" data-image-meta=\"{&quot;aperture&quot;:&quot;0&quot;,&quot;credit&quot;:&quot;&quot;,&quot;camera&quot;:&quot;&quot;,&quot;caption&quot;:&quot;&quot;,&quot;created_timestamp&quot;:&quot;0&quot;,&quot;copyright&quot;:&quot;&quot;,&quot;focal_length&quot;:&quot;0&quot;,&quot;iso&quot;:&quot;0&quot;,&quot;shutter_speed&quot;:&quot;0&quot;,&quot;title&quot;:&quot;&quot;,&quot;orientation&quot;:&quot;0&quot;}\" data-image-title=\"encerramento Acorizal escola Foto Indea MT\" data-image-description data-image-caption=\"&lt;p&gt;Foto: Divulga\u00e7\u00e3o\/Indea-MT&lt;\/p&gt;\" data-medium-file=\"https:\/\/i0.wp.com\/opresenterural.com.br\/wp-content\/uploads\/2026\/01\/encerramento-Acorizal-escola-Foto-Indea-MT.jpeg?fit=300%2C169&amp;ssl=1\" data-large-file=\"https:\/\/i0.wp.com\/opresenterural.com.br\/wp-content\/uploads\/2026\/01\/encerramento-Acorizal-escola-Foto-Indea-MT.jpeg?fit=740%2C416&amp;ssl=1\" class=\"size-medium wp-image-201998\" src=\"https:\/\/i0.wp.com\/opresenterural.com.br\/wp-content\/uploads\/2026\/01\/encerramento-Acorizal-escola-Foto-Indea-MT.jpeg?resize=300%2C169&amp;ssl=1\" alt width=\"300\" height=\"169\" srcset=\"https:\/\/i0.wp.com\/opresenterural.com.br\/wp-content\/uploads\/2026\/01\/encerramento-Acorizal-escola-Foto-Indea-MT.jpeg?resize=300%2C169&amp;ssl=1 300w, https:\/\/i0.wp.com\/opresenterural.com.br\/wp-content\/uploads\/2026\/01\/encerramento-Acorizal-escola-Foto-Indea-MT.jpeg?resize=768%2C432&amp;ssl=1 768w, https:\/\/i0.wp.com\/opresenterural.com.br\/wp-content\/uploads\/2026\/01\/encerramento-Acorizal-escola-Foto-Indea-MT.jpeg?resize=600%2C338&amp;ssl=1 600w, https:\/\/i0.wp.com\/opresenterural.com.br\/wp-content\/uploads\/2026\/01\/encerramento-Acorizal-escola-Foto-Indea-MT.jpeg?w=1024&amp;ssl=1 1024w\" sizes=\"(max-width: 300px) 100vw, 300px\"><\/p>\n<p id=\"caption-attachment-201998\" class=\"wp-caption-text\">Foto: Divulga\u00e7\u00e3o\/Indea-MT<\/p>\n<\/div>\n<p data-start=\"683\" data-end=\"952\">A coordena\u00e7\u00e3o das equipes foi instalada na Escola Municipal Am\u00e2ncio Ramos, onde ocorreram as reuni\u00f5es di\u00e1rias de alinhamento e defini\u00e7\u00e3o das estrat\u00e9gias. Na reuni\u00e3o final, os t\u00e9cnicos apresentaram os resultados das medidas adotadas para impedir a dissemina\u00e7\u00e3o do v\u00edrus. Ao todo, foram sanitariamente sacrificadas 339 aves e destru\u00eddos 282 ovos como parte do protocolo de controle da doen\u00e7a.<\/p>\n<p data-start=\"1115\" data-end=\"1332\">As a\u00e7\u00f5es se concentraram em um raio de 10 quil\u00f4metros ao redor da propriedade onde o foco foi confirmado. Nesse per\u00edmetro, 314 propriedades rurais receberam a visita das equipes do Indea, que inspecionaram 7.253 aves.<\/p>\n<p data-start=\"1334\" data-end=\"1891\">Segundo o coordenador de Defesa Sanit\u00e1ria Animal do Indea, Jo\u00e3o Marcelo N\u00e9spoli, o trabalho envolveu n\u00e3o apenas a inspe\u00e7\u00e3o dos animais, mas tamb\u00e9m orienta\u00e7\u00e3o direta aos produtores. \u201cNessas visitas \u00e0s propriedades, que chamamos de vigil\u00e2ncia ativa, realizamos a educa\u00e7\u00e3o sanit\u00e1ria para orientar o produtor a estar atento aos sinais de mortandade de aves e a nos procurar caso desconfie da presen\u00e7a do v\u00edrus da Influenza Avi\u00e1ria nas aves dom\u00e9sticas. Al\u00e9m disso, inspecionamos as aves do local para verificar se alguma apresentava sintomas da doen\u00e7a\u201d, afirmou.<\/p>\n<h3 data-start=\"1893\" data-end=\"1934\">Desinfec\u00e7\u00e3o da \u00e1rea<\/h3>\n<p data-start=\"1936\" data-end=\"2233\">A propriedade rural onde foi identificado o foco passou por limpeza e desinfec\u00e7\u00e3o completas. A barreira sanit\u00e1ria instalada no local j\u00e1 foi<\/p>\n<div id=\"attachment_201999\" style=\"width: 310px\" class=\"wp-caption alignright\"><img data-recalc-dims=\"1\" decoding=\"async\" aria-describedby=\"caption-attachment-201999\" data-attachment-id=\"201999\" data-permalink=\"https:\/\/opresenterural.com.br\/indea-mt-controla-foco-de-gripe-aviaria-apos-seis-dias-de-vigilancia-intensiva\/limpeza-area-acorizal-foco-gripe-aviaria-foto-indea-mt\/\" data-orig-file=\"https:\/\/i0.wp.com\/opresenterural.com.br\/wp-content\/uploads\/2026\/01\/limpeza-area-acorizal-foco-gripe-aviaria-Foto-Indea-MT.jpg?fit=670%2C350&amp;ssl=1\" data-orig-size=\"670,350\" data-comments-opened=\"0\" data-image-meta=\"{&quot;aperture&quot;:&quot;0&quot;,&quot;credit&quot;:&quot;&quot;,&quot;camera&quot;:&quot;&quot;,&quot;caption&quot;:&quot;&quot;,&quot;created_timestamp&quot;:&quot;0&quot;,&quot;copyright&quot;:&quot;&quot;,&quot;focal_length&quot;:&quot;0&quot;,&quot;iso&quot;:&quot;0&quot;,&quot;shutter_speed&quot;:&quot;0&quot;,&quot;title&quot;:&quot;&quot;,&quot;orientation&quot;:&quot;0&quot;}\" data-image-title=\"limpeza \u00e1rea acorizal \u2013 foco gripe avi\u00e1ria \u2013 Foto Indea MT\" data-image-description data-image-caption=\"&lt;p&gt;Foto: Divulga\u00e7\u00e3o\/Indea-MT&lt;\/p&gt;\" data-medium-file=\"https:\/\/i0.wp.com\/opresenterural.com.br\/wp-content\/uploads\/2026\/01\/limpeza-area-acorizal-foco-gripe-aviaria-Foto-Indea-MT.jpg?fit=300%2C157&amp;ssl=1\" data-large-file=\"https:\/\/i0.wp.com\/opresenterural.com.br\/wp-content\/uploads\/2026\/01\/limpeza-area-acorizal-foco-gripe-aviaria-Foto-Indea-MT.jpg?fit=670%2C350&amp;ssl=1\" class=\"size-medium wp-image-201999\" src=\"https:\/\/i0.wp.com\/opresenterural.com.br\/wp-content\/uploads\/2026\/01\/limpeza-area-acorizal-foco-gripe-aviaria-Foto-Indea-MT.jpg?resize=300%2C157&amp;ssl=1\" alt width=\"300\" height=\"157\" srcset=\"https:\/\/i0.wp.com\/opresenterural.com.br\/wp-content\/uploads\/2026\/01\/limpeza-area-acorizal-foco-gripe-aviaria-Foto-Indea-MT.jpg?resize=300%2C157&amp;ssl=1 300w, https:\/\/i0.wp.com\/opresenterural.com.br\/wp-content\/uploads\/2026\/01\/limpeza-area-acorizal-foco-gripe-aviaria-Foto-Indea-MT.jpg?resize=600%2C313&amp;ssl=1 600w, https:\/\/i0.wp.com\/opresenterural.com.br\/wp-content\/uploads\/2026\/01\/limpeza-area-acorizal-foco-gripe-aviaria-Foto-Indea-MT.jpg?w=670&amp;ssl=1 670w\" sizes=\"(max-width: 300px) 100vw, 300px\"><\/p>\n<p id=\"caption-attachment-201999\" class=\"wp-caption-text\">Foto: Divulga\u00e7\u00e3o\/Indea-MT<\/p>\n<\/div>\n<p data-start=\"1936\" data-end=\"2233\">desmontada, e a \u00e1rea entrou em vazio sanit\u00e1rio por 45 dias, per\u00edodo durante o qual fica proibida a perman\u00eancia de aves, conforme prev\u00ea o protocolo sanit\u00e1rio.<\/p>\n<h3 data-start=\"2235\" data-end=\"2261\">Mobiliza\u00e7\u00e3o de equipes<\/h3>\n<p data-start=\"2263\" data-end=\"2574\">Os trabalhos envolveram uma estrutura ampla de pessoal. Foram mobilizadas 10 equipes para vigil\u00e2ncia ativa, uma equipe dedicada \u00e0 barreira sanit\u00e1ria, outra para atua\u00e7\u00e3o direta no foco e uma equipe de coordena\u00e7\u00e3o. No total, participaram 31 servidores do Indea, sendo 15 m\u00e9dicos-veterin\u00e1rios e 16 agentes fiscais.<\/p>\n<p data-start=\"2576\" data-end=\"2906\">As a\u00e7\u00f5es tamb\u00e9m contaram com o apoio de dois m\u00e9dicos-veterin\u00e1rios do Minist\u00e9rio da Agricultura e Pecu\u00e1ria (Mapa) e de policiais militares. Durante os seis dias de trabalho ininterrupto, foram acionados servidores das unidades de Cuiab\u00e1, Lucas do Rio Verde, Pontes e Lacerda, C\u00e1ceres, Rondon\u00f3polis e Barra do Bugres.<\/p>\n<div id=\"attachment_201997\" style=\"width: 310px\" class=\"wp-caption alignleft\"><img loading=\"lazy\" data-recalc-dims=\"1\" decoding=\"async\" aria-describedby=\"caption-attachment-201997\" data-attachment-id=\"201997\" data-permalink=\"https:\/\/opresenterural.com.br\/indea-mt-controla-foco-de-gripe-aviaria-apos-seis-dias-de-vigilancia-intensiva\/eduacacao-sanitaria-em-acorizal-foco-gripe-aviaria-foto-indea-mt\/\" data-orig-file=\"https:\/\/i0.wp.com\/opresenterural.com.br\/wp-content\/uploads\/2026\/01\/Eduacacao-sanitaria-em-Acorizal-foco-gripe-aviaria-Foto-Indea-MT.jpg?fit=1024%2C768&amp;ssl=1\" data-orig-size=\"1024,768\" data-comments-opened=\"0\" data-image-meta=\"{&quot;aperture&quot;:&quot;0&quot;,&quot;credit&quot;:&quot;&quot;,&quot;camera&quot;:&quot;&quot;,&quot;caption&quot;:&quot;&quot;,&quot;created_timestamp&quot;:&quot;0&quot;,&quot;copyright&quot;:&quot;&quot;,&quot;focal_length&quot;:&quot;0&quot;,&quot;iso&quot;:&quot;0&quot;,&quot;shutter_speed&quot;:&quot;0&quot;,&quot;title&quot;:&quot;&quot;,&quot;orientation&quot;:&quot;0&quot;}\" data-image-title=\"Eduaca\u00e7\u00e3o sanit\u00e1ria em Acorizal \u2013 foco gripe avi\u00e1ria \u2013 Foto Indea MT\" data-image-description data-image-caption =\"&lt;p&gt;Foto: Divulga\u00e7\u00e3o\/Indea-MT&lt;\/p&gt;\" data-medium-file=\"https:\/\/i0.wp.com\/opresenterural.com.br\/wp-content\/uploads\/2026\/01\/Eduacacao-sanitaria-em-Acorizal-foco-gripe-aviaria-Foto-Indea-MT.jpg?fit=300%2C225&amp;ssl=1\" data-large-file=\"https:\/\/i0.wp.com\/opresenterural.com.br\/wp-content\/uploads\/2026\/01\/Eduacacao-sanitaria-em-Acorizal-foco-gripe-aviaria-Foto-Indea-MT.jpg?fit=740%2C555&amp;ssl=1\" class=\"size-medium wp-image-201997\" src=\"https:\/\/i0.wp.com\/opresenterural.com.br\/wp-content\/uploads\/2026\/01\/Eduacacao-sanitaria-em-Acorizal-foco-gripe-aviaria-Foto-Indea-MT.jpg?resize=300%2C225&amp;ssl=1\" alt width =\"300\" height=\"225\" srcset=\"https:\/\/i0.wp.com\/opresenterural.com.br\/wp-content\/uploads\/2026\/01\/Eduacacao-sanitaria-em-Acorizal-foco-gripe-aviaria-Foto-Indea-MT.jpg?resize=300%2C225&amp;ssl=1 300w, https:\/\/i0.wp.com\/opresenterural.com.br\/wp-content\/uploads\/2026\/01\/Eduacacao-sanitaria-em-Acorizal-foco-gripe-aviaria-Foto-Indea-MT.jpg?resize=768%2C576&amp;ssl=1 768w, https:\/\/i0.wp.com\/opresenterural.com.br\/wp-content\/uploads\/2026\/01\/Eduacacao-sanitaria-em-Acorizal-foco-gripe-aviaria-Foto-Indea-MT.jpg?resize=600%2C450&amp;ssl=1 600w, https:\/\/i0.wp.com\/opresenterural.com.br\/wp-content\/uploads\/2026\/01\/Eduacacao-sanitaria-em-Acorizal-foco-gripe-aviaria-Foto-Indea-MT.jpg?w=1024&amp;ssl=1 1024w\" sizes=\"auto, (max-width: 300px) 100vw, 300px\"><\/p>\n<p id=\"caption-attachment-201997\" class=\"wp-caption-text\">Foto: Divulga\u00e7\u00e3o\/Indea-MT<\/p>\n<\/div>\n<h3 data-start=\"2908\" data-end=\"2945\">Resposta r\u00e1pida ao alerta federal<\/h3>\n<p data-start=\"2947\" data-end=\"3335\">A conclus\u00e3o das a\u00e7\u00f5es em apenas seis dias \u00e9 apontada pelo Indea como indicativo da capacidade t\u00e9cnica do Estado para lidar com eventos sanit\u00e1rios dessa natureza. O protocolo \u00e9 acionado assim que o Mapa confirma o diagn\u00f3stico da doen\u00e7a, realizado pelo Laborat\u00f3rio Federal de Defesa Agropecu\u00e1ria (LFDA), em Campinas (SP), refer\u00eancia nacional para a an\u00e1lise laboratorial de amostras de aves.<\/p>\n<p data-start=\"3337\" data-end=\"3649\">Ap\u00f3s a confirma\u00e7\u00e3o, o Mapa emite alerta ao Estado para ado\u00e7\u00e3o imediata das medidas emergenciais e comunica a Organiza\u00e7\u00e3o Mundial de Sa\u00fade Animal (OMSA) sobre a ocorr\u00eancia da doen\u00e7a no territ\u00f3rio nacional. A partir desse aviso, cabe ao \u00f3rg\u00e3o estadual de defesa sanit\u00e1ria executar e encerrar as a\u00e7\u00f5es de conten\u00e7\u00e3o.<\/p>\n<h3 data-start=\"3651\" data-end=\"3695\">Origem dos focos em aves de subsist\u00eancia<\/h3>\n<p data-start=\"3697\" data-end=\"4023\">De acordo com o Indea, os tr\u00eas casos de gripe avi\u00e1ria em aves de subsist\u00eancia registrados em Mato Grosso nos \u00faltimos seis meses \u2014 em Campin\u00e1polis, Cuiab\u00e1 e Acorizal, tiveram a mesma origem. Em todos, a introdu\u00e7\u00e3o do v\u00edrus ocorreu por meio do contato com aves silvestres, especialmente patos selvagens conhecidos como paturis.<\/p>\n<p data-start=\"4025\" data-end=\"4278\" data-is-last-node data-is-only-node>As investiga\u00e7\u00f5es apontaram a presen\u00e7a de lagoas e \u00e1reas alagadas nas proximidades das propriedades, utilizadas como pontos de parada por aves silvestres infectadas. O contato dessas aves com cria\u00e7\u00f5es dom\u00e9sticas acabou favorecendo a transmiss\u00e3o do v\u00edrus.<\/p>\n<\/div>\n<h6><em>THE <strong>Bela Cereais<\/strong> works with the best grains on the market in the Central West Region and also keeps you up to date with the latest news and analyses on agribusiness.<br \/>\nDon&#039;t forget to follow our social networks.<\/em><\/h6>\n<p><a href=\"https:\/\/opresenterural.com.br\/indea-mt-controla-foco-de-gripe-aviaria-apos-seis-dias-de-vigilancia-intensiva\/\" target=\"_blank\" rel=\"noopener\">Access News Source <\/a><\/p>","protected":false},"excerpt":{"rendered":"<p>O Instituto de Defesa Agropecu\u00e1ria de Mato Grosso (Indea) concluiu na \u00faltima sexta-feira (22) as&hellip;<\/p>","protected":false},"author":1,"featured_media":26704,"comment_status":"","ping_status":"","sticky":false,"template":"","format":"standard","meta":{"footnotes":""},"categories":[90],"tags":[],"class_list":["post-26703","post","type-post","status-publish","format-standard","has-post-thumbnail","hentry","category-centro-oeste"],"_links":{"self":[{"href":"https:\/\/belacereais.com.br\/en\/wp-json\/wp\/v2\/posts\/26703","targetHints":{"allow":["GET"]}}],"collection":[{"href":"https:\/\/belacereais.com.br\/en\/wp-json\/wp\/v2\/posts"}],"about":[{"href":"https:\/\/belacereais.com.br\/en\/wp-json\/wp\/v2\/types\/post"}],"author":[{"embeddable":true,"href":"https:\/\/belacereais.com.br\/en\/wp-json\/wp\/v2\/users\/1"}],"replies":[{"embeddable":true,"href":"https:\/\/belacereais.com.br\/en\/wp-json\/wp\/v2\/comments?post=26703"}],"version-history":[{"count":0,"href":"https:\/\/belacereais.com.br\/en\/wp-json\/wp\/v2\/posts\/26703\/revisions"}],"wp:featuredmedia":[{"embeddable":true,"href":"https:\/\/belacereais.com.br\/en\/wp-json\/wp\/v2\/media\/26704"}],"wp:attachment":[{"href":"https:\/\/belacereais.com.br\/en\/wp-json\/wp\/v2\/media?parent=26703"}],"wp:term":[{"taxonomy":"category","embeddable":true,"href":"https:\/\/belacereais.com.br\/en\/wp-json\/wp\/v2\/categories?post=26703"},{"taxonomy":"post_tag","embeddable":true,"href":"https:\/\/belacereais.com.br\/en\/wp-json\/wp\/v2\/tags?post=26703"}],"curies":[{"name":"wp","href":"https:\/\/api.w.org\/{rel}","templated":true}]}}