{"id":26705,"date":"2026-01-27T16:49:53","date_gmt":"2026-01-27T20:49:53","guid":{"rendered":"https:\/\/belacereais.com.br\/2026\/milho\/mesmo-com-altas-temperaturas-e-chuvas-irregulares-soja-e-milho-avancam-no-parana\/"},"modified":"2026-01-27T16:49:53","modified_gmt":"2026-01-27T20:49:53","slug":"mesmo-com-altas-temperaturas-e-chuvas-irregulares-soja-e-milho-avancam-no-parana","status":"publish","type":"post","link":"https:\/\/belacereais.com.br\/en\/2026\/milho\/mesmo-com-altas-temperaturas-e-chuvas-irregulares-soja-e-milho-avancam-no-parana\/","title":{"rendered":"Mesmo com altas temperaturas e chuvas irregulares, soja e milho avan\u00e7am no Paran\u00e1"},"content":{"rendered":"<p><\/p>\n<div id=\"mvp-content-main\" class=\"left relative\">\n<p>O boletim semanal de Condi\u00e7\u00f5es de Tempo e Cultivo do Departamento de Economia Rural (Deral), referente ao per\u00edodo de 20 a 26 de janeiro, aponta um cen\u00e1rio clim\u00e1tico marcado por calor intenso, varia\u00e7\u00e3o regional das temperaturas e ocorr\u00eancia de chuvas irregulares, fatores que influenciaram diretamente o desenvolvimento das lavouras da safra 2025\/26 em todo o Estado.<\/p>\n<div id=\"attachment_202024\" style=\"width: 310px\" class=\"wp-caption alignleft\"><img fetchpriority=\"high\" data-recalc-dims=\"1\" decoding=\"async\" aria-describedby=\"caption-attachment-202024\" data-attachment-id=\"202024\" data-permalink=\"https:\/\/opresenterural.com.br\/mesmo-com-altas-temperaturas-e-chuvas-irregulares-soja-e-milho-avancam-no-parana\/plantacao-de-milho-espiga-fotojaelson-lucas-aen-2\/\" data-orig-file=\"https:\/\/i0.wp.com\/opresenterural.com.br\/wp-content\/uploads\/2026\/01\/Milho-seco-Foto-Jaelson-Lucas-AEN.jpg?fit=1400%2C933&amp;ssl=1\" data-orig-size=\"1400,933\" data-comments-opened=\"0\" data-image-meta=\"{&quot;aperture&quot;:&quot;22&quot;,&quot;credit&quot;:&quot;Jaelson Lucas\\\/Arquivo AEN&quot;,&quot;camera&quot;:&quot;Canon EOS 5D Mark III&quot;,&quot;caption&quot;:&quot;Planta\\u00e7\\u00e3o de milho. espiga. Foto:Jaelson Lucas \\\/ AEN&quot;,&quot;created_timestamp&quot;:&quot;1583160604&quot;,&quot;copyright&quot;:&quot;&quot;,&quot;focal_length&quot;:&quot;24&quot;,&quot;iso&quot;:&quot;500&quot;,&quot;shutter_speed&quot;:&quot;0.008&quot;,&quot;title&quot;:&quot;Planta\\u00e7\\u00e3o de milho. espiga. Foto:Jaelson Lucas \\\/ AEN&quot;,&quot;orientation&quot;:&quot;1&quot;}\" data-image-title=\"espiga de milho\" data-image-description data-image-caption=\"&lt;p&gt;Foto: Jaelson Lucas\/AEN&lt;\/p&gt;\" data-medium-file=\"https:\/\/i0.wp.com\/opresenterural.com.br\/wp-content\/uploads\/2026\/01\/Milho-seco-Foto-Jaelson-Lucas-AEN.jpg?fit=300%2C200&amp;ssl=1\" data-large-file=\"https:\/\/i0.wp.com\/opresenterural.com.br\/wp-content\/uploads\/2026\/01\/Milho-seco-Foto-Jaelson-Lucas-AEN.jpg?fit=740%2C493&amp;ssl=1\" class=\"size-medium wp-image-202024\" src=\"https:\/\/i0.wp.com\/opresenterural.com.br\/wp-content\/uploads\/2026\/01\/Milho-seco-Foto-Jaelson-Lucas-AEN.jpg?resize=300%2C200&amp;ssl=1\" alt width=\"300\" height=\"200\" srcset=\"https:\/\/i0.wp.com\/opresenterural.com.br\/wp-content\/uploads\/2026\/01\/Milho-seco-Foto-Jaelson-Lucas-AEN.jpg?resize=300%2C200&amp;ssl=1 300w, https:\/\/i0.wp.com\/opresenterural.com.br\/wp-content\/uploads\/2026\/01\/Milho-seco-Foto-Jaelson-Lucas-AEN.jpg?resize=1024%2C682&amp;ssl=1 1024w, https:\/\/i0.wp.com\/opresenterural.com.br\/wp-content\/uploads\/2026\/01\/Milho-seco-Foto-Jaelson-Lucas-AEN.jpg?resize=768%2C512&amp;ssl=1 768w, https:\/\/i0.wp.com\/opresenterural.com.br\/wp-content\/uploads\/2026\/01\/Milho-seco-Foto-Jaelson-Lucas-AEN.jpg?resize=600%2C400&amp;ssl=1 600w, https:\/\/i0.wp.com\/opresenterural.com.br\/wp-content\/uploads\/2026\/01\/Milho-seco-Foto-Jaelson-Lucas-AEN.jpg?w=1400&amp;ssl=1 1400w\" sizes=\"(max-width: 300px) 100vw, 300px\"><\/p>\n<p id=\"caption-attachment-202024\" class=\"wp-caption-text\">Photo: Jaelson Lucas\/AEN<\/p>\n<\/div>\n<p>As informa\u00e7\u00f5es clim\u00e1ticas s\u00e3o baseadas nos dados do Simepar (Sistema de Tecnologia e Monitoramento Ambiental do Paran\u00e1). O Deral \u00e9 vinculado \u00e0 Secretaria de Estado da Agricultura e do Abastecimento (Seab).\u00a0Segundo o relat\u00f3rio, nos dias 20 e 21 de janeiro as regi\u00f5es Oeste, Sudoeste e Noroeste registraram eleva\u00e7\u00e3o das temperaturas, enquanto o Leste e o Centro-sul tiveram maior nebulosidade e clima mais ameno.<\/p>\n<p>Entre os dias 22 e 24, o tempo permaneceu quente e relativamente est\u00e1vel, com sol entre nuvens e pouca chuva entre a Regi\u00e3o Metropolitana de Curitiba e o Litoral. J\u00e1 no dia 25, o Interior manteve temperaturas elevadas, com pancadas fracas e aumento do risco de inc\u00eandios florestais, enquanto no dia 26 o forte aquecimento favoreceu a ocorr\u00eancia de chuvas t\u00edpicas de ver\u00e3o no per\u00edodo da tarde.<\/p>\n<p>Nesse cen\u00e1rio, a soja da primeira safra apresenta 89% das \u00e1reas em boas condi\u00e7\u00f5es, com predom\u00ednio das fases de frutifica\u00e7\u00e3o, enchimento<\/p>\n<div id=\"attachment_200905\" style=\"width: 310px\" class=\"wp-caption alignright\"><img data-recalc-dims=\"1\" decoding=\"async\" aria-describedby=\"caption-attachment-200905\" data-attachment-id=\"200905\" data-permalink=\"https:\/\/opresenterural.com.br\/florescimento-da-soja-define-potencial-produtivo-da-lavoura\/floriscimento-da-soja\/\" data-orig-file=\"https:\/\/i0.wp.com\/opresenterural.com.br\/wp-content\/uploads\/2026\/01\/floriscimento-da-soja.jpg?fit=850%2C638&amp;ssl=1\" data-orig-size=\"850,638\" data-comments-opened=\"0\" data-image-meta=\"{&quot;aperture&quot;:&quot;0&quot;,&quot;credit&quot;:&quot;&quot;,&quot;camera&quot;:&quot;&quot;,&quot;caption&quot;:&quot;&quot;,&quot;created_timestamp&quot;:&quot;0&quot;,&quot;copyright&quot;:&quot;&quot;,&quot;focal_length&quot;:&quot;0&quot;,&quot;iso&quot;:&quot;0&quot;,&quot;shutter_speed&quot;:&quot;0&quot;,&quot;title&quot;:&quot;&quot;,&quot;orientation&quot;:&quot;0&quot;}\" data-image-title=\"floriscimento da soja\" data-image-description data-image-caption=\"&lt;p&gt;Foto: Divulga\u00e7\u00e3o&lt;\/p&gt;\" data-medium-file=\"https:\/\/i0.wp.com\/opresenterural.com.br\/wp-content\/uploads\/2026\/01\/floriscimento-da-soja.jpg?fit=300%2C225&amp;ssl=1\" data-large-file=\"https:\/\/i0.wp.com\/opresenterural.com.br\/wp-content\/uploads\/2026\/01\/floriscimento-da-soja.jpg?fit=740%2C555&amp;ssl=1\" class=\"size-medium wp-image-200905\" src=\"https:\/\/i0.wp.com\/opresenterural.com.br\/wp-content\/uploads\/2026\/01\/floriscimento-da-soja.jpg?resize=300%2C225&amp;ssl=1\" alt width=\"300\" height=\"225\" srcset=\"https:\/\/i0.wp.com\/opresenterural.com.br\/wp-content\/uploads\/2026\/01\/floriscimento-da-soja.jpg?resize=300%2C225&amp;ssl=1 300w, https:\/\/i0.wp.com\/opresenterural.com.br\/wp-content\/uploads\/2026\/01\/floriscimento-da-soja.jpg?resize=768%2C576&amp;ssl=1 768w, https:\/\/i0.wp.com\/opresenterural.com.br\/wp-content\/uploads\/2026\/01\/floriscimento-da-soja.jpg?resize=600%2C450&amp;ssl=1 600w, https:\/\/i0.wp.com\/opresenterural.com.br\/wp-content\/uploads\/2026\/01\/floriscimento-da-soja.jpg?w=850&amp;ssl=1 850w\" sizes=\"(max-width: 300px) 100vw, 300px\"><\/p>\n<p id=\"caption-attachment-200905\" class=\"wp-caption-text\">Photo: Disclosure<\/p>\n<\/div>\n<p>de gr\u00e3os e in\u00edcio de matura\u00e7\u00e3o. Ainda conforme o boletim, apesar do bom desenvolvimento em diversas regi\u00f5es, h\u00e1 contrastes clim\u00e1ticos significativos: enquanto a umidade do solo sustentou o crescimento em algumas \u00e1reas, a estiagem e as altas temperaturas provocaram estresse h\u00eddrico em outras, especialmente em solos mais leves, com poss\u00edvel redu\u00e7\u00e3o do potencial produtivo. A colheita iniciou de forma pontual e deve se intensificar nas pr\u00f3ximas semanas.<\/p>\n<p>J\u00e1 o milho da primeira safra encontra-se majoritariamente nas fases finais de enchimento de gr\u00e3os e matura\u00e7\u00e3o, apresentando bom aspecto geral das lavouras. Em algumas regi\u00f5es, o ciclo foi alongado em fun\u00e7\u00e3o das condi\u00e7\u00f5es clim\u00e1ticas, o que tem retardado o in\u00edcio da colheita, mas as perspectivas seguem positivas.<\/p>\n<p>O plantio do milho de segunda safra avan\u00e7a conforme a libera\u00e7\u00e3o das \u00e1reas e a disponibilidade de umidade no solo. O feij\u00e3o da primeira safra est\u00e1 com a colheita em fase final ou j\u00e1 encerrada em parte do Estado, com resultados vari\u00e1veis e impacto dos pre\u00e7os sobre a rentabilidade dos produtores.<\/p>\n<p>Entre outras culturas acompanhadas pelo Deral, a batata da primeira safra avan\u00e7a para o fim da colheita, com boa qualidade dos tub\u00e9rculos, por\u00e9m enfrenta dificuldades de comercializa\u00e7\u00e3o devido \u00e0 ampla oferta no mercado. A cana-de-a\u00e7\u00facar segue em pleno desenvolvimento vegetativo, enquanto a mandioca mant\u00e9m colheita cont\u00ednua, impulsionada pelo retorno das ind\u00fastrias, apesar dos pre\u00e7os considerados baixos.<\/p>\n<p>A fruticultura apresenta colheita ativa e qualidade satisfat\u00f3ria, e as pastagens seguem com bom volume de massa verde, refletindo as condi\u00e7\u00f5es favor\u00e1veis de temperatura e umidade observadas no per\u00edodo.<\/p>\n<\/div>\n<h6><em>THE <strong>Bela Cereais<\/strong> works with the best grains on the market and also keeps you up to date with the latest news and analyses on agribusiness.<br \/>\nDon&#039;t forget to follow our social networks.<\/em><\/h6>\n<p><a href=\"https:\/\/opresenterural.com.br\/mesmo-com-altas-temperaturas-e-chuvas-irregulares-soja-e-milho-avancam-no-parana\/\" target=\"_blank\" rel=\"noopener\">Access News Source <\/a><\/p>","protected":false},"excerpt":{"rendered":"<p>O boletim semanal de Condi\u00e7\u00f5es de Tempo e Cultivo do Departamento de Economia Rural (Deral),&hellip;<\/p>","protected":false},"author":1,"featured_media":26706,"comment_status":"","ping_status":"","sticky":false,"template":"","format":"standard","meta":{"footnotes":""},"categories":[223],"tags":[],"class_list":["post-26705","post","type-post","status-publish","format-standard","has-post-thumbnail","hentry","category-milho"],"_links":{"self":[{"href":"https:\/\/belacereais.com.br\/en\/wp-json\/wp\/v2\/posts\/26705","targetHints":{"allow":["GET"]}}],"collection":[{"href":"https:\/\/belacereais.com.br\/en\/wp-json\/wp\/v2\/posts"}],"about":[{"href":"https:\/\/belacereais.com.br\/en\/wp-json\/wp\/v2\/types\/post"}],"author":[{"embeddable":true,"href":"https:\/\/belacereais.com.br\/en\/wp-json\/wp\/v2\/users\/1"}],"replies":[{"embeddable":true,"href":"https:\/\/belacereais.com.br\/en\/wp-json\/wp\/v2\/comments?post=26705"}],"version-history":[{"count":0,"href":"https:\/\/belacereais.com.br\/en\/wp-json\/wp\/v2\/posts\/26705\/revisions"}],"wp:featuredmedia":[{"embeddable":true,"href":"https:\/\/belacereais.com.br\/en\/wp-json\/wp\/v2\/media\/26706"}],"wp:attachment":[{"href":"https:\/\/belacereais.com.br\/en\/wp-json\/wp\/v2\/media?parent=26705"}],"wp:term":[{"taxonomy":"category","embeddable":true,"href":"https:\/\/belacereais.com.br\/en\/wp-json\/wp\/v2\/categories?post=26705"},{"taxonomy":"post_tag","embeddable":true,"href":"https:\/\/belacereais.com.br\/en\/wp-json\/wp\/v2\/tags?post=26705"}],"curies":[{"name":"wp","href":"https:\/\/api.w.org\/{rel}","templated":true}]}}