{"id":26707,"date":"2026-01-27T16:53:12","date_gmt":"2026-01-27T20:53:12","guid":{"rendered":"https:\/\/belacereais.com.br\/2026\/centro-oeste\/sojicultores-de-mato-grosso-tem-ate-15-de-fevereiro-para-cadastro-obrigatorio-no-indea\/"},"modified":"2026-01-27T16:53:12","modified_gmt":"2026-01-27T20:53:12","slug":"sojicultores-de-mato-grosso-tem-ate-15-de-fevereiro-para-cadastro-obrigatorio-no-indea","status":"publish","type":"post","link":"https:\/\/belacereais.com.br\/en\/2026\/centro-oeste\/sojicultores-de-mato-grosso-tem-ate-15-de-fevereiro-para-cadastro-obrigatorio-no-indea\/","title":{"rendered":"Sojicultores de Mato Grosso t\u00eam at\u00e9 15 de fevereiro para cadastro obrigat\u00f3rio no Indea"},"content":{"rendered":"<p><\/p>\n<div id=\"mvp-content-main\" class=\"left relative\">\n<p>Os produtores de soja de Mato Grosso t\u00eam at\u00e9 15 de fevereiro para realizar o cadastramento obrigat\u00f3rio das unidades de produ\u00e7\u00e3o junto ao Instituto de Defesa Agropecu\u00e1ria do Estado (Indea). A exig\u00eancia vale para toda a \u00e1rea cultivada no Estado e \u00e9 considerada estrat\u00e9gica para o monitoramento sanit\u00e1rio, o planejamento agr\u00edcola e a transpar\u00eancia das informa\u00e7\u00f5es sobre a safra.<\/p>\n<div id=\"attachment_198639\" style=\"width: 310px\" class=\"wp-caption alignleft\"><img fetchpriority=\"high\" data-recalc-dims=\"1\" decoding=\"async\" aria-describedby=\"caption-attachment-198639\" data-attachment-id=\"198639\" data-permalink=\"https:\/\/opresenterural.com.br\/como-a-selecao-adequada-do-tamanho-de-gotas-reduz-perdas-e-aumenta-a-seguranca-da-aplicacao-de-defensivos\/open-soybean-field-at-sunset-soybean-field\/\" data-orig-file=\"https:\/\/i0.wp.com\/opresenterural.com.br\/wp-content\/uploads\/2025\/12\/campo-de-soja-aberto-ao-por-sol-campo-de-soja-1-.jpg?fit=1400%2C935&amp;ssl=1\" data-orig-size=\"1400,935\" data-comments-opened=\"0\" data-image-meta=\"{&quot;aperture&quot;:&quot;0&quot;,&quot;credit&quot;:&quot;&quot;,&quot;camera&quot;:&quot;&quot;,&quot;caption&quot;:&quot;Open soybean field at sunset.Soybean field .&quot;,&quot;created_timestamp&quot;:&quot;0&quot;,&quot;copyright&quot;:&quot;&quot;,&quot;focal_length&quot;:&quot;0&quot;,&quot;iso&quot;:&quot;0&quot;,&quot;shutter_speed&quot;:&quot;0&quot;,&quot;title&quot;:&quot;Open soybean field at sunset.Soybean field .&quot;,&quot;orientation&quot;:&quot;0&quot;}\" data-image-title=\"Soja verde\" data-image-description data-image-caption=\"&lt;p&gt;Foto: Divulga\u00e7\u00e3o &lt;\/p&gt;\" data-medium-file=\"https:\/\/i0.wp.com\/opresenterural.com.br\/wp-content\/uploads\/2025\/12\/campo-de-soja-aberto-ao-por-sol-campo-de-soja-1-.jpg?fit=300%2C200&amp;ssl=1\" data-large-file=\"https:\/\/i0.wp.com\/opresenterural.com.br\/wp-content\/uploads\/2025\/12\/campo-de-soja-aberto-ao-por-sol-campo-de-soja-1-.jpg?fit=740%2C494&amp;ssl=1\" class=\"size-medium wp-image-198639\" src=\"https:\/\/i0.wp.com\/opresenterural.com.br\/wp-content\/uploads\/2025\/12\/campo-de-soja-aberto-ao-por-sol-campo-de-soja-1-.jpg?resize=300%2C200&amp;ssl=1\" alt width=\"300\" height=\"200\" srcset=\"https:\/\/i0.wp.com\/opresenterural.com.br\/wp-content\/uploads\/2025\/12\/campo-de-soja-aberto-ao-por-sol-campo-de-soja-1-.jpg?resize=300%2C200&amp;ssl=1 300w, https:\/\/i0.wp.com\/opresenterural.com.br\/wp-content\/uploads\/2025\/12\/campo-de-soja-aberto-ao-por-sol-campo-de-soja-1-.jpg?resize=1024%2C684&amp;ssl=1 1024w, https:\/\/i0.wp.com\/opresenterural.com.br\/wp-content\/uploads\/2025\/12\/campo-de-soja-aberto-ao-por-sol-campo-de-soja-1-.jpg?resize=768%2C513&amp;ssl=1 768w, https:\/\/i0.wp.com\/opresenterural.com.br\/wp-content\/uploads\/2025\/12\/campo-de-soja-aberto-ao-por-sol-campo-de-soja-1-.jpg?resize=600%2C401&amp;ssl=1 600w, https:\/\/i0.wp.com\/opresenterural.com.br\/wp-content\/uploads\/2025\/12\/campo-de-soja-aberto-ao-por-sol-campo-de-soja-1-.jpg?w=1400&amp;ssl=1 1400w\" sizes=\"(max-width: 300px) 100vw, 300px\"><\/p>\n<p id=\"caption-attachment-198639\" class=\"wp-caption-text\">Photo: Disclosure<\/p>\n<\/div>\n<p>O registro deve ser feito preferencialmente pela internet, por meio do <a href=\"https:\/\/sistemas.indea.mt.gov.br\/SISDEV\/\" target=\"_blank\" rel=\"noopener\">Sistema de Defesa Sanit\u00e1ria Vegetal<\/a> (Sisdev). Al\u00e9m do canal digital, os sojicultores podem buscar atendimento presencial em uma das 141 unidades do Indea espalhadas pelo Estado ou recorrer ao suporte oferecido pelas unidades regionais via <a href=\"https:\/\/www.indea.mt.gov.br\/unidades-locais-de-execucao\" target=\"_blank\" rel=\"noopener\">WhatsApp<\/a>, alternativa adotada para ampliar o alcance do servi\u00e7o.<\/p>\n<p>No momento do cadastramento, o produtor precisa informar dados como \u00e1rea total plantada, localiza\u00e7\u00e3o geogr\u00e1fica, cultivar utilizada e outras informa\u00e7\u00f5es t\u00e9cnicas da lavoura. O descumprimento do prazo legal sujeita o sojicultor \u00e0 aplica\u00e7\u00e3o de multa de 10 Unidades Padr\u00e3o Fiscal (UPFs), o equivalente a R$ 2.543,60, considerando o valor da UPF em janeiro.<\/p>\n<p>Na safra 2024\/2025, o Indea registrou 16.319 unidades de produ\u00e7\u00e3o de soja, pertencentes a 8.993 produtores, que somaram mais de 11,3 milh\u00f5es de hectares cultivados no Estado. Esses dados s\u00e3o de acesso p\u00fablico e podem ser consultados pelo cidad\u00e3o no portal do instituto, por meio do link <a href=\"https:\/\/www.indea.mt.gov.br\/web\/INDEA\/servicos?c=6098839&amp;e=23027238\" target=\"_blank\" rel=\"noopener\">\u00c1reas de Plantio por Safra<\/a>.<\/p>\n<p>At\u00e9 segunda-feira (26), o \u00f3rg\u00e3o estadual j\u00e1 havia contabilizado 8.175 unidades de produ\u00e7\u00e3o cadastradas, o que corresponde a<\/p>\n<div id=\"attachment_184585\" style=\"width: 310px\" class=\"wp-caption alignright\"><img data-recalc-dims=\"1\" decoding=\"async\" aria-describedby=\"caption-attachment-184585\" data-attachment-id=\"184585\" data-permalink=\"https:\/\/opresenterural.com.br\/cbsoja-e-mercosoja-2025-celebram-100-anos-da-soja-no-brasil-e-tracam-os-rumos-da-cultura-para-as-proximas-geracoes\/closeupsoybeanleavesonasoybeanfarmplantation-3\/\" data-orig-file=\"https:\/\/i0.wp.com\/opresenterural.com.br\/wp-content\/uploads\/2025\/06\/shutterstock_2342822935.jpg?fit=1400%2C933&amp;ssl=1\" data-orig-size=\"1400,933\" data-comments-opened=\"0\" data-image-meta=\"{&quot;aperture&quot;:&quot;0&quot;,&quot;credit&quot;:&quot;Shutterstock&quot;,&quot;camera&quot;:&quot;&quot;,&quot;caption&quot;:&quot;&quot;,&quot;created_timestamp&quot;:&quot;0&quot;,&quot;copyright&quot;:&quot;Copyright (c) 2023 Volodymyr_Shtun\\\/Shutterstock.  No use without permission.&quot;,&quot;focal_length&quot;:&quot;0&quot;,&quot;iso&quot;:&quot;0&quot;,&quot;shutter_speed&quot;:&quot;0&quot;,&quot;title&quot;:&quot;Close,Up,Soy,Bean,Leaves,On,A,Soybean,Farm,Plantation.&quot;,&quot;orientation&quot;:&quot;1&quot;}\" data-image-title=\"soja\" data-image-description data-image-caption=\"&lt;p&gt;Foto: Shutterstock&lt;\/p&gt;\" data-medium-file=\"https:\/\/i0.wp.com\/opresenterural.com.br\/wp-content\/uploads\/2025\/06\/shutterstock_2342822935.jpg?fit=300%2C200&amp;ssl=1\" data-large-file=\"https:\/\/i0.wp.com\/opresenterural.com.br\/wp-content\/uploads\/2025\/06\/shutterstock_2342822935.jpg?fit=740%2C493&amp;ssl=1\" class=\"size-medium wp-image-184585\" src=\"https:\/\/i0.wp.com\/opresenterural.com.br\/wp-content\/uploads\/2025\/06\/shutterstock_2342822935.jpg?resize=300%2C200&amp;ssl=1\" alt width=\"300\" height=\"200\" srcset=\"https:\/\/i0.wp.com\/opresenterural.com.br\/wp-content\/uploads\/2025\/06\/shutterstock_2342822935.jpg?resize=300%2C200&amp;ssl=1 300w, https:\/\/i0.wp.com\/opresenterural.com.br\/wp-content\/uploads\/2025\/06\/shutterstock_2342822935.jpg?resize=1024%2C682&amp;ssl=1 1024w, https:\/\/i0.wp.com\/opresenterural.com.br\/wp-content\/uploads\/2025\/06\/shutterstock_2342822935.jpg?resize=768%2C512&amp;ssl=1 768w, https:\/\/i0.wp.com\/opresenterural.com.br\/wp-content\/uploads\/2025\/06\/shutterstock_2342822935.jpg?resize=600%2C400&amp;ssl=1 600w, https:\/\/i0.wp.com\/opresenterural.com.br\/wp-content\/uploads\/2025\/06\/shutterstock_2342822935.jpg?w=1400&amp;ssl=1 1400w\" sizes=\"(max-width: 300px) 100vw, 300px\"><\/p>\n<p id=\"caption-attachment-184585\" class=\"wp-caption-text\">Photo: Shutterstock<\/p>\n<\/div>\n<p>aproximadamente sete milh\u00f5es de hectares declarados por 4.697 sojicultores. A expectativa do Indea \u00e9 de que o n\u00famero avance de forma significativa nas pr\u00f3ximas semanas, \u00e0 medida que se aproxima o fim do prazo.<\/p>\n<p>O cadastramento anual \u00e9 considerado uma ferramenta-chave para o controle fitossanit\u00e1rio da soja em Mato Grosso, maior produtor do gr\u00e3o no pa\u00eds, al\u00e9m de subsidiar pol\u00edticas p\u00fablicas, a\u00e7\u00f5es de defesa agropecu\u00e1ria e an\u00e1lises sobre a din\u00e2mica da produ\u00e7\u00e3o agr\u00edcola no Estado.<\/p>\n<\/div>\n<h6><em>THE <strong>Bela Cereais<\/strong> works with the best grains on the market in the Central West Region and also keeps you up to date with the latest news and analyses on agribusiness.<br \/>\nDon&#039;t forget to follow our social networks.<\/em><\/h6>\n<p><a href=\"https:\/\/opresenterural.com.br\/sojicultores-de-mato-grosso-tem-ate-15-de-fevereiro-para-cadastro-obrigatorio-no-indea\/\" target=\"_blank\" rel=\"noopener\">Access News Source <\/a><\/p>","protected":false},"excerpt":{"rendered":"<p>Os produtores de soja de Mato Grosso t\u00eam at\u00e9 15 de fevereiro para realizar o&hellip;<\/p>","protected":false},"author":1,"featured_media":26708,"comment_status":"","ping_status":"","sticky":false,"template":"","format":"standard","meta":{"footnotes":""},"categories":[90],"tags":[],"class_list":["post-26707","post","type-post","status-publish","format-standard","has-post-thumbnail","hentry","category-centro-oeste"],"_links":{"self":[{"href":"https:\/\/belacereais.com.br\/en\/wp-json\/wp\/v2\/posts\/26707","targetHints":{"allow":["GET"]}}],"collection":[{"href":"https:\/\/belacereais.com.br\/en\/wp-json\/wp\/v2\/posts"}],"about":[{"href":"https:\/\/belacereais.com.br\/en\/wp-json\/wp\/v2\/types\/post"}],"author":[{"embeddable":true,"href":"https:\/\/belacereais.com.br\/en\/wp-json\/wp\/v2\/users\/1"}],"replies":[{"embeddable":true,"href":"https:\/\/belacereais.com.br\/en\/wp-json\/wp\/v2\/comments?post=26707"}],"version-history":[{"count":0,"href":"https:\/\/belacereais.com.br\/en\/wp-json\/wp\/v2\/posts\/26707\/revisions"}],"wp:featuredmedia":[{"embeddable":true,"href":"https:\/\/belacereais.com.br\/en\/wp-json\/wp\/v2\/media\/26708"}],"wp:attachment":[{"href":"https:\/\/belacereais.com.br\/en\/wp-json\/wp\/v2\/media?parent=26707"}],"wp:term":[{"taxonomy":"category","embeddable":true,"href":"https:\/\/belacereais.com.br\/en\/wp-json\/wp\/v2\/categories?post=26707"},{"taxonomy":"post_tag","embeddable":true,"href":"https:\/\/belacereais.com.br\/en\/wp-json\/wp\/v2\/tags?post=26707"}],"curies":[{"name":"wp","href":"https:\/\/api.w.org\/{rel}","templated":true}]}}