{"id":26709,"date":"2026-01-27T17:33:12","date_gmt":"2026-01-27T21:33:12","guid":{"rendered":"https:\/\/belacereais.com.br\/2026\/centro-oeste\/chuvas-intensas-se-concentram-entre-goias-e-minas-enquanto-sul-enfrenta-calor-e-tempo-mais-seco\/"},"modified":"2026-01-27T17:33:12","modified_gmt":"2026-01-27T21:33:12","slug":"chuvas-intensas-se-concentram-entre-goias-e-minas-enquanto-sul-enfrenta-calor-e-tempo-mais-seco","status":"publish","type":"post","link":"https:\/\/belacereais.com.br\/en\/2026\/centro-oeste\/chuvas-intensas-se-concentram-entre-goias-e-minas-enquanto-sul-enfrenta-calor-e-tempo-mais-seco\/","title":{"rendered":"Chuvas intensas se concentram entre Goi\u00e1s e Minas, enquanto Sul enfrenta calor e tempo mais seco"},"content":{"rendered":"<p><\/p>\n<div class=\"materia\">\n<p><img decoding=\"async\" alt=\"Logotipo Not\u00edcias Agr\u00edcolas\" height=\"21\" src=\"https:\/\/cdn.noticiasagricolas.com.br\/dbimagens\/e12363a00741f9cc7caf23469101a4aa.png\" width=\"106\"><\/p>\n<blockquote>\n<p>Chuvas intensas devem atingir \u00e1reas do Centro-Oeste e do Sudeste nos pr\u00f3ximos dias, com destaque para Goi\u00e1s e Minas Gerais, al\u00e9m de volumes significativos no Norte do pa\u00eds e no oeste da Bahia, segundo o Inmet.<\/p>\n<p>Os mapas de precipita\u00e7\u00e3o acumulada indicam que os maiores volumes de chuva devem se concentrar entre o leste de Goi\u00e1s e Minas Gerais, onde os acumulados podem se aproximar ou superar os 100 mil\u00edmetros ao longo da semana.<\/p>\n<\/blockquote>\n<p class=\"image-center\"><img decoding=\"async\" alt=\"GIF 27-01-2026 17-20-39\" src=\"https:\/\/cdn.noticiasagricolas.com.br\/dbimagens\/gif-27-01-2026-17-20-39-NDWHx.gif\"><\/p>\n<div id=\"uolpd-video-inarticle\"><\/div>\n<p>No Nordeste, apesar da aus\u00eancia de chuva em grande parte da \u00e1rea central da regi\u00e3o, o Inmet chama aten\u00e7\u00e3o para um cen\u00e1rio mais \u00famido no oeste da Bahia. A regi\u00e3o deve registrar volumes significativos, especialmente a partir do fim de semana, com acumulados entre 50 mm e 100 mm, n\u00e3o se descartando temporais isolados com altos volumes em curto per\u00edodo. Tamb\u00e9m h\u00e1 previs\u00e3o de chuva para \u00e1reas do Maranh\u00e3o e do extremo oeste do Piau\u00ed, principalmente na primeira metade da semana.<\/p>\n<p>A Regi\u00e3o Norte segue com previs\u00e3o de chuvas frequentes, com acumulados entre 50 mm e 100 mm, principalmente no Acre, no oeste do Amazonas e no Par\u00e1, conforme indicam os tons mais intensos nos mapas meteorol\u00f3gicos.<\/p>\n<p>J\u00e1 no Sudeste, o cen\u00e1rio exige aten\u00e7\u00e3o. Entre sexta-feira (30) e s\u00e1bado (31), os volumes de chuva podem superar os 120 mm em \u00e1reas do leste de S\u00e3o Paulo, Vale do Para\u00edba, sul de Minas Gerais \u2014 incluindo a Serra da Mantiqueira \u2014, Zona da Mata mineira e em todo o estado do Rio de Janeiro, aumentando o risco de eventos extremos associados \u00e0 chuva persistente.<\/p>\n<p>Em contraste, a Regi\u00e3o Sul apresenta um padr\u00e3o mais seco ao longo de boa parte da semana, especialmente no oeste dos estados. Apesar da possibilidade de chuva localizada entre o litoral de Santa Catarina e o leste do Paran\u00e1 no fim da semana, o predom\u00ednio \u00e9 de tempo firme, condi\u00e7\u00e3o que favorece a eleva\u00e7\u00e3o das temperaturas.<\/p>\n<p class=\"image-center\"><img decoding=\"async\" alt=\"GIF 27-01-2026 17-19-46\" src=\"https:\/\/cdn.noticiasagricolas.com.br\/dbimagens\/gif-27-01-2026-17-19-46-xFZOY.gif\"><\/p>\n<p>Os mapas de temperatura, com destaque para o recorte do dia 28, evidenciam calor intenso no Sul do pa\u00eds. Rio Grande do Sul, Santa Catarina e o sul do Paran\u00e1 devem registrar m\u00e1ximas entre 32 \u00b0C e 38 \u00b0C, com valores at\u00e9 7 \u00b0C acima da m\u00e9dia hist\u00f3rica para o per\u00edodo. Esse aquecimento \u00e9 favorecido pela atua\u00e7\u00e3o de um sistema de alta press\u00e3o, que inibe a forma\u00e7\u00e3o de nuvens e reduz a ocorr\u00eancia de chuvas. Na segunda metade da semana, com o avan\u00e7o de \u00e1reas de instabilidade, as temperaturas tendem a apresentar leve decl\u00ednio, principalmente no leste da regi\u00e3o.<\/p>\n<p>Nas demais regi\u00f5es, o calor tamb\u00e9m predomina em \u00e1reas do Centro-Oeste e do Nordeste, com m\u00e1ximas acima de 34 \u00b0C em diversos pontos, enquanto \u00e1reas mais chuvosas do Sudeste apresentam temperaturas mais amenas, reflexo da maior cobertura de nuvens e da persist\u00eancia das precipita\u00e7\u00f5es.<\/p>\n<\/p><\/div>\n<h6><em>THE <strong>Bela Cereais<\/strong> works with the best grains on the market in the Central West Region and also keeps you up to date with the latest news and analyses on agribusiness.<br \/>\nDon&#039;t forget to follow our social networks.<\/em><\/h6>\n<p><a href=\"https:\/\/www.noticiasagricolas.com.br\/noticias\/clima\/414562-chuvas-intensas-se-concentram-entre-goias-e-minas-enquanto-sul-enfrenta-calor-e-tempo-mais-seco.html?utm_source=parceiros&#038;utm_medium=rss\" target=\"_blank\" rel=\"noopener\">Access News Source <\/a><\/p>","protected":false},"excerpt":{"rendered":"<p>Chuvas intensas devem atingir \u00e1reas do Centro-Oeste e do Sudeste nos pr\u00f3ximos dias, com destaque&hellip;<\/p>","protected":false},"author":1,"featured_media":26710,"comment_status":"","ping_status":"","sticky":false,"template":"","format":"standard","meta":{"footnotes":""},"categories":[90],"tags":[240,239,385,539,594,617,252],"class_list":["post-26709","post","type-post","status-publish","format-standard","has-post-thumbnail","hentry","category-centro-oeste","tag-agricultura","tag-agronegocio","tag-clima","tag-inmet","tag-meteorologia","tag-noticias-agricolas-clima","tag-previsao-do-tempo"],"_links":{"self":[{"href":"https:\/\/belacereais.com.br\/en\/wp-json\/wp\/v2\/posts\/26709","targetHints":{"allow":["GET"]}}],"collection":[{"href":"https:\/\/belacereais.com.br\/en\/wp-json\/wp\/v2\/posts"}],"about":[{"href":"https:\/\/belacereais.com.br\/en\/wp-json\/wp\/v2\/types\/post"}],"author":[{"embeddable":true,"href":"https:\/\/belacereais.com.br\/en\/wp-json\/wp\/v2\/users\/1"}],"replies":[{"embeddable":true,"href":"https:\/\/belacereais.com.br\/en\/wp-json\/wp\/v2\/comments?post=26709"}],"version-history":[{"count":0,"href":"https:\/\/belacereais.com.br\/en\/wp-json\/wp\/v2\/posts\/26709\/revisions"}],"wp:featuredmedia":[{"embeddable":true,"href":"https:\/\/belacereais.com.br\/en\/wp-json\/wp\/v2\/media\/26710"}],"wp:attachment":[{"href":"https:\/\/belacereais.com.br\/en\/wp-json\/wp\/v2\/media?parent=26709"}],"wp:term":[{"taxonomy":"category","embeddable":true,"href":"https:\/\/belacereais.com.br\/en\/wp-json\/wp\/v2\/categories?post=26709"},{"taxonomy":"post_tag","embeddable":true,"href":"https:\/\/belacereais.com.br\/en\/wp-json\/wp\/v2\/tags?post=26709"}],"curies":[{"name":"wp","href":"https:\/\/api.w.org\/{rel}","templated":true}]}}