{"id":26718,"date":"2026-01-30T18:51:10","date_gmt":"2026-01-30T22:51:10","guid":{"rendered":"https:\/\/belacereais.com.br\/2026\/centro-oeste\/colheita-de-soja-em-mt-atinge-25-da-safra-plantio-de-milho-e-algodao-avancam-diz-imea\/"},"modified":"2026-01-30T18:51:10","modified_gmt":"2026-01-30T22:51:10","slug":"colheita-de-soja-em-mt-atinge-25-da-safra-plantio-de-milho-e-algodao-avancam-diz-imea","status":"publish","type":"post","link":"https:\/\/belacereais.com.br\/en\/2026\/centro-oeste\/colheita-de-soja-em-mt-atinge-25-da-safra-plantio-de-milho-e-algodao-avancam-diz-imea\/","title":{"rendered":"Colheita de soja em MT atinge 25% da safra; plantio de milho e algod\u00e3o avan\u00e7am, diz Imea"},"content":{"rendered":"<p><\/p>\n<div class=\"materia\">\n<p><img decoding=\"async\" alt=\"Logotipo Reuters\" height=\"22\" src=\"https:\/\/cdn.noticiasagricolas.com.br\/dbimagens\/0f687b0f35da9d220b6477534ce7c667.gif\" width=\"71\"><\/p>\n<p><img decoding=\"async\" alt=\"\" src=\"https:\/\/rmb.reuters.com\/rmd\/rss\/content\/tag:reuters.com,2026:newsml_LYNXMPEM0T19E:1\/tag:reuters.com,2026:binary_LYNXMPEM0T19E-VIEWIMAGE\"><\/p>\n<p>S\u00c3O PAULO, 30 Jan (Reuters) &#8211; A colheita de soja em Mato Grosso na temporada 2025\/26 avan\u00e7ou para 24,97% da \u00e1rea plantada na semana encerrada em 30 de janeiro, ritmo acima dos 12,20% observados um ano antes e tamb\u00e9m superior aos n\u00edveis m\u00e9dios dos \u00faltimos cinco anos, segundo dados do Instituto Mato-grossense de Economia Agropecu\u00e1ria (Imea) divulgados nesta sexta-feira.<\/p>\n<p>O avan\u00e7o semanal foi de 11,09 pontos percentuais, mantendo a colheita da safra 2025\/26 em trajet\u00f3ria acelerada em todas as regi\u00f5es do Estado. A m\u00e9dia hist\u00f3rica \u00e9 de 12,57% para esta \u00e9poca do ano. A colheita est\u00e1 mais avan\u00e7ada no M\u00e9dio-Norte (35,41%) e no oeste (36,70%) do Estado, o maior produtor agr\u00edcola do Brasil.<\/p>\n<div id=\"uolpd-video-inarticle\"><\/div>\n<p>Enquanto fazendeiros de Mato Grosso colhem a soja, eles tamb\u00e9m j\u00e1 realizam o plantio do milho e algod\u00e3o na segunda safra.<\/p>\n<p>O plantio do milho 2025\/26 alcan\u00e7ou 15,59% da \u00e1rea em Mato Grosso at\u00e9 30 de janeiro, avan\u00e7o expressivo frente aos 6,26% registrados no mesmo per\u00edodo do ano passado.<\/p>\n<p>O incremento anual \u00e9 de 9,33 pontos percentuais, enquanto o avan\u00e7o semanal foi de 7,83 p.p., mas ainda assim o ritmo est\u00e1 aqu\u00e9m da m\u00e9dia hist\u00f3rica para o per\u00edodo, de pouco mais de 20% de \u00e1rea plantada.<\/p>\n<p>O plantio do algod\u00e3o em Mato Grosso atingiu 67,75% da \u00e1rea em 30 de janeiro, avan\u00e7o frente aos 53,48% registrados na mesma data de 2025 e contra uma m\u00e9dia hist\u00f3rica de quase 60%, segundo o Imea.<\/p>\n<p>(By Roberto Samora)<\/p>\n<\/p><\/div>\n<h6><em>THE <strong>Bela Cereais<\/strong> works with the best grains on the market in the Central West Region and also keeps you up to date with the latest news and analyses on agribusiness.<br \/>\nDon&#039;t forget to follow our social networks.<\/em><\/h6>\n<p><a href=\"https:\/\/www.noticiasagricolas.com.br\/noticias\/soja\/414773-colheita-de-soja-em-mt-atinge-25-da-safra-plantio-de-milho-e-algodao-avancam-diz-imea.html?utm_source=parceiros&#038;utm_medium=rss\" target=\"_blank\" rel=\"noopener\">Access News Source <\/a><\/p>","protected":false},"excerpt":{"rendered":"<p>S\u00c3O PAULO, 30 Jan (Reuters) &#8211; A colheita de soja em Mato Grosso na temporada&hellip;<\/p>","protected":false},"author":1,"featured_media":26719,"comment_status":"","ping_status":"","sticky":false,"template":"","format":"standard","meta":{"footnotes":""},"categories":[90],"tags":[],"class_list":["post-26718","post","type-post","status-publish","format-standard","has-post-thumbnail","hentry","category-centro-oeste"],"_links":{"self":[{"href":"https:\/\/belacereais.com.br\/en\/wp-json\/wp\/v2\/posts\/26718","targetHints":{"allow":["GET"]}}],"collection":[{"href":"https:\/\/belacereais.com.br\/en\/wp-json\/wp\/v2\/posts"}],"about":[{"href":"https:\/\/belacereais.com.br\/en\/wp-json\/wp\/v2\/types\/post"}],"author":[{"embeddable":true,"href":"https:\/\/belacereais.com.br\/en\/wp-json\/wp\/v2\/users\/1"}],"replies":[{"embeddable":true,"href":"https:\/\/belacereais.com.br\/en\/wp-json\/wp\/v2\/comments?post=26718"}],"version-history":[{"count":0,"href":"https:\/\/belacereais.com.br\/en\/wp-json\/wp\/v2\/posts\/26718\/revisions"}],"wp:featuredmedia":[{"embeddable":true,"href":"https:\/\/belacereais.com.br\/en\/wp-json\/wp\/v2\/media\/26719"}],"wp:attachment":[{"href":"https:\/\/belacereais.com.br\/en\/wp-json\/wp\/v2\/media?parent=26718"}],"wp:term":[{"taxonomy":"category","embeddable":true,"href":"https:\/\/belacereais.com.br\/en\/wp-json\/wp\/v2\/categories?post=26718"},{"taxonomy":"post_tag","embeddable":true,"href":"https:\/\/belacereais.com.br\/en\/wp-json\/wp\/v2\/tags?post=26718"}],"curies":[{"name":"wp","href":"https:\/\/api.w.org\/{rel}","templated":true}]}}