{"id":26975,"date":"2026-03-10T18:14:05","date_gmt":"2026-03-10T22:14:05","guid":{"rendered":"https:\/\/belacereais.com.br\/2026\/centro-oeste\/inmet-emite-alerta-de-grande-perigo-para-acumulado-de-chuva-no-interior-de-sp-ms-e-mg\/"},"modified":"2026-03-10T18:14:05","modified_gmt":"2026-03-10T22:14:05","slug":"inmet-emite-alerta-de-grande-perigo-para-acumulado-de-chuva-no-interior-de-sp-ms-e-mg","status":"publish","type":"post","link":"https:\/\/belacereais.com.br\/en\/2026\/centro-oeste\/inmet-emite-alerta-de-grande-perigo-para-acumulado-de-chuva-no-interior-de-sp-ms-e-mg\/","title":{"rendered":"Inmet emite alerta de grande perigo para acumulado de chuva no interior de SP, MS e MG"},"content":{"rendered":"<p><\/p>\n<div class=\"materia\">\n<p><img decoding=\"async\" alt=\"Logotipo Not\u00edcias Agr\u00edcolas\" height=\"21\" src=\"https:\/\/cdn.noticiasagricolas.com.br\/dbimagens\/e12363a00741f9cc7caf23469101a4aa.png\" width=\"106\"><\/p>\n<p>O Instituto Nacional de Meteorologia (Inmet) emitiu uma s\u00e9rie de alertas para chuvas fortes e tempestades em diferentes regi\u00f5es do Brasil entre esta ter\u00e7a-feira (10) e quarta-feira (11), com destaque para um aviso de grande perigo devido ao elevado acumulado de chuva em \u00e1reas do Sudeste e Centro-Oeste.<\/p>\n<p>De acordo com o Inmet, o alerta mais grave come\u00e7a \u00e0 0h desta quarta-feira (11) e segue at\u00e9 23h59. A previs\u00e3o indica chuva superior a 60 mm por hora ou acima de 100 mm por dia, o que eleva o risco de alagamentos significativos, transbordamento de rios e deslizamentos de encostas, especialmente em cidades com \u00e1reas vulner\u00e1veis.<\/p>\n<p>As regi\u00f5es mais afetadas por esse aviso incluem partes do interior de S\u00e3o Paulo \u2014 como Presidente Prudente, S\u00e3o Jos\u00e9 do Rio Preto, Ribeir\u00e3o Preto, Bauru, Ara\u00e7atuba, Mar\u00edlia, Araraquara, Campinas e Piracicaba \u2014 al\u00e9m do leste e sudoeste de Mato Grosso do Sul, do Tri\u00e2ngulo Mineiro\/Alto Parana\u00edba, do oeste e sul de Minas Gerais e da Macro Metropolitana Paulista. \u00c1reas do Pantanal sul-mato-grossense e do Vale do Para\u00edba paulista tamb\u00e9m aparecem na lista de regi\u00f5es sob maior risco.<\/p>\n<div id=\"uolpd-video-inarticle\"><\/div>\n<p>Al\u00e9m do alerta de grande perigo, o instituto tamb\u00e9m publicou avisos de perigo para chuvas intensas, v\u00e1lidos entre ter\u00e7a-feira (10) e quinta-feira (12), que abrangem uma \u00e1rea extensa do pa\u00eds. Nesses locais, s\u00e3o esperadas chuvas entre 30 e 60 mm por hora ou at\u00e9 100 mm por dia, acompanhadas por ventos de 60 a 100 km\/h, com possibilidade de corte de energia el\u00e9trica, queda de galhos de \u00e1rvores, alagamentos e descargas el\u00e9tricas.<\/p>\n<p>Esses avisos atingem regi\u00f5es de Minas Gerais, S\u00e3o Paulo, Mato Grosso do Sul, Paran\u00e1, Rio de Janeiro, Esp\u00edrito Santo e Goi\u00e1s, al\u00e9m de \u00e1reas do Mato Grosso, Amazonas, Acre e Rond\u00f4nia.<\/p>\n<p>No Sul do Brasil, outro alerta de tempestade com grau de perigo tamb\u00e9m est\u00e1 em vigor para quarta-feira (11). A previs\u00e3o indica chuvas de 30 a 60 mm por hora ou at\u00e9 100 mm por dia, ventos entre 60 e 100 km\/h e possibilidade de queda de granizo. O aviso abrange \u00e1reas do Rio Grande do Sul, de Santa Catarina e do sudoeste do Paran\u00e1, incluindo regi\u00f5es como a Serra Catarinense, o oeste catarinense, a regi\u00e3o metropolitana de Porto Alegre e o centro-sul paranaense.<\/p>\n<p>J\u00e1 alertas de perigo potencial para chuvas intensas indicam precipita\u00e7\u00f5es entre 20 e 30 mm por hora ou at\u00e9 50 mm por dia, com ventos de at\u00e9 60 km\/h. Segundo o Inmet, nessas \u00e1reas o risco \u00e9 considerado menor, mas ainda h\u00e1 possibilidade de alagamentos pontuais, queda de galhos e descargas el\u00e9tricas.<\/p>\n<p>Esses avisos abrangem \u00e1reas do Paran\u00e1, litoral sul de S\u00e3o Paulo e uma ampla faixa das regi\u00f5es Norte, Nordeste e Centro-Oeste.<\/p>\n<p>\n\u00a0<\/p>\n<\/p><\/div>\n<h6><em>THE <strong>Bela Cereais<\/strong> works with the best grains on the market in the Central West Region and also keeps you up to date with the latest news and analyses on agribusiness.<br \/>\nDon&#039;t forget to follow our social networks.<\/em><\/h6>\n<p><a href=\"https:\/\/www.noticiasagricolas.com.br\/noticias\/clima\/416899-inmet-emite-alerta-de-grande-perigo-para-acumulado-de-chuva-no-interior-de-sp-ms-e-mg.html?utm_source=parceiros&#038;utm_medium=rss\" target=\"_blank\" rel=\"noopener\">Access News Source <\/a><\/p>","protected":false},"excerpt":{"rendered":"<p>O Instituto Nacional de Meteorologia (Inmet) emitiu uma s\u00e9rie de alertas para chuvas fortes e&hellip;<\/p>","protected":false},"author":1,"featured_media":26976,"comment_status":"","ping_status":"","sticky":false,"template":"","format":"standard","meta":{"footnotes":""},"categories":[90],"tags":[240,239,385,539,594,617,252],"class_list":["post-26975","post","type-post","status-publish","format-standard","has-post-thumbnail","hentry","category-centro-oeste","tag-agricultura","tag-agronegocio","tag-clima","tag-inmet","tag-meteorologia","tag-noticias-agricolas-clima","tag-previsao-do-tempo"],"_links":{"self":[{"href":"https:\/\/belacereais.com.br\/en\/wp-json\/wp\/v2\/posts\/26975","targetHints":{"allow":["GET"]}}],"collection":[{"href":"https:\/\/belacereais.com.br\/en\/wp-json\/wp\/v2\/posts"}],"about":[{"href":"https:\/\/belacereais.com.br\/en\/wp-json\/wp\/v2\/types\/post"}],"author":[{"embeddable":true,"href":"https:\/\/belacereais.com.br\/en\/wp-json\/wp\/v2\/users\/1"}],"replies":[{"embeddable":true,"href":"https:\/\/belacereais.com.br\/en\/wp-json\/wp\/v2\/comments?post=26975"}],"version-history":[{"count":0,"href":"https:\/\/belacereais.com.br\/en\/wp-json\/wp\/v2\/posts\/26975\/revisions"}],"wp:featuredmedia":[{"embeddable":true,"href":"https:\/\/belacereais.com.br\/en\/wp-json\/wp\/v2\/media\/26976"}],"wp:attachment":[{"href":"https:\/\/belacereais.com.br\/en\/wp-json\/wp\/v2\/media?parent=26975"}],"wp:term":[{"taxonomy":"category","embeddable":true,"href":"https:\/\/belacereais.com.br\/en\/wp-json\/wp\/v2\/categories?post=26975"},{"taxonomy":"post_tag","embeddable":true,"href":"https:\/\/belacereais.com.br\/en\/wp-json\/wp\/v2\/tags?post=26975"}],"curies":[{"name":"wp","href":"https:\/\/api.w.org\/{rel}","templated":true}]}}