{"id":26980,"date":"2026-03-11T09:32:53","date_gmt":"2026-03-11T13:32:53","guid":{"rendered":"https:\/\/belacereais.com.br\/2026\/centro-oeste\/excesso-de-chuvas-preocupa-produtores-e-impacta-plantio-do-milho-em-mato-grosso\/"},"modified":"2026-03-11T09:32:53","modified_gmt":"2026-03-11T13:32:53","slug":"excesso-de-chuvas-preocupa-produtores-e-impacta-plantio-do-milho-em-mato-grosso","status":"publish","type":"post","link":"https:\/\/belacereais.com.br\/en\/2026\/centro-oeste\/excesso-de-chuvas-preocupa-produtores-e-impacta-plantio-do-milho-em-mato-grosso\/","title":{"rendered":"Excesso de chuvas preocupa produtores e impacta plantio do milho em Mato Grosso"},"content":{"rendered":"<p><\/p>\n<div class=\"materia\">\n<p class=\"image-center\"><img decoding=\"async\" alt=\"Plantio\" src=\"https:\/\/cdn.noticiasagricolas.com.br\/dbimagens\/thumbs\/800x2000\/plantio-ceCiM.jpg\"><\/p>\n<p>A semeadura da safra do milho 2025\/26 segue avan\u00e7ando em todo o estado, mas ainda n\u00e3o atingiu a \u00e1rea total estimada para a cultura, mesmo com mais de 20 dias de atraso em rela\u00e7\u00e3o \u00e0 data ideal de plantio. Essa situa\u00e7\u00e3o \u00e9 um reflexo do atraso na semeadura da soja em novembro de 2025, por falta de chuva, e posteriormente no atraso da colheita do gr\u00e3o por excesso de chuva. Os dados do Aproclima, projeto da Associa\u00e7\u00e3o dos Produtores de Soja e Milho de Mato Grosso (Aprosoja MT) que monitora as condi\u00e7\u00f5es meteorol\u00f3gicas do estado, identificaram o ac\u00famulo de at\u00e9 900 mil\u00edmetros de chuva em alguns munic\u00edpios em apenas 60 dias.<\/p>\n<p>\nAt\u00e9 o momento, Mato Grosso atingiu 93,68% da \u00e1rea prevista para a semeadura do milho, segundo os dados do Instituto Mato-grossense da Economia Agropecu\u00e1ria (Imea), publicados na \u00faltima sexta-feira (06.03). O atraso preocupa os produtores rurais que precisam seguir o calend\u00e1rio para ter uma safra produtiva e de qualidade.<\/p>\n<p>\nAl\u00e9m de prejudicar o plantio, a grande quantidade de chuva tamb\u00e9m prejudica os produtores que j\u00e1 conseguiram semear o milho, pois as enxurradas podem causar problemas nos estandes, como explicou o diretor financeiro da Aprosoja MT, Nathan Belusso.<\/p>\n<div id=\"uolpd-video-inarticle\"><\/div>\n<p>\n\u201cO milho \u00e9 uma cultura muito mais t\u00e9cnica do que a soja, ela utiliza menos plantas por metro linear, menos plantas por hectare, e por consequ\u00eancia, voc\u00ea pode ter uma perda de plantas, uma perda da popula\u00e7\u00e3o do estande. Como consequ\u00eancia, gera um efeito direto na produ\u00e7\u00e3o final da cultura, ent\u00e3o a gente tem que ficar atento ao desenvolvimento do plantio do milho, principalmente nessas regi\u00f5es que est\u00e3o mais atrasadas, que est\u00e3o sofrendo com muita chuva agora\u201d, contou.<\/p>\n<p>\nNa mesma linha, a vice-presidente sul da Aprosoja MT, Laura Battisti Nardes, ainda destacou que o excesso de chuva pode causar preju\u00edzos financeiros aos agricultores, pois pode haver preju\u00edzos aos gr\u00e3os.<\/p>\n<p>\n\u201cComo em qualquer planta\u00e7\u00e3o, tanto a chuva como o sol em al\u00e9m do normal prejudica a quantidade e a qualidade da produ\u00e7\u00e3o. No caso do milho, cultura mais sens\u00edvel do que a soja, o excesso h\u00eddrico na germina\u00e7\u00e3o, no crescimento e na flora\u00e7\u00e3o causa maiores danos do que a seca, danos na qualidade dos gr\u00e3os e diminui consequentemente a viabilidade econ\u00f4mica do produto\u201d, afirmou.<\/p>\n<p>\nO Aproclima monitorou as precipita\u00e7\u00f5es por 60 dias, de 25 de dezembro de 2025 a 25 de fevereiro de 2026, e identificou o ac\u00famulo de 700 a 900 mm de chuva nos munic\u00edpios espec\u00edficos de Diamantino, Nova Mutum, Vera, Sinop, Cla\u00fadia, Matup\u00e1 e em Quer\u00eancia. Nas demais \u00e1reas do estado, os dados meteorol\u00f3gicos apontaram ac\u00famulos de 150 a 500 mil\u00edmetros de chuva. As precipita\u00e7\u00f5es n\u00e3o permitem que os maquin\u00e1rios adentrem as \u00e1reas de plantio por risco de compacta\u00e7\u00e3o e degrada\u00e7\u00e3o do solo. Com isso, o produtor rural fica \u00e0 espera de melhores condi\u00e7\u00f5es clim\u00e1ticas.<\/p>\n<p>\nCom a grande quantidade de chuva no in\u00edcio do plantio e o atraso da semeadura, o produtor rural de Nova Ubirat\u00e3, F\u00e1bio Luis Bratz, contou que est\u00e1 preocupado com as condi\u00e7\u00f5es clim\u00e1ticas nos pr\u00f3ximos meses, enquanto o milho estiver florescendo.<\/p>\n<p>\n\u201cA chuva atrasou a colheita da soja, choveu muito aqui na regi\u00e3o e depois colhemos a soja, mas a nossa maior preocupa\u00e7\u00e3o \u00e9 a falta de chuva l\u00e1 na frente, no final do ciclo. Pode ser que a chuva corte mais cedo e a\u00ed n\u00e3o d\u00ea tempo do milho expressar todo o seu potencial produtivo\u201d, relatou.<\/p>\n<p>\nBratz afirma que o milho est\u00e1 sendo plantado fora da janela ideal na propriedade dele. O agricultor explica que vai terminar o plantio e vai seguir na esperan\u00e7a de que as chuvas se mantenham normais por toda a safra do milho.<\/p>\n<p>\n\u201cO milho j\u00e1 est\u00e1 sendo plantado fora da janela. N\u00f3s j\u00e1 plantamos atrasado, na verdade, estamos plantando atrasado, e o problema \u00e9 que talvez n\u00e3o vamos conseguir produzir. A semente est\u00e1 a\u00ed, o adubo tamb\u00e9m, tem que plantar, n\u00e3o tem como fazer. Vamos ver depois se produzimos para pagar pelo menos essa conta a\u00ed\u201d, lamenta.<\/p>\n<p>\nA enxurrada pode levar por \u00e1gua abaixo os sonhos daqueles que planejaram o ano todo por uma boa semeadura e foram surpreendidos com o excesso de chuva. Al\u00e9m do campo, essa adversidade do clima pode comprometer tamb\u00e9m toda uma cadeia com milhares de fam\u00edlias que trabalham no setor. A Aprosoja MT segue monitorando, apoiando e trabalhando junto aos produtores para que os impactos sejam minimizados.<\/p>\n<\/p><\/div>\n<h6><em>THE <strong>Bela Cereais<\/strong> works with the best grains on the market in the Central West Region and also keeps you up to date with the latest news and analyses on agribusiness.<br \/>\nDon&#039;t forget to follow our social networks.<\/em><\/h6>\n<p><a href=\"https:\/\/www.noticiasagricolas.com.br\/noticias\/graos\/416926-excesso-de-chuvas-preocupa-produtores-e-impacta-plantio-do-milho-em-mato-grosso.html?utm_source=parceiros&#038;utm_medium=rss\" target=\"_blank\" rel=\"noopener\">Access News Source <\/a><\/p>","protected":false},"excerpt":{"rendered":"<p>A semeadura da safra do milho 2025\/26 segue avan\u00e7ando em todo o estado, mas ainda&hellip;<\/p>","protected":false},"author":1,"featured_media":26981,"comment_status":"","ping_status":"","sticky":false,"template":"","format":"standard","meta":{"footnotes":""},"categories":[90],"tags":[240,239,521],"class_list":["post-26980","post","type-post","status-publish","format-standard","has-post-thumbnail","hentry","category-centro-oeste","tag-agricultura","tag-agronegocio","tag-graos"],"_links":{"self":[{"href":"https:\/\/belacereais.com.br\/en\/wp-json\/wp\/v2\/posts\/26980","targetHints":{"allow":["GET"]}}],"collection":[{"href":"https:\/\/belacereais.com.br\/en\/wp-json\/wp\/v2\/posts"}],"about":[{"href":"https:\/\/belacereais.com.br\/en\/wp-json\/wp\/v2\/types\/post"}],"author":[{"embeddable":true,"href":"https:\/\/belacereais.com.br\/en\/wp-json\/wp\/v2\/users\/1"}],"replies":[{"embeddable":true,"href":"https:\/\/belacereais.com.br\/en\/wp-json\/wp\/v2\/comments?post=26980"}],"version-history":[{"count":0,"href":"https:\/\/belacereais.com.br\/en\/wp-json\/wp\/v2\/posts\/26980\/revisions"}],"wp:featuredmedia":[{"embeddable":true,"href":"https:\/\/belacereais.com.br\/en\/wp-json\/wp\/v2\/media\/26981"}],"wp:attachment":[{"href":"https:\/\/belacereais.com.br\/en\/wp-json\/wp\/v2\/media?parent=26980"}],"wp:term":[{"taxonomy":"category","embeddable":true,"href":"https:\/\/belacereais.com.br\/en\/wp-json\/wp\/v2\/categories?post=26980"},{"taxonomy":"post_tag","embeddable":true,"href":"https:\/\/belacereais.com.br\/en\/wp-json\/wp\/v2\/tags?post=26980"}],"curies":[{"name":"wp","href":"https:\/\/api.w.org\/{rel}","templated":true}]}}