{"id":26984,"date":"2026-03-11T10:54:29","date_gmt":"2026-03-11T14:54:29","guid":{"rendered":"https:\/\/belacereais.com.br\/2026\/exportacoes\/congresso-apa-2026-e-aberto-em-limeira-com-foco-em-sanidade-ciencia-e-expansao-das-exportacoes-de-ovos\/"},"modified":"2026-03-11T10:54:29","modified_gmt":"2026-03-11T14:54:29","slug":"congresso-apa-2026-e-aberto-em-limeira-com-foco-em-sanidade-ciencia-e-expansao-das-exportacoes-de-ovos","status":"publish","type":"post","link":"https:\/\/belacereais.com.br\/en\/2026\/exportacoes\/congresso-apa-2026-e-aberto-em-limeira-com-foco-em-sanidade-ciencia-e-expansao-das-exportacoes-de-ovos\/","title":{"rendered":"Congresso APA 2026 \u00e9 aberto em Limeira com foco em sanidade, ci\u00eancia e expans\u00e3o das exporta\u00e7\u00f5es de ovos"},"content":{"rendered":"<p><\/p>\n<div id=\"mvp-content-main\" class=\"left relative\">\n<p align=\"justify\"><span style=\"font-family: Calibri, serif;\"><span style=\"font-size: small;\">O 23\u00ba Congresso APA de Produ\u00e7\u00e3o e Comercializa\u00e7\u00e3o de Ovos foi oficialmente aberto na ter\u00e7a-feira (10), em Limeira (SP), reunindo produtores, especialistas, empresas e autoridades para debater os desafios e as oportunidades da avicultura de postura no Brasil. Promovido pela Associa\u00e7\u00e3o Paulista de Avicultura (APA) e apoio da Defesa Agropecu\u00e1ria do Estado de S\u00e3o Paulo (Defesa), o encontro destaca temas como biosseguran\u00e7a, inova\u00e7\u00e3o tecnol\u00f3gica, sustentabilidade, mercado e exporta\u00e7\u00f5es.<\/span><\/span><\/p>\n<div id=\"attachment_205181\" style=\"width: 291px\" class=\"wp-caption alignright\"><img fetchpriority=\"high\" data-recalc-dims=\"1\" decoding=\"async\" aria-describedby=\"caption-attachment-205181\" data-attachment-id=\"205181\" data-permalink=\"https:\/\/opresenterural.com.br\/congresso-apa-2026-e-aberto-em-limeira-com-foco-em-sanidade-ciencia-e-expansao-das-exportacoes-de-ovos\/erico-pozzer-presidente-da-apa\/\" data-orig-file=\"https:\/\/i0.wp.com\/opresenterural.com.br\/wp-content\/uploads\/2026\/03\/Erico-Pozzer-presidente-da-APA-e1773237625242.jpg?fit=609%2C650&amp;ssl=1\" data-orig-size=\"609,650\" data-comments-opened=\"0\" data-image-meta=\"{&quot;aperture&quot;:&quot;0&quot;,&quot;credit&quot;:&quot;Alan Cerboncini Carvalho&quot;,&quot;camera&quot;:&quot;&quot;,&quot;caption&quot;:&quot;&quot;,&quot;created_timestamp&quot;:&quot;0&quot;,&quot;copyright&quot;:&quot;&quot;,&quot;focal_length&quot;:&quot;0&quot;,&quot;iso&quot;:&quot;0&quot;,&quot;shutter_speed&quot;:&quot;0&quot;,&quot;title&quot;:&quot;&quot;,&quot;orientation&quot;:&quot;0&quot;}\" data-image-title=\"\u00c9rico Pozzer presidente da APA\" data-image-description data-image-caption=\"&lt;p&gt;Presidente da APA, \u00c9rico Pozzer \u2013 Foto: Alan Carvalho&lt;\/p&gt;\" data-medium-file=\"https:\/\/i0.wp.com\/opresenterural.com.br\/wp-content\/uploads\/2026\/03\/Erico-Pozzer-presidente-da-APA-e1773237625242.jpg?fit=281%2C300&amp;ssl=1\" data-large-file=\"https:\/\/i0.wp.com\/opresenterural.com.br\/wp-content\/uploads\/2026\/03\/Erico-Pozzer-presidente-da-APA-e1773237625242.jpg?fit=609%2C650&amp;ssl=1\" class=\"wp-image-205181 size-medium\" src=\"https:\/\/i0.wp.com\/opresenterural.com.br\/wp-content\/uploads\/2026\/03\/Erico-Pozzer-presidente-da-APA-e1773237625242-281x300.jpg?resize=281%2C300&amp;ssl=1\" alt width=\"281\" height=\"300\" srcset=\"https:\/\/i0.wp.com\/opresenterural.com.br\/wp-content\/uploads\/2026\/03\/Erico-Pozzer-presidente-da-APA-e1773237625242.jpg?resize=281%2C300&amp;ssl=1 281w, https:\/\/i0.wp.com\/opresenterural.com.br\/wp-content\/uploads\/2026\/03\/Erico-Pozzer-presidente-da-APA-e1773237625242.jpg?resize=560%2C600&amp;ssl=1 560w, https:\/\/i0.wp.com\/opresenterural.com.br\/wp-content\/uploads\/2026\/03\/Erico-Pozzer-presidente-da-APA-e1773237625242.jpg?resize=300%2C320&amp;ssl=1 300w, https:\/\/i0.wp.com\/opresenterural.com.br\/wp-content\/uploads\/2026\/03\/Erico-Pozzer-presidente-da-APA-e1773237625242.jpg?resize=600%2C640&amp;ssl=1 600w, https:\/\/i0.wp.com\/opresenterural.com.br\/wp-content\/uploads\/2026\/03\/Erico-Pozzer-presidente-da-APA-e1773237625242.jpg?w=609&amp;ssl=1 609w\" sizes=\"(max-width: 281px) 100vw, 281px\"><\/p>\n<p id=\"caption-attachment-205181\" class=\"wp-caption-text\">Presidente da APA, \u00c9rico Pozzer: \u201cProduzimos prote\u00ednas com grande acessibilidade e precisamos continuar trabalhando para manter produtos de excel\u00eancia tanto para o mercado interno quanto para a exporta\u00e7\u00e3o\u201d \u2013 Foto: Alan Carvalho<\/p>\n<\/div>\n<p align=\"justify\"><span style=\"font-family: Calibri, serif;\"><span style=\"font-size: small;\">Na abertura do evento, o presidente da APA, \u00c9rico Pozzer, ressaltou a import\u00e2ncia econ\u00f4mica e social da avicultura para o Pa\u00eds e destacou o papel do setor na oferta de prote\u00ednas acess\u00edveis \u00e0 popula\u00e7\u00e3o. \u201cA nossa atividade \u00e9 extremamente necess\u00e1ria e desempenha um papel social importante. Produzimos prote\u00ednas com grande acessibilidade e precisamos continuar trabalhando para manter produtos de excel\u00eancia tanto para o mercado interno quanto para a exporta\u00e7\u00e3o\u201d, afirmou.<\/span><\/span><\/p>\n<p align=\"justify\"><span style=\"font-family: Calibri, serif;\"><span style=\"font-size: small;\">Durante a cerim\u00f4nia, Rog\u00e9rio Iuspa, mestre de cerim\u00f4nias e integrante da comiss\u00e3o organizadora, apresentou o m\u00e9dico-veterin\u00e1rio e produtor Josim\u00e1rio Gomes Flor\u00eancio, de Caruaru (PE), como presidente de honra desta edi\u00e7\u00e3o do congresso. Ao agradecer a homenagem, Flor\u00eancio destacou a relev\u00e2ncia do evento para o fortalecimento t\u00e9cnico da atividade. \u201cPara mim, este \u00e9 o maior e mais importante palco da avicultura de postura comercial da Am\u00e9rica Latina. \u00c9 uma honra representar os produtores de ovos do Brasil neste congresso\u201d, salientou.<\/span><\/span><\/p>\n<div id=\"attachment_205187\" style=\"width: 310px\" class=\"wp-caption alignleft\"><img data-recalc-dims=\"1\" decoding=\"async\" aria-describedby=\"caption-attachment-205187\" data-attachment-id=\"205187\" data-permalink=\"https:\/\/opresenterural.com.br\/congresso-apa-2026-e-aberto-em-limeira-com-foco-em-sanidade-ciencia-e-expansao-das-exportacoes-de-ovos\/medico-veterinario-avicultor-pernambucano-e-presidente-do-congresso-apa-2026-josimario-florencio\/\" data-orig-file=\"https:\/\/i0.wp.com\/opresenterural.com.br\/wp-content\/uploads\/2026\/03\/Medico-veterinario-avicultor-pernambucano-e-presidente-do-Congresso-APA-2026-Josimario-Florencio.jpg?fit=1369%2C913&amp;ssl=1\" data-orig-size=\"1369,913\" data-comments-opened=\"0\" data-image-meta=\"{&quot;aperture&quot;:&quot;0&quot;,&quot;credit&quot;:&quot;Alan Cerboncini Carvalho&quot;,&quot;camera&quot;:&quot;&quot;,&quot;caption&quot;:&quot;&quot;,&quot;created_timestamp&quot;:&quot;0&quot;,&quot;copyright&quot;:&quot;&quot;,&quot;focal_length&quot;:&quot;0&quot;,&quot;iso&quot;:&quot;0&quot;,&quot;shutter_speed&quot;:&quot;0&quot;,&quot;title&quot;:&quot;&quot;,&quot;orientation&quot;:&quot;0&quot;}\" data-image-title=\"M\u00e9dico-veterin\u00e1rio, avicultor pernambucano e presidente do Congresso APA 2026 Josim\u00e1rio Flor\u00eancio\" data-image-description data-image-caption=\"&lt;p&gt;M\u00e9dico-veterin\u00e1rio, avicultor pernambucano e presidente do Congresso APA 2026, Josim\u00e1rio Flor\u00eancio \u2013 Foto: Alan Carvalho&lt;\/p&gt;\" data-medium-file=\"https:\/\/i0.wp.com\/opresenterural.com.br\/wp-content\/uploads\/2026\/03\/Medico-veterinario-avicultor-pernambucano-e-presidente-do-Congresso-APA-2026-Josimario-Florencio.jpg?fit=300%2C200&amp;ssl=1\" data-large-file=\"https:\/\/i0.wp.com\/opresenterural.com.br\/wp-content\/uploads\/2026\/03\/Medico-veterinario-avicultor-pernambucano-e-presidente-do-Congresso-APA-2026-Josimario-Florencio.jpg?fit=740%2C494&amp;ssl=1\" class=\"wp-image-205187 size-medium\" src=\"https:\/\/i0.wp.com\/opresenterural.com.br\/wp-content\/uploads\/2026\/03\/Medico-veterinario-avicultor-pernambucano-e-presidente-do-Congresso-APA-2026-Josimario-Florencio.jpg?resize=300%2C200&amp;ssl=1\" alt width=\"300\" height=\"200\" srcset=\"https:\/\/i0.wp.com\/opresenterural.com.br\/wp-content\/uploads\/2026\/03\/Medico-veterinario-avicultor-pernambucano-e-presidente-do-Congresso-APA-2026-Josimario-Florencio.jpg?resize=300%2C200&amp;ssl=1 300w, https:\/\/i0.wp.com\/opresenterural.com.br\/wp-content\/uploads\/2026\/03\/Medico-veterinario-avicultor-pernambucano-e-presidente-do-Congresso-APA-2026-Josimario-Florencio.jpg?resize=1024%2C683&amp;ssl=1 1024w, https:\/\/i0.wp.com\/opresenterural.com.br\/wp-content\/uploads\/2026\/03\/Medico-veterinario-avicultor-pernambucano-e-presidente-do-Congresso-APA-2026-Josimario-Florencio.jpg?resize=768%2C512&amp;ssl=1 768w, https:\/\/i0.wp.com\/opresenterural.com.br\/wp-content\/uploads\/2026\/03\/Medico-veterinario-avicultor-pernambucano-e-presidente-do-Congresso-APA-2026-Josimario-Florencio.jpg?resize=600%2C400&amp;ssl=1 600w, https:\/\/i0.wp.com\/opresenterural.com.br\/wp-content\/uploads\/2026\/03\/Medico-veterinario-avicultor-pernambucano-e-presidente-do-Congresso-APA-2026-Josimario-Florencio.jpg?w=1369&amp;ssl=1 1369w\" sizes=\"(max-width: 300px) 100vw, 300px\"><\/p>\n<p id=\"caption-attachment-205187\" class=\"wp-caption-text\">M\u00e9dico-veterin\u00e1rio, avicultor pernambucano e presidente do Congresso APA 2026, Josim\u00e1rio Flor\u00eancio: \u201cEste congresso exerce algo fundamental: ci\u00eancia. Precisamos que todos venham aqui e saiam fartos de ci\u00eancia, porque \u00e9 isso que fortalece a nossa atividade\u201d \u2013 Foto: Alan Carvalho<\/p>\n<\/div>\n<p align=\"justify\"><span style=\"font-family: Calibri, serif;\"><span style=\"font-size: small;\">Ele tamb\u00e9m ressaltou o papel evento para o conhecimento cient\u00edfico no desenvolvimento do setor. \u201cEste congresso exerce algo fundamental: ci\u00eancia. Precisamos que todos venham aqui e saiam fartos de ci\u00eancia, porque \u00e9 isso que fortalece a nossa atividade\u201d, mencionou, defendendo a amplia\u00e7\u00e3o da presen\u00e7a brasileira no mercado internacional. \u201cO Brasil precisa ampliar sua participa\u00e7\u00e3o nas exporta\u00e7\u00f5es. A produ\u00e7\u00e3o brasileira de ovos j\u00e1 n\u00e3o cabe apenas dentro do Brasil\u201d, enfatizou.\u00a0<\/span><\/span><\/p>\n<p align=\"justify\"><span style=\"font-family: Calibri, serif;\"><span style=\"font-size: small;\">Dando sequ\u00eancia \u00e0 cerim\u00f4nia de abertura, foi realizada a entrega de uma placa de homenagem ao professor doutor Evandro de Abreu Fernandes, em reconhecimento ao seu profissionalismo e \u00e0 dedica\u00e7\u00e3o ao desenvolvimento da avicultura brasileira.<\/span><\/span><\/p>\n<p align=\"justify\"><span style=\"font-family: Calibri, serif;\"><span style=\"font-size: small;\">Natural de Minas Gerais e m\u00e9dico-veterin\u00e1rio de forma\u00e7\u00e3o, o professor Evandro construiu uma trajet\u00f3ria s\u00f3lida no setor, com atua\u00e7\u00e3o destacada no desenvolvimento da produ\u00e7\u00e3o av\u00edcola. Ao longo de sua carreira, ocupou cargos de lideran\u00e7a, exerceu a fun\u00e7\u00e3o de diretor de produ\u00e7\u00e3o, contribuindo para o crescimento e a consolida\u00e7\u00e3o da atividade no cen\u00e1rio nacional. Atualmente, segue atuando como consultor, compartilhando sua experi\u00eancia e vis\u00e3o estrat\u00e9gica com o setor av\u00edcola.<\/span><\/span><\/p>\n<p align=\"justify\"><span style=\"font-family: Calibri, serif;\"><span style=\"font-size: small;\">Representando a Secretaria de Agricultura e Abastecimento do Estado de S\u00e3o Paulo, o coordenador da Defesa Agropecu\u00e1ria, Luiz<\/span><\/span><\/p>\n<div id=\"attachment_205183\" style=\"width: 310px\" class=\"wp-caption alignright\"><img loading=\"lazy\" data-recalc-dims=\"1\" decoding=\"async\" aria-describedby=\"caption-attachment-205183\" data-attachment-id=\"205183\" data-permalink=\"https:\/\/opresenterural.com.br\/congresso-apa-2026-e-aberto-em-limeira-com-foco-em-sanidade-ciencia-e-expansao-das-exportacoes-de-ovos\/coordenador-da-coordenadoria-de-defesa-agropecuaria-da-sfa-sp-luiz-henrique-barrochelo\/\" data-orig-file=\"https:\/\/i0.wp.com\/opresenterural.com.br\/wp-content\/uploads\/2026\/03\/coordenador-da-Coordenadoria-de-Defesa-Agropecuaria-da-SFA-SP-Luiz-Henrique-Barrochelo-e1773237739414.jpg?fit=609%2C485&amp;ssl=1\" data-orig-size=\"609,485\" data-comments-opened=\"0\" data-image-meta=\"{&quot;aperture&quot;:&quot;0&quot;,&quot;credit&quot;:&quot;Alan Cerboncini Carvalho&quot;,&quot;camera&quot;:&quot;&quot;,&quot;caption&quot;:&quot;&quot;,&quot;created_timestamp&quot;:&quot;0&quot;,&quot;copyright&quot;:&quot;&quot;,&quot;focal_length&quot;:&quot;0&quot;,&quot;iso&quot;:&quot;0&quot;,&quot;shutter_speed&quot;:&quot;0&quot;,&quot;title&quot;:&quot;&quot;,&quot;orientation&quot;:&quot;0&quot;}\" data-image-title=\"coordenador da Coordenadoria de Defesa Agropecu\u00e1ria da SFA-SP Luiz Henrique Barrochelo\" data-image-description data-image-caption =\"&lt;p&gt;Coordenador da Coordenadoria de Defesa Agropecu\u00e1ria da SFA-SP, Luiz Henrique Barrochelo \u2013 Foto: Alan Carvalho&lt;\/p&gt;\" data-medium-file=\"https:\/\/i0.wp.com\/opresenterural.com.br\/wp-content\/uploads\/2026\/03\/coordenador-da-Coordenadoria-de-Defesa-Agropecuaria-da-SFA-SP-Luiz-Henrique-Barrochelo-e1773237739414.jpg?fit=300%2C239&amp;ssl=1\" data-large-file=\"https:\/\/i0.wp.com\/opresenterural.com.br\/wp-content\/uploads\/2026\/03\/coordenador-da-Coordenadoria-de-Defesa-Agropecuaria-da-SFA-SP-Luiz-Henrique-Barrochelo-e1773237739414.jpg?fit=609%2C485&amp;ssl=1\" class=\"wp-image-205183 size-medium\" src=\"https:\/\/i0.wp.com\/opresenterural.com.br\/wp-content\/uploads\/2026\/03\/coordenador-da-Coordenadoria-de-Defesa-Agropecuaria-da-SFA-SP-Luiz-Henrique-Barrochelo-e1773237739414-300x239.jpg?resize=300%2C239&amp;ssl=1\" alt width =\"300\" height=\"239\" srcset=\"https:\/\/i0.wp.com\/opresenterural.com.br\/wp-content\/uploads\/2026\/03\/coordenador-da-Coordenadoria-de-Defesa-Agropecuaria-da-SFA-SP-Luiz-Henrique-Barrochelo-e1773237739414.jpg?resize=300%2C239&amp;ssl=1 300w, https:\/\/i0.wp.com\/opresenterural.com.br\/wp-content\/uploads\/2026\/03\/coordenador-da-Coordenadoria-de-Defesa-Agropecuaria-da-SFA-SP-Luiz-Henrique-Barrochelo-e1773237739414.jpg?resize=600%2C478&amp;ssl=1 600w, https:\/\/i0.wp.com\/opresenterural.com.br\/wp-content\/uploads\/2026\/03\/coordenador-da-Coordenadoria-de-Defesa-Agropecuaria-da-SFA-SP-Luiz-Henrique-Barrochelo-e1773237739414.jpg?w=609&amp;ssl=1 609w\" sizes=\"auto, (max-width: 300px) 100vw, 300px\"><\/p>\n<p id=\"caption-attachment-205183\" class=\"wp-caption-text\">Coordenador da Coordenadoria de Defesa Agropecu\u00e1ria da SFA-SP, Luiz Henrique Barrochelo: \u201cEventos como este permitem ampliar o conhecimento t\u00e9cnico e fortalecer a atividade\u201d \u2013 Foto: Alan Carvalho<\/p>\n<\/div>\n<p align=\"justify\"><span style=\"font-family: Calibri, serif;\"><span style=\"font-size: small;\">Henrique Barrochelo, destacou a import\u00e2ncia do congresso para a difus\u00e3o de conhecimento t\u00e9cnico e para o fortalecimento da produ\u00e7\u00e3o agropecu\u00e1ria. \u201cEventos como este permitem ampliar o conhecimento t\u00e9cnico e fortalecer a atividade. A agricultura brasileira demonstra que \u00e9 poss\u00edvel produzir com efici\u00eancia, qualidade e responsabilidade ambiental\u201d, frisou.<\/span><\/span><\/p>\n<p align=\"justify\"><span style=\"font-family: Calibri, serif;\"><span style=\"font-size: small;\">O superintendente do Minist\u00e9rio da Agricultura e Pecu\u00e1ria (Mapa) em S\u00e3o Paulo, Estanislau Steck, destacou o compromisso do governo federal em apoiar o produtor e fortalecer a agropecu\u00e1ria brasileira. Segundo ele, a atua\u00e7\u00e3o do minist\u00e9rio busca criar condi\u00e7\u00f5es para que o setor continue se expandindo, especialmente por meio da abertura de novos mercados internacionais. \u201c\u00c9 importante que o governo esteja ao lado do produtor. Como se costuma dizer no campo, se o governo n\u00e3o atrapalhar, o produtor brasileiro faz acontecer\u201d, mencionou.<\/span><\/span><\/p>\n<p align=\"justify\"><span style=\"font-family: Calibri, serif;\"><span style=\"font-size: small;\">A diretora do Departamento de Inspe\u00e7\u00e3o de Produtos de Origem Animal (DIPOA) do Mapa, Juliana Satie Becker de Carvalho Chino, destacou o reconhecimento internacional do sistema sanit\u00e1rio brasileiro. \u201cO Brasil continua sendo uma verdadeira ilha de credibilidade e seguran\u00e7a sanit\u00e1ria. Manter esse <\/span><\/span><span style=\"font-family: Calibri, serif;\"><span style=\"font-size: small;\"><i>status <\/i><\/span><\/span><span style=\"font-family: Calibri, serif;\"><span style=\"font-size: small;\">\u00e9 um grande desafio e s\u00f3 \u00e9 poss\u00edvel gra\u00e7as ao trabalho integrado do servi\u00e7o oficial e ao comprometimento do setor produtivo\u201d, enalteceu.<\/span><\/span><\/p>\n<div id=\"attachment_205189\" style=\"width: 310px\" class=\"wp-caption alignleft\"><img loading=\"lazy\" data-recalc-dims=\"1\" decoding=\"async\" aria-describedby=\"caption-attachment-205189\" data-attachment-id=\"205189\" data-permalink=\"https:\/\/opresenterural.com.br\/congresso-apa-2026-e-aberto-em-limeira-com-foco-em-sanidade-ciencia-e-expansao-das-exportacoes-de-ovos\/congresso_apa_abertura\/\" data-orig-file=\"https:\/\/i0.wp.com\/opresenterural.com.br\/wp-content\/uploads\/2026\/03\/congresso_apa_abertura.jpg?fit=1369%2C913&amp;ssl=1\" data-orig-size=\"1369,913\" data-comments-opened=\"0\" data-image-meta=\"{&quot;aperture&quot;:&quot;0&quot;,&quot;credit&quot;:&quot;Alan Cerboncini Carvalho&quot;,&quot;camera&quot;:&quot;&quot;,&quot;caption&quot;:&quot;&quot;,&quot;created_timestamp&quot;:&quot;0&quot;,&quot;copyright&quot;:&quot;&quot;,&quot;focal_length&quot;:&quot;0&quot;,&quot;iso&quot;:&quot;0&quot;,&quot;shutter_speed&quot;:&quot;0&quot;,&quot;title&quot;:&quot;&quot;,&quot;orientation&quot;:&quot;0&quot;}\" data-image-title=\"congresso_apa_abertura\" data-image-description data-image-caption =\"&lt;p&gt;Presidente da ABPA, Ricardo Santin: \u201cO que estamos demonstrando ao mundo \u00e9 que o Brasil est\u00e1 preparado para crescer\u201d\u00a0\u2013 Foto: Alan Carvalho&lt;\/p&gt;\" data-medium-file=\"https:\/\/i0.wp.com\/opresenterural.com.br\/wp-content\/uploads\/2026\/03\/congresso_apa_abertura.jpg?fit=300%2C200&amp;ssl=1\" data-large-file=\"https:\/\/i0.wp.com\/opresenterural.com.br\/wp-content\/uploads\/2026\/03\/congresso_apa_abertura.jpg?fit=740%2C494&amp;ssl=1\" class=\"size-medium wp-image-205189\" src=\"https:\/\/i0.wp.com\/opresenterural.com.br\/wp-content\/uploads\/2026\/03\/congresso_apa_abertura.jpg?resize=300%2C200&amp;ssl=1\" alt width =\"300\" height=\"200\" srcset=\"https:\/\/i0.wp.com\/opresenterural.com.br\/wp-content\/uploads\/2026\/03\/congresso_apa_abertura.jpg?resize=300%2C200&amp;ssl=1 300w, https:\/\/i0.wp.com\/opresenterural.com.br\/wp-content\/uploads\/2026\/03\/congresso_apa_abertura.jpg?resize=1024%2C683&amp;ssl=1 1024w, https:\/\/i0.wp.com\/opresenterural.com.br\/wp-content\/uploads\/2026\/03\/congresso_apa_abertura.jpg?resize=768%2C512&amp;ssl=1 768w, https:\/\/i0.wp.com\/opresenterural.com.br\/wp-content\/uploads\/2026\/03\/congresso_apa_abertura.jpg?resize=600%2C400&amp;ssl=1 600w, https:\/\/i0.wp.com\/opresenterural.com.br\/wp-content\/uploads\/2026\/03\/congresso_apa_abertura.jpg?w=1369&amp;ssl=1 1369w\" sizes=\"auto, (max-width: 300px) 100vw, 300px\"><\/p>\n<p id=\"caption-attachment-205189\" class=\"wp-caption-text\">Presidente da ABPA, Ricardo Santin: \u201cO que estamos demonstrando ao mundo \u00e9 que o Brasil est\u00e1 preparado para crescer\u201d\u00a0\u2013 Foto: Alan Carvalho<\/p>\n<\/div>\n<p align=\"justify\"><span style=\"font-family: Calibri, serif;\"><span style=\"font-size: small;\">O presidente da Associa\u00e7\u00e3o Brasileira de Prote\u00edna Animal (ABPA), Ricardo Santin, tamb\u00e9m destacou a import\u00e2ncia da dedica\u00e7\u00e3o das equipes t\u00e9cnicas e do trabalho conjunto entre setor privado e governo. \u201cO que estamos demonstrando ao mundo \u00e9 que o Brasil est\u00e1 preparado para crescer. Nosso segredo \u00e9 simples: dedica\u00e7\u00e3o e trabalho para manter o status sanit\u00e1rio do Pa\u00eds\u201d, evidenciou. <\/span><\/span><\/p>\n<p align=\"justify\"><span style=\"font-family: Calibri, serif;\"><span style=\"font-size: small;\">Segundo ele, a cadeia representada pela entidade, que abrange os setores de ovos, carne de frango e su\u00ednos, envolve cerca de quatro milh\u00f5es de pessoas direta e indiretamente no Pa\u00eds.<\/span><\/span><\/p>\n<p align=\"justify\"><span style=\"font-family: Calibri, serif;\"><span style=\"font-size: small;\">Encerrando as manifesta\u00e7\u00f5es da mesa de abertura, Roberto Betancourt, diretor do Deagro\/Fiesp, presidente do Sindira\u00e7\u00f5es, da FeedLatina e vice-presidente da IFIF, destacou o potencial do agroneg\u00f3cio brasileiro. \u201cO Brasil tem um potencial extraordin\u00e1rio na produ\u00e7\u00e3o de alimentos e prote\u00edna animal. A avicultura \u00e9 um setor diferenciado, que cresceu com base em trabalho s\u00e9rio, pesquisa e empreendedorismo\u201d, afirmou.<\/span><\/span><\/p>\n<\/div>\n<h6><em>THE <strong>Bela Cereais<\/strong> works with the best grains on the market and also keeps you up to date with the latest news and analyses on agribusiness.<br \/>\nDon&#039;t forget to follow our social networks.<\/em><\/h6>\n<p><a href=\"https:\/\/opresenterural.com.br\/congresso-apa-2026-e-aberto-em-limeira-com-foco-em-sanidade-ciencia-e-expansao-das-exportacoes-de-ovos\/\" target=\"_blank\" rel=\"noopener\">Access News Source <\/a><\/p>","protected":false},"excerpt":{"rendered":"<p>O 23\u00ba Congresso APA de Produ\u00e7\u00e3o e Comercializa\u00e7\u00e3o de Ovos foi oficialmente aberto na ter\u00e7a-feira&hellip;<\/p>","protected":false},"author":1,"featured_media":26985,"comment_status":"","ping_status":"","sticky":false,"template":"","format":"standard","meta":{"footnotes":""},"categories":[7],"tags":[],"class_list":["post-26984","post","type-post","status-publish","format-standard","has-post-thumbnail","hentry","category-exportacoes"],"_links":{"self":[{"href":"https:\/\/belacereais.com.br\/en\/wp-json\/wp\/v2\/posts\/26984","targetHints":{"allow":["GET"]}}],"collection":[{"href":"https:\/\/belacereais.com.br\/en\/wp-json\/wp\/v2\/posts"}],"about":[{"href":"https:\/\/belacereais.com.br\/en\/wp-json\/wp\/v2\/types\/post"}],"author":[{"embeddable":true,"href":"https:\/\/belacereais.com.br\/en\/wp-json\/wp\/v2\/users\/1"}],"replies":[{"embeddable":true,"href":"https:\/\/belacereais.com.br\/en\/wp-json\/wp\/v2\/comments?post=26984"}],"version-history":[{"count":0,"href":"https:\/\/belacereais.com.br\/en\/wp-json\/wp\/v2\/posts\/26984\/revisions"}],"wp:featuredmedia":[{"embeddable":true,"href":"https:\/\/belacereais.com.br\/en\/wp-json\/wp\/v2\/media\/26985"}],"wp:attachment":[{"href":"https:\/\/belacereais.com.br\/en\/wp-json\/wp\/v2\/media?parent=26984"}],"wp:term":[{"taxonomy":"category","embeddable":true,"href":"https:\/\/belacereais.com.br\/en\/wp-json\/wp\/v2\/categories?post=26984"},{"taxonomy":"post_tag","embeddable":true,"href":"https:\/\/belacereais.com.br\/en\/wp-json\/wp\/v2\/tags?post=26984"}],"curies":[{"name":"wp","href":"https:\/\/api.w.org\/{rel}","templated":true}]}}