{"id":26986,"date":"2026-03-11T16:42:18","date_gmt":"2026-03-11T20:42:18","guid":{"rendered":"https:\/\/belacereais.com.br\/2026\/centro-oeste\/inmet-chuvas-irregulares-causam-impactos-em-areas-agricolas-no-mato-grosso-do-sul\/"},"modified":"2026-03-11T16:42:18","modified_gmt":"2026-03-11T20:42:18","slug":"inmet-chuvas-irregulares-causam-impactos-em-areas-agricolas-no-mato-grosso-do-sul","status":"publish","type":"post","link":"https:\/\/belacereais.com.br\/en\/2026\/centro-oeste\/inmet-chuvas-irregulares-causam-impactos-em-areas-agricolas-no-mato-grosso-do-sul\/","title":{"rendered":"Inmet: Chuvas irregulares causam impactos em \u00e1reas agr\u00edcolas no Mato Grosso do Sul"},"content":{"rendered":"<p><\/p>\n<div class=\"materia\">\n<p>Os acumulados de chuva t\u00eam sido distintos no estado de Mato Grosso do Sul nas \u00faltimas semanas, impactando a fase final de cultivo da soja e o in\u00edcio do cultivo do milho de segunda safra. A redu\u00e7\u00e3o e a irregularidade dos eventos de chuva, juntamente com temperaturas mais elevadas t\u00eam afetado principalmente as lavouras de soja com semeadura mais tardia, que ainda se encontram em fases fenol\u00f3gicas cr\u00edticas da cultura. Esse per\u00edodo \u00e9 decisivo para a defini\u00e7\u00e3o de componentes de rendimento, como o n\u00famero de gr\u00e3os por vagem e o peso de gr\u00e3os. A situa\u00e7\u00e3o mais cr\u00edtica ocorre no setor sul e sudeste do estado, onde o d\u00e9ficit h\u00eddrico vem sendo observado de forma mais constante, gerando uma estimativa de perda de produtividade de at\u00e9 35% at\u00e9 o dia 15 de mar\u00e7o (Figura 1).<\/p>\n<p>Essa estimativa foi obtida a partir do SISDAGRO (Sistema de Suporte \u00e0 Decis\u00e3o na Agropecu\u00e1ria), sistema que utiliza indicadores agrometeorol\u00f3gicos, como precipita\u00e7\u00e3o, evapotranspira\u00e7\u00e3o e balan\u00e7o h\u00eddrico do solo, para avaliar o impacto das condi\u00e7\u00f5es meteorol\u00f3gicas sobre o desenvolvimento das culturas.<\/p>\n<div class=\"image-center\">\n<figure class=\"image-captioned\"><img decoding=\"async\" alt=\"figura1_itaquirai_perda\" src=\"https:\/\/cdn.noticiasagricolas.com.br\/dbimagens\/thumbs\/800x2000\/figura1-itaquirai-perda-ftWak.png\"><figcaption>\n<strong>Figura 1:<\/strong>\u00a0D\u00e9ficit h\u00eddrico e estimativa de perda de produtividade para o per\u00edodo de 10 de dezembro de 2025 a 15 de mar\u00e7o de 2026 em Itaquira\u00ed (MS). Fonte: SISDAGRO.<\/figcaption><\/figure>\n<\/div>\n<p>Ressalta-se que, mesmo as \u00e1reas localizadas mais ao norte de Mato Grosso do Sul, que vinham apresentando condi\u00e7\u00f5es h\u00eddricas favor\u00e1veis ao desenvolvimento das semeaduras tardias e beneficiadas por chuvas mais frequentes durante a fase vegetativa da soja, j\u00e1 come\u00e7am a registrar d\u00e9ficits h\u00eddricos, elevando o risco de perdas agr\u00edcolas tamb\u00e9m nesta regi\u00e3o. Observa-se, na Figura 2, o aumento da frequ\u00eancia de d\u00e9ficits h\u00eddricos di\u00e1rios entre o final de fevereiro e o in\u00edcio de mar\u00e7o, que contribuiu para a eleva\u00e7\u00e3o da expectativa de perda de produtividade, estimada em at\u00e9 26,8% at\u00e9 o dia 11 de mar\u00e7o. No entanto, com a previs\u00e3o de novas chuvas para os pr\u00f3ximos dias, o d\u00e9ficit h\u00eddrico n\u00e3o dever\u00e1 se intensificar at\u00e9 o dia 15 de mar\u00e7o.<\/p>\n<p>O impacto dessas condi\u00e7\u00f5es nas culturas de segunda safra, entre elas milho, sorgo e pastagens, tamb\u00e9m resulta em ritmos distintos nos avan\u00e7os de semeadura e estabelecimento das lavouras. No sul do Mato Grosso do Sul, as semeaduras de milho encontram-se mais avan\u00e7adas, por\u00e9m dependem da ocorr\u00eancia de novos eventos de chuva para favorecer o desenvolvimento inicial das plantas. J\u00e1 para as \u00e1reas do norte do estado o cen\u00e1rio tende a ser mais adequado tanto para a semeadura quanto para o estabelecimento da cultura.<\/p>\n<div id=\"uolpd-video-inarticle\"><\/div>\n<p>A ocorr\u00eancia de chuvas regulares favorece a manuten\u00e7\u00e3o da umidade do solo e estimula o crescimento das gram\u00edneas forrageiras, contribuindo para maior disponibilidade de alimento para o rebanho. Por outro lado, per\u00edodos prolongados de estiagem reduzem a umidade do solo e limitam o crescimento vegetativo, resultando em menor produ\u00e7\u00e3o de biomassa e redu\u00e7\u00e3o da capacidade de suporte das \u00e1reas de pastejo.<\/p>\n<div class=\"image-center\">\n<figure class=\"image-captioned\"><img decoding=\"async\" alt=\"figura-2_coxim_perda\" src=\"https:\/\/cdn.noticiasagricolas.com.br\/dbimagens\/thumbs\/800x2000\/figura-2-coxim-perda-n2wge.png\"><figcaption>\n<strong><strong>Figura 2:<\/strong>\u00a0<\/strong>D\u00e9ficit h\u00eddrico e estimativa de perda de produtividade para o per\u00edodo de 10 de dezembro de 2025 a 15 de mar\u00e7o de 2026 em Coxim (MS). Fonte: SISDAGRO.<\/figcaption><\/figure>\n<\/div>\n<p><strong><strong>Previs\u00e3o de Tempo<\/strong><\/strong><\/p>\n<p>A previs\u00e3o do tempo para os pr\u00f3ximos dias indica a continuidade das chuvas no centro\u2011norte, leste e em \u00e1reas do Pantanal sul\u2011mato\u2011grossense, com acumulados elevados, variando entre 80 e 200 mm, o que tende a favorecer a manuten\u00e7\u00e3o da umidade do solo nessas \u00e1reas, sem indica\u00e7\u00e3o de d\u00e9ficit h\u00eddrico significativo no per\u00edodo previsto, por\u00e9m as temperaturas m\u00e9dias do ar devem ser manter acima dos 26 \u00baC. Este cen\u00e1rio pode favorecer as lavouras de segunda safra e pastagens, mas tamb\u00e9m podem dificultar opera\u00e7\u00f5es em campo. Em contraste, o sul do estado deve receber baixos volumes de chuva, contribuindo para a manuten\u00e7\u00e3o do d\u00e9ficit h\u00eddrico no solo, o que mant\u00e9m o alerta para poss\u00edveis perdas nas lavouras da regi\u00e3o.<\/p>\n<p>Esse cen\u00e1rio refor\u00e7a a necessidade de aten\u00e7\u00e3o no planejamento das atividades agr\u00edcolas na regi\u00e3o, recomendando-se o acompanhamento cont\u00ednuo das atualiza\u00e7\u00f5es meteorol\u00f3gicas do INMET, bem como o monitoramento das condi\u00e7\u00f5es de umidade do solo, a fim de subsidiar a tomada de decis\u00e3o no manejo das lavouras, reduzir riscos operacionais e otimizar o planejamento das opera\u00e7\u00f5es de campo.<\/p>\n<\/p><\/div>\n<h6><em>THE <strong>Bela Cereais<\/strong> works with the best grains on the market in the Central West Region and also keeps you up to date with the latest news and analyses on agribusiness.<br \/>\nDon&#039;t forget to follow our social networks.<\/em><\/h6>\n<p><a href=\"https:\/\/www.noticiasagricolas.com.br\/noticias\/clima\/416994-inmet-chuvas-irregulares-causam-impactos-em-areas-agricolas-no-mato-grosso-do-sul.html?utm_source=parceiros&#038;utm_medium=rss\" target=\"_blank\" rel=\"noopener\">Access News Source <\/a><\/p>","protected":false},"excerpt":{"rendered":"<p>Os acumulados de chuva t\u00eam sido distintos no estado de Mato Grosso do Sul nas&hellip;<\/p>","protected":false},"author":1,"featured_media":26987,"comment_status":"","ping_status":"","sticky":false,"template":"","format":"standard","meta":{"footnotes":""},"categories":[90],"tags":[240,239,385,539,594,617,252],"class_list":["post-26986","post","type-post","status-publish","format-standard","has-post-thumbnail","hentry","category-centro-oeste","tag-agricultura","tag-agronegocio","tag-clima","tag-inmet","tag-meteorologia","tag-noticias-agricolas-clima","tag-previsao-do-tempo"],"_links":{"self":[{"href":"https:\/\/belacereais.com.br\/en\/wp-json\/wp\/v2\/posts\/26986","targetHints":{"allow":["GET"]}}],"collection":[{"href":"https:\/\/belacereais.com.br\/en\/wp-json\/wp\/v2\/posts"}],"about":[{"href":"https:\/\/belacereais.com.br\/en\/wp-json\/wp\/v2\/types\/post"}],"author":[{"embeddable":true,"href":"https:\/\/belacereais.com.br\/en\/wp-json\/wp\/v2\/users\/1"}],"replies":[{"embeddable":true,"href":"https:\/\/belacereais.com.br\/en\/wp-json\/wp\/v2\/comments?post=26986"}],"version-history":[{"count":0,"href":"https:\/\/belacereais.com.br\/en\/wp-json\/wp\/v2\/posts\/26986\/revisions"}],"wp:featuredmedia":[{"embeddable":true,"href":"https:\/\/belacereais.com.br\/en\/wp-json\/wp\/v2\/media\/26987"}],"wp:attachment":[{"href":"https:\/\/belacereais.com.br\/en\/wp-json\/wp\/v2\/media?parent=26986"}],"wp:term":[{"taxonomy":"category","embeddable":true,"href":"https:\/\/belacereais.com.br\/en\/wp-json\/wp\/v2\/categories?post=26986"},{"taxonomy":"post_tag","embeddable":true,"href":"https:\/\/belacereais.com.br\/en\/wp-json\/wp\/v2\/tags?post=26986"}],"curies":[{"name":"wp","href":"https:\/\/api.w.org\/{rel}","templated":true}]}}