{"id":26988,"date":"2026-03-12T07:54:58","date_gmt":"2026-03-12T11:54:58","guid":{"rendered":"https:\/\/belacereais.com.br\/2026\/soja\/reforma-tributaria-pressiona-produtores-de-sementes-de-soja-a-ajustar-operacoes\/"},"modified":"2026-03-12T07:54:58","modified_gmt":"2026-03-12T11:54:58","slug":"reforma-tributaria-pressiona-produtores-de-sementes-de-soja-a-ajustar-operacoes","status":"publish","type":"post","link":"https:\/\/belacereais.com.br\/en\/2026\/soja\/reforma-tributaria-pressiona-produtores-de-sementes-de-soja-a-ajustar-operacoes\/","title":{"rendered":"Reforma tribut\u00e1ria pressiona produtores de sementes de soja a ajustar opera\u00e7\u00f5es"},"content":{"rendered":"<p><\/p>\n<div id=\"mvp-content-main\" class=\"left relative\">\n<p>A Associa\u00e7\u00e3o Brasileira dos Produtores de Sementes de Soja (ABRASS) promoveu na \u00faltima sexta-feira (06) o workshop Reforma Tribut\u00e1ria: Impactos nas Opera\u00e7\u00f5es do Neg\u00f3cio de Sementes de Soja, com consultoria da MOA Advogados, representada pelas doutoras Graciele Mocellin e Carolina Buzzanelli.<\/p>\n<p>O encontro trouxe uma an\u00e1lise detalhada dos efeitos pr\u00e1ticos da reforma tribut\u00e1ria sob a perspectiva operacional e fiscal do setor, al\u00e9m de abordar desafios espec\u00edficos enfrentados pelos produtores de sementes. \u201cA Reforma Tribut\u00e1ria afetar\u00e1 o cen\u00e1rio do agroneg\u00f3cio e o produtor de sementes de soja com impacto direto sobre as al\u00edquotas na semente. O planejamento fiscal das empresas ser\u00e1 primordial e far\u00e1 a diferen\u00e7a na prepara\u00e7\u00e3o para a\u00e7\u00f5es estrat\u00e9gicas mais assertivas no m\u00e9dio e longo prazo\u201d, alertou Graciele.<\/p>\n<p>O workshop analisou principalmente as novas regras da Contribui\u00e7\u00e3o sobre Bens e Servi\u00e7os (CBS) e do Imposto sobre Bens e Servi\u00e7os (IBS), detalhando como fatos geradores, bases de c\u00e1lculo e contribui\u00e7\u00f5es influenciar\u00e3o o dia a dia das empresas, exigindo revis\u00f5es nas rotinas de apura\u00e7\u00e3o e nos sistemas de informa\u00e7\u00e3o fiscal.<\/p>\n<p>Outro ponto destacado foi a implanta\u00e7\u00e3o da nova Nota Fiscal Eletr\u00f4nica, que entrou em vigor em 01\u00ba de janeiro de 2026. \u201cEssa mudan\u00e7a demanda ajustes nos m\u00f3dulos de emiss\u00e3o, no relacionamento comercial com compradores e na integra\u00e7\u00e3o com os sistemas de gest\u00e3o\u201d, afirmou Gaciele.<\/p>\n<p>O evento tamb\u00e9m aprofundou os efeitos do modelo de Split Payment, ou apura\u00e7\u00e3o assistida, que altera significativamente a forma de recolhimento de tributos e exige acompanhamento constante de caixa e controles internos.<\/p>\n<p>Os especialistas discutiram ainda a extin\u00e7\u00e3o do PIS\/Pasep e da COFINS, a substitui\u00e7\u00e3o do ICMS e ISS pelo IBS e o per\u00edodo de transi\u00e7\u00e3o entre os regimes, ressaltando que todos esses pontos demandam planejamento tribut\u00e1rio e governan\u00e7a robusta. \u201cA Reforma Tribut\u00e1ria traz mudan\u00e7as estruturais na defini\u00e7\u00e3o dos fatos geradores e no fluxo de apura\u00e7\u00e3o tribut\u00e1ria. Para os produtores de sementes, isso significa que processos antes rotineiros precisar\u00e3o ser revisados, sistemas precisam ser parametrizados corretamente e controles internos fortalecidos para evitar conting\u00eancias fiscais\u201d, refor\u00e7ou a advogada Carolina Buzzanelli.<\/p>\n<p>Segundo o diretor institucional da ABRASS, Gladir Tomazelli, a agenda refor\u00e7a o compromisso da entidade em preparar os multiplicadores de sementes de soja para as mudan\u00e7as que impactar\u00e3o diretamente suas opera\u00e7\u00f5es. \u201cH\u00e1 alguns anos j\u00e1 tivemos a\u00e7\u00f5es e orienta\u00e7\u00f5es produtivas em conjunto com a MOA Advogados, por isso, estamos seguindo com a miss\u00e3o de conceder aos associados essa parceria com dire\u00e7\u00e3o t\u00e1tica sobre a reforma tribut\u00e1ria\u201d, afirmou.<\/p>\n<\/div>\n<h6><em>THE <strong>Bela Cereais<\/strong> works with the best grains on the market and also keeps you up to date with the latest news and analyses on agribusiness.<br \/>\nDon&#039;t forget to follow our social networks.<\/em><\/h6>\n<p><a href=\"https:\/\/opresenterural.com.br\/reforma-tributaria-pressiona-produtores-de-sementes-de-soja-a-ajustar-operacoes\/\" target=\"_blank\" rel=\"noopener\">Access News Source <\/a><\/p>","protected":false},"excerpt":{"rendered":"<p>A Associa\u00e7\u00e3o Brasileira dos Produtores de Sementes de Soja (ABRASS) promoveu na \u00faltima sexta-feira (06)&hellip;<\/p>","protected":false},"author":1,"featured_media":26611,"comment_status":"","ping_status":"","sticky":false,"template":"","format":"standard","meta":{"footnotes":""},"categories":[259],"tags":[],"class_list":["post-26988","post","type-post","status-publish","format-standard","has-post-thumbnail","hentry","category-soja"],"_links":{"self":[{"href":"https:\/\/belacereais.com.br\/en\/wp-json\/wp\/v2\/posts\/26988","targetHints":{"allow":["GET"]}}],"collection":[{"href":"https:\/\/belacereais.com.br\/en\/wp-json\/wp\/v2\/posts"}],"about":[{"href":"https:\/\/belacereais.com.br\/en\/wp-json\/wp\/v2\/types\/post"}],"author":[{"embeddable":true,"href":"https:\/\/belacereais.com.br\/en\/wp-json\/wp\/v2\/users\/1"}],"replies":[{"embeddable":true,"href":"https:\/\/belacereais.com.br\/en\/wp-json\/wp\/v2\/comments?post=26988"}],"version-history":[{"count":0,"href":"https:\/\/belacereais.com.br\/en\/wp-json\/wp\/v2\/posts\/26988\/revisions"}],"wp:featuredmedia":[{"embeddable":true,"href":"https:\/\/belacereais.com.br\/en\/wp-json\/wp\/v2\/media\/26611"}],"wp:attachment":[{"href":"https:\/\/belacereais.com.br\/en\/wp-json\/wp\/v2\/media?parent=26988"}],"wp:term":[{"taxonomy":"category","embeddable":true,"href":"https:\/\/belacereais.com.br\/en\/wp-json\/wp\/v2\/categories?post=26988"},{"taxonomy":"post_tag","embeddable":true,"href":"https:\/\/belacereais.com.br\/en\/wp-json\/wp\/v2\/tags?post=26988"}],"curies":[{"name":"wp","href":"https:\/\/api.w.org\/{rel}","templated":true}]}}