{"id":26989,"date":"2026-03-12T09:17:57","date_gmt":"2026-03-12T13:17:57","guid":{"rendered":"https:\/\/belacereais.com.br\/2026\/exportacoes\/exportacoes-paranaenses-para-a-india-crescem-95-no-primeiro-bimestre-de-2026\/"},"modified":"2026-03-12T09:17:57","modified_gmt":"2026-03-12T13:17:57","slug":"exportacoes-paranaenses-para-a-india-crescem-95-no-primeiro-bimestre-de-2026","status":"publish","type":"post","link":"https:\/\/belacereais.com.br\/en\/2026\/exportacoes\/exportacoes-paranaenses-para-a-india-crescem-95-no-primeiro-bimestre-de-2026\/","title":{"rendered":"Exporta\u00e7\u00f5es paranaenses para a \u00cdndia crescem 95% no primeiro bimestre de 2026"},"content":{"rendered":"<p><\/p>\n<div id=\"mvp-content-main\" class=\"left relative\">\n<p>Apontada como uma das economias mais din\u00e2micas do mundo, com a perspectiva de alcan\u00e7ar em poucos anos a terceira posi\u00e7\u00e3o no ranking global do PIB, atr\u00e1s somente dos EUA e China, a \u00cdndia vem se destacando cada vez mais como compradora de mercadorias paranaenses.<\/p>\n<p>Segundo dados do Minist\u00e9rio do Desenvolvimento, Ind\u00fastria, Com\u00e9rcio e Servi\u00e7os (MDIC), levantados pelo Instituto Paranaense de Desenvolvimento Econ\u00f4mico e Social (Ipardes), as exporta\u00e7\u00f5es do Estado para \u00cdndia somaram US$ 108 milh\u00f5es no 1\u00ba bimestre deste ano, o que correspondeu a um aumento de 95% em rela\u00e7\u00e3o ao mesmo intervalo de 2025, quando as vendas atingiram US$ 55,6 milh\u00f5es.<\/p>\n<p><img fetchpriority=\"high\" data-recalc-dims=\"1\" decoding=\"async\" data-attachment-id=\"200871\" data-permalink=\"https:\/\/opresenterural.com.br\/parana-atinge-2-maior-patamar-de-exportacoes-da-historia-em-2025\/whatsapp_image_2025-03-17_at_09-46-31\/\" data-orig-file=\"https:\/\/i0.wp.com\/opresenterural.com.br\/wp-content\/uploads\/2026\/01\/whatsapp_image_2025-03-17_at_09.46.31.jpg?fit=1400%2C933&amp;ssl=1\" data-orig-size=\"1400,933\" data-comments-opened=\"0\" data-image-meta=\"{&quot;aperture&quot;:&quot;0&quot;,&quot;credit&quot;:&quot;&quot;,&quot;camera&quot;:&quot;&quot;,&quot;caption&quot;:&quot;&quot;,&quot;created_timestamp&quot;:&quot;0&quot;,&quot;copyright&quot;:&quot;&quot;,&quot;focal_length&quot;:&quot;0&quot;,&quot;iso&quot;:&quot;0&quot;,&quot;shutter_speed&quot;:&quot;0&quot;,&quot;title&quot;:&quot;&quot;,&quot;orientation&quot;:&quot;1&quot;}\" data-image-title=\"portos, exporta\u00e7\u00f5es, navio\" data-image-description data-image-caption=\"&lt;p&gt;Foto: Claudio Neves\/Portos do Paran\u00e1&lt;\/p&gt;\" data-medium-file=\"https:\/\/i0.wp.com\/opresenterural.com.br\/wp-content\/uploads\/2026\/01\/whatsapp_image_2025-03-17_at_09.46.31.jpg?fit=300%2C200&amp;ssl=1\" data-large-file=\"https:\/\/i0.wp.com\/opresenterural.com.br\/wp-content\/uploads\/2026\/01\/whatsapp_image_2025-03-17_at_09.46.31.jpg?fit=740%2C493&amp;ssl=1\" class=\"size-medium wp-image-200871\" src=\"https:\/\/i0.wp.com\/opresenterural.com.br\/wp-content\/uploads\/2026\/01\/whatsapp_image_2025-03-17_at_09.46.31.jpg?resize=300%2C200&amp;ssl=1\" alt width=\"300\" height=\"200\" srcset=\"https:\/\/i0.wp.com\/opresenterural.com.br\/wp-content\/uploads\/2026\/01\/whatsapp_image_2025-03-17_at_09.46.31.jpg?resize=300%2C200&amp;ssl=1 300w, https:\/\/i0.wp.com\/opresenterural.com.br\/wp-content\/uploads\/2026\/01\/whatsapp_image_2025-03-17_at_09.46.31.jpg?resize=1024%2C682&amp;ssl=1 1024w, https:\/\/i0.wp.com\/opresenterural.com.br\/wp-content\/uploads\/2026\/01\/whatsapp_image_2025-03-17_at_09.46.31.jpg?resize=768%2C512&amp;ssl=1 768w, https:\/\/i0.wp.com\/opresenterural.com.br\/wp-content\/uploads\/2026\/01\/whatsapp_image_2025-03-17_at_09.46.31.jpg?resize=600%2C400&amp;ssl=1 600w, https:\/\/i0.wp.com\/opresenterural.com.br\/wp-content\/uploads\/2026\/01\/whatsapp_image_2025-03-17_at_09.46.31.jpg?w=1400&amp;ssl=1 1400w\" sizes=\"(max-width: 300px) 100vw, 300px\"><\/p>\n<p>Em consequ\u00eancia disso, a participa\u00e7\u00e3o da \u00cdndia nas exporta\u00e7\u00f5es totais paranaenses subiu de 1,7% para 3,5%, o que garantiu a terceira coloca\u00e7\u00e3o entre os destinos dos bens produzidos no Paran\u00e1, abaixo apenas dos pesos da China e Argentina. Nos dois primeiros meses do ano passado, o pa\u00eds asi\u00e1tico ocupava a 15\u00aa coloca\u00e7\u00e3o entre os pa\u00edses que adquiriram produtos paranaenses.<\/p>\n<p>Esse volume de 2026 \u00e9 t\u00e3o expressivo que j\u00e1 equivale a praticamente metade das exporta\u00e7\u00f5es realizadas para o pa\u00eds ao longo de todos os meses de 2020 e 2021, por exemplo. O melhor ano da rela\u00e7\u00e3o comercial foi 2023, com exporta\u00e7\u00f5es na casa de US$ 751 milh\u00f5es.<\/p>\n<p>Na pauta dos bens exportados, sobressaem o \u00f3leo de soja, os produtos metal\u00fargicos, os derivados do petr\u00f3leo e o papel, que, juntos, responderam por 87% das receitas geradas pelo com\u00e9rcio com a \u00cdndia no 1\u00ba bimestre de 2026. J\u00e1 em rela\u00e7\u00e3o \u00e0s importa\u00e7\u00f5es, o Estado adquiriu US$ 70,7 milh\u00f5es em mercadorias indianas nos dois primeiros do presente exerc\u00edcio, com destaque para os produtos qu\u00edmicos.<\/p>\n<p>De acordo com Jorge Callado, em uma vis\u00e3o estrat\u00e9gica, o Governo e os exportadores do Estado v\u00eam acompanhando os movimentos do mercado indiano, j\u00e1 que consideram o pa\u00eds como um dos alicerces do crescimento futuro das vendas externas do Paran\u00e1. \u201cA amplia\u00e7\u00e3o do interc\u00e2mbio comercial com a \u00cdndia interessa muito ao Estado, dado o entendimento de que a produ\u00e7\u00e3o para exporta\u00e7\u00e3o gera emprego e renda em n\u00edvel local\u201d, analisa.<\/p>\n<h4><strong>Exporta\u00e7\u00f5es da alta<\/strong><\/h4>\n<p><img data-recalc-dims=\"1\" decoding=\"async\" data-attachment-id=\"196756\" data-permalink=\"https:\/\/opresenterural.com.br\/concessao-do-canal-da-galheta-vai-tornar-porto-de-paranagua-o-mais-acessivel-do-brasil\/default-164\/\" data-orig-file=\"https:\/\/i0.wp.com\/opresenterural.com.br\/wp-content\/uploads\/2025\/11\/Canal-da-Galheta-Porto-de-Paranagua-Foto-Claudio-Neves-Portos-do-PR.jpg?fit=1400%2C933&amp;ssl=1\" data-orig-size=\"1400,933\" data-comments-opened=\"0\" data-image-meta=\"{&quot;aperture&quot;:&quot;1.7&quot;,&quot;credit&quot;:&quot;&quot;,&quot;camera&quot;:&quot;FC8482&quot;,&quot;caption&quot;:&quot;default&quot;,&quot;created_timestamp&quot;:&quot;1748964096&quot;,&quot;copyright&quot;:&quot;&quot;,&quot;focal_length&quot;:&quot;6.72&quot;,&quot;iso&quot;:&quot;160&quot;,&quot;shutter_speed&quot;:&quot;0.00025&quot;,&quot;title&quot;:&quot;default&quot;,&quot;orientation&quot;:&quot;1&quot;}\" data-image-title=\"Canal-da-Galheta-Porto-de-Paranagua\" data-image-description data-image-caption=\"&lt;p&gt;Foto: Claudio Neves\/ Portos do Paran\u00e1&lt;\/p&gt;\" data-medium-file=\"https:\/\/i0.wp.com\/opresenterural.com.br\/wp-content\/uploads\/2025\/11\/Canal-da-Galheta-Porto-de-Paranagua-Foto-Claudio-Neves-Portos-do-PR.jpg?fit=300%2C200&amp;ssl=1\" data-large-file=\"https:\/\/i0.wp.com\/opresenterural.com.br\/wp-content\/uploads\/2025\/11\/Canal-da-Galheta-Porto-de-Paranagua-Foto-Claudio-Neves-Portos-do-PR.jpg?fit=740%2C493&amp;ssl=1\" class=\"size-medium wp-image-196756\" src=\"https:\/\/i0.wp.com\/opresenterural.com.br\/wp-content\/uploads\/2025\/11\/Canal-da-Galheta-Porto-de-Paranagua-Foto-Claudio-Neves-Portos-do-PR.jpg?resize=300%2C200&amp;ssl=1\" alt width=\"300\" height=\"200\" srcset=\"https:\/\/i0.wp.com\/opresenterural.com.br\/wp-content\/uploads\/2025\/11\/Canal-da-Galheta-Porto-de-Paranagua-Foto-Claudio-Neves-Portos-do-PR.jpg?resize=300%2C200&amp;ssl=1 300w, https:\/\/i0.wp.com\/opresenterural.com.br\/wp-content\/uploads\/2025\/11\/Canal-da-Galheta-Porto-de-Paranagua-Foto-Claudio-Neves-Portos-do-PR.jpg?resize=1024%2C682&amp;ssl=1 1024w, https:\/\/i0.wp.com\/opresenterural.com.br\/wp-content\/uploads\/2025\/11\/Canal-da-Galheta-Porto-de-Paranagua-Foto-Claudio-Neves-Portos-do-PR.jpg?resize=768%2C512&amp;ssl=1 768w, https:\/\/i0.wp.com\/opresenterural.com.br\/wp-content\/uploads\/2025\/11\/Canal-da-Galheta-Porto-de-Paranagua-Foto-Claudio-Neves-Portos-do-PR.jpg?resize=600%2C400&amp;ssl=1 600w, https:\/\/i0.wp.com\/opresenterural.com.br\/wp-content\/uploads\/2025\/11\/Canal-da-Galheta-Porto-de-Paranagua-Foto-Claudio-Neves-Portos-do-PR.jpg?w=1400&amp;ssl=1 1400w\" sizes=\"(max-width: 300px) 100vw, 300px\"><\/p>\n<p>As exporta\u00e7\u00f5es paranaenses para\u00a0mercados asi\u00e1ticos e europeus cresceram de forma significativa neste ano. As vendas estaduais para Jap\u00e3o, Singapura e Filipinas avan\u00e7aram, respectivamente, 107%, 103% e 124% no 1\u00ba bimestre de 2026, em compara\u00e7\u00e3o a id\u00eantico per\u00edodo de 2025. Ou seja, dobraram de tamanho.<\/p>\n<p>No caso das vendas para o mercado japon\u00eas, o aumento foi sustentado principalmente pela carne de frango, enquanto as exporta\u00e7\u00f5es para Singapura e Filipinas apresentaram crescimento alicer\u00e7ado no petr\u00f3leo e na carne su\u00edna, respectivamente. O Com\u00e9rcio com a Europa envolveu incremento das exporta\u00e7\u00f5es de torneiras e v\u00e1lvulas e farelo de soja.<\/p>\n<h4><strong>TCS<\/strong><\/h4>\n<p>E as boas rela\u00e7\u00f5es com a \u00cdndia extrapolam o com\u00e9rcio. Recentemente a multinacional indiana Tata Consultancy Services (TCS), l\u00edder global em servi\u00e7os de TI, consultoria e solu\u00e7\u00f5es de neg\u00f3cios, anunciou\u00a0investimento de R$ 200 milh\u00f5es (US$ 37 milh\u00f5es) na constru\u00e7\u00e3o de um campus em Londrina, no Norte do Paran\u00e1. Presente na cidade h\u00e1 sete anos, onde fica o seu maior centro de opera\u00e7\u00f5es no Brasil, o complexo deve ser conclu\u00eddo em 2027, com a perspectiva de gerar 1.600 empregos diretos.<\/p>\n<\/div>\n<h6><em>THE <strong>Bela Cereais<\/strong> works with the best grains on the market and also keeps you up to date with the latest news and analyses on agribusiness.<br \/>\nDon&#039;t forget to follow our social networks.<\/em><\/h6>\n<p><a href=\"https:\/\/opresenterural.com.br\/exportacoes-paranaenses-para-a-india-crescem-95-no-primeiro-bimestre-de-2026\/\" target=\"_blank\" rel=\"noopener\">Access News Source <\/a><\/p>","protected":false},"excerpt":{"rendered":"<p>Apontada como uma das economias mais din\u00e2micas do mundo, com a perspectiva de alcan\u00e7ar em&hellip;<\/p>","protected":false},"author":1,"featured_media":26831,"comment_status":"","ping_status":"","sticky":false,"template":"","format":"standard","meta":{"footnotes":""},"categories":[7],"tags":[],"class_list":["post-26989","post","type-post","status-publish","format-standard","has-post-thumbnail","hentry","category-exportacoes"],"_links":{"self":[{"href":"https:\/\/belacereais.com.br\/en\/wp-json\/wp\/v2\/posts\/26989","targetHints":{"allow":["GET"]}}],"collection":[{"href":"https:\/\/belacereais.com.br\/en\/wp-json\/wp\/v2\/posts"}],"about":[{"href":"https:\/\/belacereais.com.br\/en\/wp-json\/wp\/v2\/types\/post"}],"author":[{"embeddable":true,"href":"https:\/\/belacereais.com.br\/en\/wp-json\/wp\/v2\/users\/1"}],"replies":[{"embeddable":true,"href":"https:\/\/belacereais.com.br\/en\/wp-json\/wp\/v2\/comments?post=26989"}],"version-history":[{"count":0,"href":"https:\/\/belacereais.com.br\/en\/wp-json\/wp\/v2\/posts\/26989\/revisions"}],"wp:featuredmedia":[{"embeddable":true,"href":"https:\/\/belacereais.com.br\/en\/wp-json\/wp\/v2\/media\/26831"}],"wp:attachment":[{"href":"https:\/\/belacereais.com.br\/en\/wp-json\/wp\/v2\/media?parent=26989"}],"wp:term":[{"taxonomy":"category","embeddable":true,"href":"https:\/\/belacereais.com.br\/en\/wp-json\/wp\/v2\/categories?post=26989"},{"taxonomy":"post_tag","embeddable":true,"href":"https:\/\/belacereais.com.br\/en\/wp-json\/wp\/v2\/tags?post=26989"}],"curies":[{"name":"wp","href":"https:\/\/api.w.org\/{rel}","templated":true}]}}