{"id":26990,"date":"2026-03-12T09:27:09","date_gmt":"2026-03-12T13:27:09","guid":{"rendered":"https:\/\/belacereais.com.br\/2026\/centro-oeste\/transicao-para-economia-de-baixo-carbono-pode-redefinir-empregos-no-agro-em-mato-grosso\/"},"modified":"2026-03-12T09:27:09","modified_gmt":"2026-03-12T13:27:09","slug":"transicao-para-economia-de-baixo-carbono-pode-redefinir-empregos-no-agro-em-mato-grosso","status":"publish","type":"post","link":"https:\/\/belacereais.com.br\/en\/2026\/centro-oeste\/transicao-para-economia-de-baixo-carbono-pode-redefinir-empregos-no-agro-em-mato-grosso\/","title":{"rendered":"Transi\u00e7\u00e3o para economia de baixo carbono pode redefinir empregos no agro em Mato Grosso"},"content":{"rendered":"<p><\/p>\n<div id=\"mvp-content-main\" class=\"left relative\">\n<p class=\"v1MsoNormal\">A transi\u00e7\u00e3o global para uma economia de baixo carbono j\u00e1 come\u00e7a a produzir efeitos concretos em uma das regi\u00f5es mais estrat\u00e9gicas do agroneg\u00f3cio brasileiro. Um estudo da Agenda P\u00fablica indica que munic\u00edpios do estado de Mato Grosso, maior polo de agropecu\u00e1ria extensiva do pa\u00eds, podem enfrentar impactos relevantes sobre emprego e competitividade nos pr\u00f3ximos anos.<\/p>\n<p class=\"v1MsoNormal\">A pesquisa Empregos do Futuro analisou dados entre 2018 e 2024 e identificou forte depend\u00eancia econ\u00f4mica da agropecu\u00e1ria em cinco munic\u00edpios mato-grossenses: Diamantino, Sorriso, Campo Novo do Parecis, Nova Ubirat\u00e3 e Sapezal. Juntas, essas cidades concentram mais de 22 mil v\u00ednculos formais ligados \u00e0 agropecu\u00e1ria extensiva.<\/p>\n<div id=\"attachment_166026\" style=\"width: 310px\" class=\"wp-caption alignright\"><img fetchpriority=\"high\" data-recalc-dims=\"1\" decoding=\"async\" aria-describedby=\"caption-attachment-166026\" data-attachment-id=\"166026\" data-permalink=\"https:\/\/opresenterural.com.br\/adesao-obrigatoria-da-nota-fiscal-eletronica-do-produtor-rural-e-adiada-para-fevereiro\/cascavel-28-10-2020-produtor-rural-foto-jonathan-campos-aen-2\/\" data-orig-file=\"https:\/\/i0.wp.com\/opresenterural.com.br\/wp-content\/uploads\/2024\/12\/jonathan_campos_aen_0.jpg?fit=1400%2C933&amp;ssl=1\" data-orig-size=\"1400,933\" data-comments-opened=\"0\" data-image-meta=\"{&quot;aperture&quot;:&quot;5&quot;,&quot;credit&quot;:&quot;Jonathan Campos\\\/AEN&quot;,&quot;camera&quot;:&quot;Canon EOS 5D Mark III&quot;,&quot;caption&quot;:&quot;Cascavel - 28-10-2020 - Produtor rural -Foto : Jonathan Campos \\\/ AEN&quot;,&quot;created_timestamp&quot;:&quot;1603906960&quot;,&quot;copyright&quot;:&quot;&quot;,&quot;focal_length&quot;:&quot;38&quot;,&quot;iso&quot;:&quot;100&quot;,&quot;shutter_speed&quot;:&quot;0.000125&quot;,&quot;title&quot;:&quot;Cascavel - 28-10-2020 - Produtor rural -Foto : Jonathan Campos \\\/ AEN&quot;,&quot;orientation&quot;:&quot;1&quot;}\" data-image-title=\"Cascavel \u2013 28-10-2020 \u2013 Produtor rural -Foto : Jonathan Campos \/ AEN\" data-image-description data-image-caption=\"&lt;p&gt;Foto: Jonathan Campos &lt;\/p&gt;\" data-medium-file=\"https:\/\/i0.wp.com\/opresenterural.com.br\/wp-content\/uploads\/2024\/12\/jonathan_campos_aen_0.jpg?fit=300%2C200&amp;ssl=1\" data-large-file=\"https:\/\/i0.wp.com\/opresenterural.com.br\/wp-content\/uploads\/2024\/12\/jonathan_campos_aen_0.jpg?fit=740%2C493&amp;ssl=1\" class=\"size-medium wp-image-166026\" src=\"https:\/\/i0.wp.com\/opresenterural.com.br\/wp-content\/uploads\/2024\/12\/jonathan_campos_aen_0.jpg?resize=300%2C200&amp;ssl=1\" alt width=\"300\" height=\"200\" srcset=\"https:\/\/i0.wp.com\/opresenterural.com.br\/wp-content\/uploads\/2024\/12\/jonathan_campos_aen_0.jpg?resize=300%2C200&amp;ssl=1 300w, https:\/\/i0.wp.com\/opresenterural.com.br\/wp-content\/uploads\/2024\/12\/jonathan_campos_aen_0.jpg?resize=1024%2C682&amp;ssl=1 1024w, https:\/\/i0.wp.com\/opresenterural.com.br\/wp-content\/uploads\/2024\/12\/jonathan_campos_aen_0.jpg?resize=768%2C512&amp;ssl=1 768w, https:\/\/i0.wp.com\/opresenterural.com.br\/wp-content\/uploads\/2024\/12\/jonathan_campos_aen_0.jpg?resize=600%2C400&amp;ssl=1 600w, https:\/\/i0.wp.com\/opresenterural.com.br\/wp-content\/uploads\/2024\/12\/jonathan_campos_aen_0.jpg?w=1400&amp;ssl=1 1400w\" sizes=\"(max-width: 300px) 100vw, 300px\"><\/p>\n<p id=\"caption-attachment-166026\" class=\"wp-caption-text\">Photo: Jonathan Campos<\/p>\n<\/div>\n<p class=\"v1MsoNormal\">Em algumas localidades, a depend\u00eancia \u00e9 ainda mais expressiva. Em Nova Ubirat\u00e3 e Sapezal, por exemplo, mais da metade dos empregos formais e da massa salarial est\u00e3o diretamente vinculados ao setor agropecu\u00e1rio.<\/p>\n<p class=\"v1MsoNormal\">Segundo o estudo, essa concentra\u00e7\u00e3o torna as economias locais mais vulner\u00e1veis a oscila\u00e7\u00f5es do mercado internacional, eventos clim\u00e1ticos extremos e \u00e0s novas exig\u00eancias ambientais impostas por mercados compradores, especialmente nas cadeias voltadas \u00e0 exporta\u00e7\u00e3o.<\/p>\n<p class=\"v1MsoNormal\">Sem estrat\u00e9gias de adapta\u00e7\u00e3o, o risco \u00e9 perda de competitividade e dificuldade de acesso a mercados cada vez mais exigentes em rela\u00e7\u00e3o a crit\u00e9rios ambientais e de sustentabilidade.<\/p>\n<p class=\"v1MsoNormal\"><b>Caminhos para moderniza\u00e7\u00e3o<\/b><\/p>\n<p class=\"v1MsoNormal\">Ao mesmo tempo em que aponta riscos, o levantamento tamb\u00e9m identifica oportunidades de transforma\u00e7\u00e3o produtiva no campo. Tecnologias e pr\u00e1ticas sustent\u00e1veis podem impulsionar ganhos de produtividade e criar novas demandas por m\u00e3o de obra qualificada.<\/p>\n<p class=\"v1MsoNormal\">Entre as solu\u00e7\u00f5es citadas est\u00e3o a agricultura de precis\u00e3o, o uso de bioinsumos e a expans\u00e3o de sistemas integrados lavoura\u2013pecu\u00e1ria\u2013floresta (ILPF), modelo produtivo que combina diferentes atividades agr\u00edcolas em uma mesma \u00e1rea.<\/p>\n<p class=\"v1MsoNormal\">A estimativa apresentada pela pesquisa \u00e9 de que cerca de 2 milh\u00f5es de hectares com sistemas ILPF sejam implementados at\u00e9 2030, ampliando o potencial de gera\u00e7\u00e3o de empregos e fortalecendo a sustentabilidade da produ\u00e7\u00e3o agropecu\u00e1ria.<\/p>\n<p class=\"v1MsoNormal\"><b>Juventude rural no centro da transforma\u00e7\u00e3o<\/b><\/p>\n<p><img data-recalc-dims=\"1\" decoding=\"async\" data-attachment-id=\"205253\" data-permalink=\"https:\/\/opresenterural.com.br\/transicao-para-economia-de-baixo-carbono-pode-redefinir-empregos-no-agro-em-mato-grosso\/twofarmersinsoyfieldmakingagreementwithhandshakeat-2\/\" data-orig-file=\"https:\/\/i0.wp.com\/opresenterural.com.br\/wp-content\/uploads\/2026\/03\/shutterstock_2346585463.jpg?fit=1400%2C910&amp;ssl=1\" data-orig-size=\"1400,910\" data-comments-opened=\"0\" data-image-meta=\"{&quot;aperture&quot;:&quot;0&quot;,&quot;credit&quot;:&quot;Shutterstock&quot;,&quot;camera&quot;:&quot;&quot;,&quot;caption&quot;:&quot;Two farmers in soy field making agreement with handshake at sunset.&quot;,&quot;created_timestamp&quot;:&quot;0&quot;,&quot;copyright&quot;:&quot;Copyright (c) 2023 Zoran Zeremski\\\/Shutterstock.  No use without permission.&quot;,&quot;focal_length&quot;:&quot;0&quot;,&quot;iso&quot;:&quot;0&quot;,&quot;shutter_speed&quot;:&quot;0&quot;,&quot;title&quot;:&quot;Two,Farmers,In,Soy,Field,Making,Agreement,With,Handshake,At&quot;,&quot;orientation&quot;:&quot;1&quot;}\" data-image-title=\"Two,Farmers,In,Soy,Field,Making,Agreement,With,Handshake,At\" data-image-description data-image-caption=\"&lt;p&gt;Two farmers in soy field making agreement with handshake at sunset.&lt;\/p&gt;\" data-medium-file=\"https:\/\/i0.wp.com\/opresenterural.com.br\/wp-content\/uploads\/2026\/03\/shutterstock_2346585463.jpg?fit=300%2C195&amp;ssl=1\" data-large-file=\"https:\/\/i0.wp.com\/opresenterural.com.br\/wp-content\/uploads\/2026\/03\/shutterstock_2346585463.jpg?fit=740%2C481&amp;ssl=1\" class=\"size-medium wp-image-205253\" src=\"https:\/\/i0.wp.com\/opresenterural.com.br\/wp-content\/uploads\/2026\/03\/shutterstock_2346585463.jpg?resize=300%2C195&amp;ssl=1\" alt width=\"300\" height=\"195\" srcset=\"https:\/\/i0.wp.com\/opresenterural.com.br\/wp-content\/uploads\/2026\/03\/shutterstock_2346585463.jpg?resize=300%2C195&amp;ssl=1 300w, https:\/\/i0.wp.com\/opresenterural.com.br\/wp-content\/uploads\/2026\/03\/shutterstock_2346585463.jpg?resize=1024%2C666&amp;ssl=1 1024w, https:\/\/i0.wp.com\/opresenterural.com.br\/wp-content\/uploads\/2026\/03\/shutterstock_2346585463.jpg?resize=768%2C499&amp;ssl=1 768w, https:\/\/i0.wp.com\/opresenterural.com.br\/wp-content\/uploads\/2026\/03\/shutterstock_2346585463.jpg?resize=600%2C390&amp;ssl=1 600w, https:\/\/i0.wp.com\/opresenterural.com.br\/wp-content\/uploads\/2026\/03\/shutterstock_2346585463.jpg?w=1400&amp;ssl=1 1400w\" sizes=\"(max-width: 300px) 100vw, 300px\"><\/p>\n<p class=\"v1MsoNormal\">Outro ponto destacado no estudo \u00e9 o papel da juventude rural nesse processo de transi\u00e7\u00e3o. Os munic\u00edpios analisados concentram uma parcela significativa da popula\u00e7\u00e3o com idade entre 15 e 29 anos, grupo que pode desempenhar papel decisivo na moderniza\u00e7\u00e3o do setor.<\/p>\n<p class=\"v1MsoNormal\">A pesquisa alerta, no entanto, que o potencial dessa gera\u00e7\u00e3o depende de pol\u00edticas de qualifica\u00e7\u00e3o profissional e de cria\u00e7\u00e3o de oportunidades ligadas \u00e0 chamada economia verde. Sem essas iniciativas, existe o risco de amplia\u00e7\u00e3o da exclus\u00e3o econ\u00f4mica em \u00e1reas rurais.<\/p>\n<p class=\"v1MsoNormal\"><b>Pol\u00edticas p\u00fablicas em curso<\/b><\/p>\n<p class=\"v1MsoNormal\">O relat\u00f3rio tamb\u00e9m analisa iniciativas j\u00e1 em andamento que buscam estimular uma produ\u00e7\u00e3o mais sustent\u00e1vel no estado, entre elas os programas Mato Grosso Sustent\u00e1vel, MT Mais Verde e o Plano Estadual de Educa\u00e7\u00e3o Profissional Rural.<\/p>\n<p class=\"v1MsoNormal\">No \u00e2mbito federal, s\u00e3o citadas pol\u00edticas como o Plano de Transforma\u00e7\u00e3o Ecol\u00f3gica e a estrat\u00e9gia industrial Nova Ind\u00fastria Brasil, que incluem medidas voltadas \u00e0 descarboniza\u00e7\u00e3o da economia e ao fortalecimento de cadeias produtivas sustent\u00e1veis.<\/p>\n<p class=\"v1MsoNormal\"><b>Potencial de lideran\u00e7a<\/b><\/p>\n<p class=\"v1MsoNormal\">A conclus\u00e3o do estudo aponta que Mato Grosso re\u00fane condi\u00e7\u00f5es estrat\u00e9gicas para liderar a transi\u00e7\u00e3o sustent\u00e1vel no agroneg\u00f3cio brasileiro. No entanto, o sucesso desse processo depender\u00e1 da capacidade de integrar inova\u00e7\u00e3o tecnol\u00f3gica, qualifica\u00e7\u00e3o da m\u00e3o de obra e coordena\u00e7\u00e3o entre setor p\u00fablico e iniciativa privada.<\/p>\n<p class=\"v1MsoNormal\">Nesse cen\u00e1rio, especialistas destacam que a adapta\u00e7\u00e3o \u00e0s novas demandas ambientais e de mercado n\u00e3o ser\u00e1 apenas um desafio, mas tamb\u00e9m uma oportunidade para redefinir o futuro do trabalho no campo e fortalecer a competitividade do agro brasileiro no cen\u00e1rio internacional.<\/p>\n<\/div>\n<h6><em>THE <strong>Bela Cereais<\/strong> works with the best grains on the market in the Central West Region and also keeps you up to date with the latest news and analyses on agribusiness.<br \/>\nDon&#039;t forget to follow our social networks.<\/em><\/h6>\n<p><a href=\"https:\/\/opresenterural.com.br\/transicao-para-economia-de-baixo-carbono-pode-redefinir-empregos-no-agro-em-mato-grosso\/\" target=\"_blank\" rel=\"noopener\">Access News Source <\/a><\/p>","protected":false},"excerpt":{"rendered":"<p>A transi\u00e7\u00e3o global para uma economia de baixo carbono j\u00e1 come\u00e7a a produzir efeitos concretos&hellip;<\/p>","protected":false},"author":1,"featured_media":26991,"comment_status":"","ping_status":"","sticky":false,"template":"","format":"standard","meta":{"footnotes":""},"categories":[90],"tags":[],"class_list":["post-26990","post","type-post","status-publish","format-standard","has-post-thumbnail","hentry","category-centro-oeste"],"_links":{"self":[{"href":"https:\/\/belacereais.com.br\/en\/wp-json\/wp\/v2\/posts\/26990","targetHints":{"allow":["GET"]}}],"collection":[{"href":"https:\/\/belacereais.com.br\/en\/wp-json\/wp\/v2\/posts"}],"about":[{"href":"https:\/\/belacereais.com.br\/en\/wp-json\/wp\/v2\/types\/post"}],"author":[{"embeddable":true,"href":"https:\/\/belacereais.com.br\/en\/wp-json\/wp\/v2\/users\/1"}],"replies":[{"embeddable":true,"href":"https:\/\/belacereais.com.br\/en\/wp-json\/wp\/v2\/comments?post=26990"}],"version-history":[{"count":0,"href":"https:\/\/belacereais.com.br\/en\/wp-json\/wp\/v2\/posts\/26990\/revisions"}],"wp:featuredmedia":[{"embeddable":true,"href":"https:\/\/belacereais.com.br\/en\/wp-json\/wp\/v2\/media\/26991"}],"wp:attachment":[{"href":"https:\/\/belacereais.com.br\/en\/wp-json\/wp\/v2\/media?parent=26990"}],"wp:term":[{"taxonomy":"category","embeddable":true,"href":"https:\/\/belacereais.com.br\/en\/wp-json\/wp\/v2\/categories?post=26990"},{"taxonomy":"post_tag","embeddable":true,"href":"https:\/\/belacereais.com.br\/en\/wp-json\/wp\/v2\/tags?post=26990"}],"curies":[{"name":"wp","href":"https:\/\/api.w.org\/{rel}","templated":true}]}}