{"id":26992,"date":"2026-03-12T11:19:56","date_gmt":"2026-03-12T15:19:56","guid":{"rendered":"https:\/\/belacereais.com.br\/2026\/exportacoes\/exportacoes-de-carne-suina-do-parana-avancam-com-novos-mercados-e-maior-demanda-internacional\/"},"modified":"2026-03-12T11:19:56","modified_gmt":"2026-03-12T15:19:56","slug":"exportacoes-de-carne-suina-do-parana-avancam-com-novos-mercados-e-maior-demanda-internacional","status":"publish","type":"post","link":"https:\/\/belacereais.com.br\/en\/2026\/exportacoes\/exportacoes-de-carne-suina-do-parana-avancam-com-novos-mercados-e-maior-demanda-internacional\/","title":{"rendered":"Exporta\u00e7\u00f5es de carne su\u00edna do Paran\u00e1 avan\u00e7am com novos mercados e maior demanda internacional"},"content":{"rendered":"<p><\/p>\n<div id=\"mvp-content-main\" class=\"left relative\">\n<p data-start=\"0\" data-end=\"323\">A suinocultura do Paran\u00e1 segue em ritmo de crescimento nas exporta\u00e7\u00f5es em 2026. De acordo com o Boletim Conjuntural do Departamento de Economia Rural (Deral), da Secretaria da Agricultura e do Abastecimento (Seab), o Estado registrou os maiores volumes j\u00e1 embarcados para o primeiro bimestre da s\u00e9rie hist\u00f3rica.<\/p>\n<p data-start=\"325\" data-end=\"594\">Em janeiro, foram exportadas 17,02 mil toneladas de carne su\u00edna, enquanto em fevereiro o volume chegou a 20,62 mil toneladas. Apesar do avan\u00e7o, o recorde mensal ainda pertence a setembro de 2025, quando o Paran\u00e1 embarcou 25,18 mil toneladas.<\/p>\n<p data-start=\"596\" data-end=\"876\">O desempenho positivo \u00e9 atribu\u00eddo \u00e0 abertura de novos mercados em 2025, como Peru e Chile, al\u00e9m do aumento das compras por parte das Filipinas, que ampliaram suas importa\u00e7\u00f5es em 442,1% em rela\u00e7\u00e3o ao ano anterior, somando 9,3 mil toneladas no acumulado de 2026.<\/p>\n<p data-start=\"878\" data-end=\"1190\" data-is-last-node data-is-only-node>Entre os principais destinos da carne su\u00edna paranaense tamb\u00e9m est\u00e3o Hong Kong, com 6,5 mil toneladas, Uruguai (5,1 mil t), Singapura (4,2 mil t), Argentina (3,7 mil t), Vietn\u00e3 (1,8 mil t), Costa do Marfim (1,5 mil t), al\u00e9m de Peru (840 t), Ge\u00f3rgia (720 t) e Chile (642 t).<\/p>\n<\/div>\n<h6><em>THE <strong>Bela Cereais<\/strong> works with the best grains on the market and also keeps you up to date with the latest news and analyses on agribusiness.<br \/>\nDon&#039;t forget to follow our social networks.<\/em><\/h6>\n<p><a href=\"https:\/\/opresenterural.com.br\/exportacoes-de-carne-suina-do-parana-avancam-com-novos-mercados-e-maior-demanda-internacional\/\" target=\"_blank\" rel=\"noopener\">Access News Source <\/a><\/p>","protected":false},"excerpt":{"rendered":"<p>A suinocultura do Paran\u00e1 segue em ritmo de crescimento nas exporta\u00e7\u00f5es em 2026. De acordo&hellip;<\/p>","protected":false},"author":1,"featured_media":26545,"comment_status":"","ping_status":"","sticky":false,"template":"","format":"standard","meta":{"footnotes":""},"categories":[7],"tags":[],"class_list":["post-26992","post","type-post","status-publish","format-standard","has-post-thumbnail","hentry","category-exportacoes"],"_links":{"self":[{"href":"https:\/\/belacereais.com.br\/en\/wp-json\/wp\/v2\/posts\/26992","targetHints":{"allow":["GET"]}}],"collection":[{"href":"https:\/\/belacereais.com.br\/en\/wp-json\/wp\/v2\/posts"}],"about":[{"href":"https:\/\/belacereais.com.br\/en\/wp-json\/wp\/v2\/types\/post"}],"author":[{"embeddable":true,"href":"https:\/\/belacereais.com.br\/en\/wp-json\/wp\/v2\/users\/1"}],"replies":[{"embeddable":true,"href":"https:\/\/belacereais.com.br\/en\/wp-json\/wp\/v2\/comments?post=26992"}],"version-history":[{"count":0,"href":"https:\/\/belacereais.com.br\/en\/wp-json\/wp\/v2\/posts\/26992\/revisions"}],"wp:featuredmedia":[{"embeddable":true,"href":"https:\/\/belacereais.com.br\/en\/wp-json\/wp\/v2\/media\/26545"}],"wp:attachment":[{"href":"https:\/\/belacereais.com.br\/en\/wp-json\/wp\/v2\/media?parent=26992"}],"wp:term":[{"taxonomy":"category","embeddable":true,"href":"https:\/\/belacereais.com.br\/en\/wp-json\/wp\/v2\/categories?post=26992"},{"taxonomy":"post_tag","embeddable":true,"href":"https:\/\/belacereais.com.br\/en\/wp-json\/wp\/v2\/tags?post=26992"}],"curies":[{"name":"wp","href":"https:\/\/api.w.org\/{rel}","templated":true}]}}