{"id":26993,"date":"2026-03-12T13:21:34","date_gmt":"2026-03-12T17:21:34","guid":{"rendered":"https:\/\/belacereais.com.br\/2026\/exportacoes\/exportacoes-do-agro-somam-us-1205-bilhoes-em-fevereiro\/"},"modified":"2026-03-12T13:21:34","modified_gmt":"2026-03-12T17:21:34","slug":"exportacoes-do-agro-somam-us-1205-bilhoes-em-fevereiro","status":"publish","type":"post","link":"https:\/\/belacereais.com.br\/en\/2026\/exportacoes\/exportacoes-do-agro-somam-us-1205-bilhoes-em-fevereiro\/","title":{"rendered":"Exporta\u00e7\u00f5es do agro somam US$ 12,05 bilh\u00f5es em fevereiro"},"content":{"rendered":"<p><\/p>\n<div id=\"mvp-content-main\" class=\"left relative\">\n<p style=\"font-weight: 400;\"><span data-contrast=\"auto\">Oagroneg\u00f3cio brasileiro exportou US$ 12,05 bilh\u00f5es em fevereiro de 2026, o melhor resultado da s\u00e9rie hist\u00f3rica para o m\u00eas. O valor representa 45,8% de todas as exporta\u00e7\u00f5es brasileiras no per\u00edodo.\u00a0<\/span><span data-ccp-props=\"{&quot;134233117&quot;:false,&quot;134233118&quot;:false,&quot;335551550&quot;:6,&quot;335551620&quot;:6,&quot;335559738&quot;:240,&quot;335559739&quot;:240}\">\u00a0<\/span><\/p>\n<p style=\"font-weight: 400;\"><span data-contrast=\"auto\">Em compara\u00e7\u00e3o com fevereiro de 2025, houve crescimento de 7,4%, impulsionado principalmente pelo aumento do volume exportado, que avan\u00e7ou 9% em rela\u00e7\u00e3o ao mesmo m\u00eas do ano passado. O resultado reflete a estrat\u00e9gia adotada pelo Minist\u00e9rio da Agricultura e Pecu\u00e1ria (Mapa), em parceria com outras institui\u00e7\u00f5es governamentais e com o setor privado, voltada \u00e0 amplia\u00e7\u00e3o e abertura de mercados para os produtos do agro brasileiro.<\/span><span data-ccp-props=\"{&quot;134233117&quot;:false,&quot;134233118&quot;:false,&quot;335551550&quot;:6,&quot;335551620&quot;:6,&quot;335559738&quot;:240,&quot;335559739&quot;:240}\">\u00a0<\/span><\/p>\n<div id=\"attachment_201532\" style=\"width: 310px\" class=\"wp-caption alignleft\"><img fetchpriority=\"high\" data-recalc-dims=\"1\" decoding=\"async\" aria-describedby=\"caption-attachment-201532\" data-attachment-id=\"201532\" data-permalink=\"https:\/\/opresenterural.com.br\/acordo-mercosul-ue-zera-tarifa-para-mais-de-5-mil-produtos-brasileiros\/conteineres_-foto-claudio-neves-portos-do-parana-3\/\" data-orig-file=\"https:\/\/i0.wp.com\/opresenterural.com.br\/wp-content\/uploads\/2026\/01\/conteineres_-Foto-Claudio-Neves-Portos-do-Parana.jpg?fit=1400%2C933&amp;ssl=1\" data-orig-size=\"1400,933\" data-comments-opened=\"0\" data-image-meta=\"{&quot;aperture&quot;:&quot;4.8&quot;,&quot;credit&quot;:&quot;ClaudioNeves&quot;,&quot;camera&quot;:&quot;NIKON D810&quot;,&quot;caption&quot;:&quot;&quot;,&quot;created_timestamp&quot;:&quot;1578656592&quot;,&quot;copyright&quot;:&quot;ClaudioNeves&quot;,&quot;focal_length&quot;:&quot;70&quot;,&quot;iso&quot;:&quot;400&quot;,&quot;shutter_speed&quot;:&quot;0.0005&quot;,&quot;title&quot;:&quot;&quot;,&quot;orientation&quot;:&quot;1&quot;}\" data-image-title=\"conteineres_ Foto Claudio Neves Portos do Paran\u00e1\" data-image-description data-image-caption=\"&lt;p&gt;Foto: Claudio Neves\/Portos do Paran\u00e1&lt;\/p&gt;\" data-medium-file=\"https:\/\/i0.wp.com\/opresenterural.com.br\/wp-content\/uploads\/2026\/01\/conteineres_-Foto-Claudio-Neves-Portos-do-Parana.jpg?fit=300%2C200&amp;ssl=1\" data-large-file=\"https:\/\/i0.wp.com\/opresenterural.com.br\/wp-content\/uploads\/2026\/01\/conteineres_-Foto-Claudio-Neves-Portos-do-Parana.jpg?fit=740%2C493&amp;ssl=1\" class=\"size-medium wp-image-201532\" src=\"https:\/\/i0.wp.com\/opresenterural.com.br\/wp-content\/uploads\/2026\/01\/conteineres_-Foto-Claudio-Neves-Portos-do-Parana.jpg?resize=300%2C200&amp;ssl=1\" alt width=\"300\" height=\"200\" srcset=\"https:\/\/i0.wp.com\/opresenterural.com.br\/wp-content\/uploads\/2026\/01\/conteineres_-Foto-Claudio-Neves-Portos-do-Parana.jpg?resize=300%2C200&amp;ssl=1 300w, https:\/\/i0.wp.com\/opresenterural.com.br\/wp-content\/uploads\/2026\/01\/conteineres_-Foto-Claudio-Neves-Portos-do-Parana.jpg?resize=1024%2C682&amp;ssl=1 1024w, https:\/\/i0.wp.com\/opresenterural.com.br\/wp-content\/uploads\/2026\/01\/conteineres_-Foto-Claudio-Neves-Portos-do-Parana.jpg?resize=768%2C512&amp;ssl=1 768w, https:\/\/i0.wp.com\/opresenterural.com.br\/wp-content\/uploads\/2026\/01\/conteineres_-Foto-Claudio-Neves-Portos-do-Parana.jpg?resize=600%2C400&amp;ssl=1 600w, https:\/\/i0.wp.com\/opresenterural.com.br\/wp-content\/uploads\/2026\/01\/conteineres_-Foto-Claudio-Neves-Portos-do-Parana.jpg?w=1400&amp;ssl=1 1400w\" sizes=\"(max-width: 300px) 100vw, 300px\"><\/p>\n<p id=\"caption-attachment-201532\" class=\"wp-caption-text\">Fotos: Claudio Neves\/Portos do Paran\u00e1<\/p>\n<\/div>\n<p style=\"font-weight: 400;\"><span data-contrast=\"auto\">Apesar do avan\u00e7o nas vendas externas, o pre\u00e7o m\u00e9dio internacional registrou retra\u00e7\u00e3o de 1,5%, acompanhando a tend\u00eancia observada em \u00edndices globais de alimentos, como os divulgados pelo Banco Mundial e pela Organiza\u00e7\u00e3o das Na\u00e7\u00f5es Unidas para a Alimenta\u00e7\u00e3o e a Agricultura (FAO).<\/span><span data-ccp-props=\"{&quot;134233117&quot;:false,&quot;134233118&quot;:false,&quot;335551550&quot;:6,&quot;335551620&quot;:6,&quot;335559738&quot;:240,&quot;335559739&quot;:240}\">\u00a0<\/span><\/p>\n<p style=\"font-weight: 400;\"><span data-contrast=\"auto\">No mesmo per\u00edodo, as importa\u00e7\u00f5es de produtos agropecu\u00e1rios somaram US$ 1,5 bilh\u00e3o, queda de 9,1% em rela\u00e7\u00e3o a fevereiro de 2025. Com isso, o saldo da balan\u00e7a comercial do agroneg\u00f3cio atingiu super\u00e1vit de US$ 10,5 bilh\u00f5es (10,3%).<\/span><span data-ccp-props=\"{&quot;134233117&quot;:false,&quot;134233118&quot;:false,&quot;335551550&quot;:6,&quot;335551620&quot;:6,&quot;335559738&quot;:240,&quot;335559739&quot;:240}\">\u00a0<\/span><\/p>\n<p style=\"font-weight: 400;\"><span data-contrast=\"auto\">A China permaneceu como principal destino das exporta\u00e7\u00f5es do agro brasileiro, com US$ 3,6 bilh\u00f5es e participa\u00e7\u00e3o de 30,5% no total exportado. Em seguida aparecem a Uni\u00e3o Europeia, com US$ 1,8 bilh\u00e3o (15,2%), e os Estados Unidos, com US$ 802,9 milh\u00f5es (7%).<\/span><span data-ccp-props=\"{&quot;134233117&quot;:false,&quot;134233118&quot;:false,&quot;335551550&quot;:6,&quot;335551620&quot;:6,&quot;335559738&quot;:240,&quot;335559739&quot;:240}\">\u00a0<\/span><\/p>\n<p style=\"font-weight: 400;\"><span data-contrast=\"auto\">O m\u00eas tamb\u00e9m registrou expans\u00e3o das exporta\u00e7\u00f5es para outros pa\u00edses da \u00c1sia, com destaque para o Vietn\u00e3, que importou mais de US$ 372,6 milh\u00f5es em produtos do agro brasileiro (alta de 22,9% em rela\u00e7\u00e3o a fevereiro de 2025), e para a \u00cdndia, com embarques de US$ 357,3 milh\u00f5es (crescimento de 171,1%). No ranking dos principais destinos do agroneg\u00f3cio brasileiro em fevereiro, Vietn\u00e3 e \u00cdndia ocuparam a 4\u00aa e a 5\u00aa posi\u00e7\u00f5es, respectivamente.<\/span><span data-ccp-props=\"{&quot;134233117&quot;:false,&quot;134233118&quot;:false,&quot;335551550&quot;:6,&quot;335551620&quot;:6,&quot;335559738&quot;:240,&quot;335559739&quot;:240}\">\u00a0<\/span><\/p>\n<p><img data-recalc-dims=\"1\" decoding=\"async\" data-attachment-id=\"201455\" data-permalink=\"https:\/\/opresenterural.com.br\/balanca-comercial-tem-superavit-de-us-38-bilhoes-nas-tres-primeiras-semanas-de-janeiro\/porto-claudio-neves-portos-do-pr\/\" data-orig-file=\"https:\/\/i0.wp.com\/opresenterural.com.br\/wp-content\/uploads\/2026\/01\/porto-Claudio-Neves-Portos-do-PR.jpg?fit=1400%2C933&amp;ssl=1\" data-orig-size=\"1400,933\" data-comments-opened=\"0\" data-image-meta=\"{&quot;aperture&quot;:&quot;8&quot;,&quot;credit&quot;:&quot;Claudio Neves&quot;,&quot;camera&quot;:&quot;Canon EOS 6D Mark II&quot;,&quot;caption&quot;:&quot;Volume de gran\\u00e9is embarcado a leste do Porto de Paranagu\\u00e1 aumenta 7,4% no 1\\u00ba quadrimestre do ano -&quot;,&quot;created_timestamp&quot;:&quot;1650908130&quot;,&quot;copyright&quot;:&quot;2020 - Portos do Parana&quot;,&quot;focal_length&quot;:&quot;17&quot;,&quot;iso&quot;:&quot;1600&quot;,&quot;shutter_speed&quot;:&quot;0.0008&quot;,&quot;title&quot;:&quot;&quot;,&quot;orientation&quot;:&quot;1&quot;}\" data-image-title=\"porto Claudio Neves Portos do PR\" data-image-description data-image-caption=\"&lt;p&gt;Foto: Claudio Neves\/Portos do Paran\u00e1&lt;\/p&gt;\" data-medium-file=\"https:\/\/i0.wp.com\/opresenterural.com.br\/wp-content\/uploads\/2026\/01\/porto-Claudio-Neves-Portos-do-PR.jpg?fit=300%2C200&amp;ssl=1\" data-large-file=\"https:\/\/i0.wp.com\/opresenterural.com.br\/wp-content\/uploads\/2026\/01\/porto-Claudio-Neves-Portos-do-PR.jpg?fit=740%2C493&amp;ssl=1\" class=\"size-medium wp-image-201455\" src=\"https:\/\/i0.wp.com\/opresenterural.com.br\/wp-content\/uploads\/2026\/01\/porto-Claudio-Neves-Portos-do-PR.jpg?resize=300%2C200&amp;ssl=1\" alt width=\"300\" height=\"200\" srcset=\"https:\/\/i0.wp.com\/opresenterural.com.br\/wp-content\/uploads\/2026\/01\/porto-Claudio-Neves-Portos-do-PR.jpg?resize=300%2C200&amp;ssl=1 300w, https:\/\/i0.wp.com\/opresenterural.com.br\/wp-content\/uploads\/2026\/01\/porto-Claudio-Neves-Portos-do-PR.jpg?resize=1024%2C682&amp;ssl=1 1024w, https:\/\/i0.wp.com\/opresenterural.com.br\/wp-content\/uploads\/2026\/01\/porto-Claudio-Neves-Portos-do-PR.jpg?resize=768%2C512&amp;ssl=1 768w, https:\/\/i0.wp.com\/opresenterural.com.br\/wp-content\/uploads\/2026\/01\/porto-Claudio-Neves-Portos-do-PR.jpg?resize=600%2C400&amp;ssl=1 600w, https:\/\/i0.wp.com\/opresenterural.com.br\/wp-content\/uploads\/2026\/01\/porto-Claudio-Neves-Portos-do-PR.jpg?w=1400&amp;ssl=1 1400w\" sizes=\"(max-width: 300px) 100vw, 300px\"><\/p>\n<p style=\"font-weight: 400;\"><span data-contrast=\"auto\">Outros mercados tamb\u00e9m ampliaram suas compras no per\u00edodo, entre eles Turquia (US$ 312 milh\u00f5es, +12,7%), Egito (US$ 212,6 milh\u00f5es, +20,7%), M\u00e9xico (US$ 205 milh\u00f5es, +19,7%), Tail\u00e2ndia (US$ 201 milh\u00f5es, +33,1%), Reino Unido (US$ 194,6 milh\u00f5es, +61,2%), Filipinas (US$ 161,2 milh\u00f5es, +80%), R\u00fassia (US$ 109 milh\u00f5es, +38%), Taiwan (US$ 99,2 milh\u00f5es, +20,7%), Om\u00e3 (US$ 55 milh\u00f5es, +211%) e G\u00e2mbia (US$ 36,4 milh\u00f5es, +115,6%).<\/span><span data-ccp-props=\"{&quot;134233117&quot;:false,&quot;134233118&quot;:false,&quot;335551550&quot;:6,&quot;335551620&quot;:6,&quot;335559738&quot;:240,&quot;335559739&quot;:240}\">\u00a0<\/span><\/p>\n<p style=\"font-weight: 400;\"><span data-contrast=\"auto\">Entre os principais setores exportadores do agro brasileiro em fevereiro destacam-se o complexo soja, com US$ 3,78 bilh\u00f5es (31,4% do total exportado e alta de 16,4% em rela\u00e7\u00e3o a fevereiro de 2025), prote\u00ednas animais, com US$ 2,7 bilh\u00f5es (22,5% do total e crescimento de 22,5%), produtos florestais, com US$ 1,27 bilh\u00e3o (10,5% de participa\u00e7\u00e3o e recuo de 1%), caf\u00e9, com US$ 1,12 bilh\u00e3o (9,3%\u00a0de participa\u00e7\u00e3o e decr\u00e9scimo de 0,2%), e o complexo sucroalcooleiro, com US$ 861,35 milh\u00f5es (7,1%\u00a0do total e queda de 4,2%).<\/span><span data-ccp-props=\"{&quot;134233117&quot;:false,&quot;134233118&quot;:false,&quot;335551550&quot;:6,&quot;335551620&quot;:6,&quot;335559738&quot;:240,&quot;335559739&quot;:240}\">\u00a0<\/span><\/p>\n<p style=\"font-weight: 400;\"><span data-contrast=\"auto\">Al\u00e9m dos produtos tradicionalmente mais exportados, diversos itens que n\u00e3o comp\u00f5em esse grupo registraram crescimento em fevereiro e refor\u00e7aram o potencial de diversifica\u00e7\u00e3o do portf\u00f3lio exportador brasileiro. Entre eles, destacam-se:<\/span><span data-ccp-props=\"{&quot;134233117&quot;:false,&quot;134233118&quot;:false,&quot;335551550&quot;:6,&quot;335551620&quot;:6,&quot;335559738&quot;:240,&quot;335559739&quot;:240}\">\u00a0<\/span><\/p>\n<ul style=\"font-weight: 400;\">\n<li style=\"font-weight: 400;\" aria-setsize=\"-1\" data-leveltext=\"\uf0b7\" data-font=\"Symbol\" data-listid=\"1\" data-list-defn-props=\"{&quot;335552541&quot;:1,&quot;335559683&quot;:0,&quot;335559684&quot;:-2,&quot;335559685&quot;:720,&quot;335559991&quot;:360,&quot;469769226&quot;:&quot;Symbol&quot;,&quot;469769242&quot;:[8226],&quot;469777803&quot;:&quot;left&quot;,&quot;469777804&quot;:&quot;\uf0b7&quot;,&quot;469777815&quot;:&quot;hybridMultilevel&quot;}\" data-aria-posinset=\"1\" data-aria-level=\"1\"><span data-contrast=\"auto\">\u00d3leo essencial de laranja<\/span><span data-contrast=\"auto\">\u00a0\u2013 recorde em valor (US$ 47,8 milh\u00f5es; +28,8%) e quantidade (4,1 mil toneladas; +51,0%);<\/span><span data-ccp-props=\"{&quot;134233117&quot;:false,&quot;134233118&quot;:false,&quot;335551550&quot;:0,&quot;335551620&quot;:0,&quot;335559738&quot;:240,&quot;335559739&quot;:240}\">\u00a0<\/span><\/li>\n<\/ul>\n<ul style=\"font-weight: 400;\">\n<li style=\"font-weight: 400;\" aria-setsize=\"-1\" data-leveltext=\"\uf0b7\" data-font=\"Symbol\" data-listid=\"1\" data-list-defn-props=\"{&quot;335552541&quot;:1,&quot;335559683&quot;:0,&quot;335559684&quot;:-2,&quot;335559685&quot;:720,&quot;335559991&quot;:360,&quot;469769226&quot;:&quot;Symbol&quot;,&quot;469769242&quot;:[8226],&quot;469777803&quot;:&quot;left&quot;,&quot;469777804&quot;:&quot;\uf0b7&quot;,&quot;469777815&quot;:&quot;hybridMultilevel&quot;}\" data-aria-posinset=\"2\" data-aria-level=\"1\"><span data-contrast=\"auto\">Corn DDG<\/span><span data-contrast=\"auto\">\u00a0\u2013 recorde em valor (US$ 36,2 milh\u00f5es; +164,2%) e quantidade (156,4 mil toneladas; +146,1%);<\/span><span data-ccp-props=\"{&quot;134233117&quot;:false,&quot;134233118&quot;:false,&quot;335551550&quot;:0,&quot;335551620&quot;:0,&quot;335559738&quot;:240,&quot;335559739&quot;:240}\">\u00a0<\/span><\/li>\n<\/ul>\n<ul style=\"font-weight: 400;\">\n<li style=\"font-weight: 400;\" aria-setsize=\"-1\" data-leveltext=\"\uf0b7\" data-font=\"Symbol\" data-listid=\"1\" data-list-defn-props=\"{&quot;335552541&quot;:1,&quot;335559683&quot;:0,&quot;335559684&quot;:-2,&quot;335559685&quot;:720,&quot;335559991&quot;:360,&quot;469769226&quot;:&quot;Symbol&quot;,&quot;469769242&quot;:[8226],&quot;469777803&quot;:&quot;left&quot;,&quot;469777804&quot;:&quot;\uf0b7&quot;,&quot;469777815&quot;:&quot;hybridMultilevel&quot;}\" data-aria-posinset=\"3\" data-aria-level=\"1\"><span data-contrast=\"auto\">Farinhas de carne, extratos e miudezas<\/span><span data-contrast=\"auto\">\u00a0\u2013 recorde em valor (US$ 20,1 milh\u00f5es; +10,5%) e quantidade (45,7 mil toneladas; +36,9%);<\/span><span data-ccp-props=\"{&quot;134233117&quot;:false,&quot;134233118&quot;:false,&quot;335551550&quot;:0,&quot;335551620&quot;:0,&quot;335559738&quot;:240,&quot;335559739&quot;:240}\">\u00a0<\/span><\/li>\n<\/ul>\n<ul style=\"font-weight: 400;\">\n<li style=\"font-weight: 400;\" aria-setsize=\"-1\" data-leveltext=\"\uf0b7\" data-font=\"Symbol\" data-listid=\"1\" data-list-defn-props=\"{&quot;335552541&quot;:1,&quot;335559683&quot;:0,&quot;335559684&quot;:-2,&quot;335559685&quot;:720,&quot;335559991&quot;:360,&quot;469769226&quot;:&quot;Symbol&quot;,&quot;469769242&quot;:[8226],&quot;469777803&quot;:&quot;left&quot;,&quot;469777804&quot;:&quot;\uf0b7&quot;,&quot;469777815&quot;:&quot;hybridMultilevel&quot;}\" data-aria-posinset=\"4\" data-aria-level=\"1\"><span data-contrast=\"auto\">Manteiga, gordura e \u00f3leo de cacau<\/span><span data-contrast=\"auto\">\u00a0\u2013 recorde em valor (US$ 17,2 milh\u00f5es; +25,9%);<\/span><span data-ccp-props=\"{&quot;134233117&quot;:false,&quot;134233118&quot;:false,&quot;335551550&quot;:0,&quot;335551620&quot;:0,&quot;335559738&quot;:240,&quot;335559739&quot;:240}\">\u00a0<\/span><\/li>\n<\/ul>\n<ul style=\"font-weight: 400;\">\n<li style=\"font-weight: 400;\" aria-setsize=\"-1\" data-leveltext=\"\uf0b7\" data-font=\"Symbol\" data-listid=\"1\" data-list-defn-props=\"{&quot;335552541&quot;:1,&quot;335559683&quot;:0,&quot;335559684&quot;:-2,&quot;335559685&quot;:720,&quot;335559991&quot;:360,&quot;469769226&quot;:&quot;Symbol&quot;,&quot;469769242&quot;:[8226],&quot;469777803&quot;:&quot;left&quot;,&quot;469777804&quot;:&quot;\uf0b7&quot;,&quot;469777815&quot;:&quot;hybridMultilevel&quot;}\" data-aria-posinset=\"5\" data-aria-level=\"1\"><span data-contrast=\"auto\">\u00d3leo de milho<\/span><span data-contrast=\"auto\">\u00a0\u2013 recorde em valor (US$ 15,9 milh\u00f5es; +49,5%) e quantidade (12,6 mil toneladas; +24,9%).<\/span><span data-ccp-props=\"{&quot;134233117&quot;:false,&quot;134233118&quot;:false,&quot;335551550&quot;:0,&quot;335551620&quot;:0,&quot;335559738&quot;:240,&quot;335559739&quot;:240}\">\u00a0<\/span><\/li>\n<\/ul>\n<p style=\"font-weight: 400;\"><span data-contrast=\"auto\">Segundo o ministro da Agricultura e Pecu\u00e1ria, Carlos F\u00e1varo, o resultado reflete o aumento da oferta e o trabalho cont\u00ednuo de amplia\u00e7\u00e3o de mercados. \u201cO Brasil caminha para colher safra recorde nos produtos vegetais e produ\u00e7\u00e3o crescente nas prote\u00ednas animais. Esse aumento da produ\u00e7\u00e3o amplia o excedente export\u00e1vel do pa\u00eds e fortalece a presen\u00e7a do agro brasileiro no mercado internacional, demonstrando a capacidade do setor de atender \u00e0 demanda global com regularidade, qualidade, sanidade e confian\u00e7a\u201d, afirmou.\u00a0<\/span><span data-ccp-props=\"{&quot;134233117&quot;:false,&quot;134233118&quot;:false,&quot;335551550&quot;:6,&quot;335551620&quot;:6,&quot;335559738&quot;:240,&quot;335559739&quot;:240}\">\u00a0<\/span><\/p>\n<p style=\"font-weight: 400;\"><span data-contrast=\"auto\">Para o secret\u00e1rio de Com\u00e9rcio e Rela\u00e7\u00f5es Internacionais do Mapa, Lu\u00eds Rua, o desempenho tamb\u00e9m est\u00e1 relacionado \u00e0 agenda de acesso a mercados. \u201cO Brasil amplia sua oferta, mas tamb\u00e9m amplia suas oportunidades de com\u00e9rcio. Foram nove novas aberturas de mercado apenas em fevereiro e 544 desde o in\u00edcio de 2023. Esse resultado reflete a import\u00e2ncia de uma agenda cont\u00ednua de negocia\u00e7\u00e3o e aproxima\u00e7\u00e3o com outros pa\u00edses\u201d, destacou.<\/span><span data-ccp-props=\"{&quot;134233117&quot;:false,&quot;134233118&quot;:false,&quot;335551550&quot;:6,&quot;335551620&quot;:6,&quot;335559738&quot;:240,&quot;335559739&quot;:240}\">\u00a0<\/span><\/p>\n<\/div>\n<h6><em>THE <strong>Bela Cereais<\/strong> works with the best grains on the market and also keeps you up to date with the latest news and analyses on agribusiness.<br \/>\nDon&#039;t forget to follow our social networks.<\/em><\/h6>\n<p><a href=\"https:\/\/opresenterural.com.br\/exportacoes-do-agro-somam-us-1205-bilhoes-em-fevereiro\/\" target=\"_blank\" rel=\"noopener\">Access News Source <\/a><\/p>","protected":false},"excerpt":{"rendered":"<p>Oagroneg\u00f3cio brasileiro exportou US$ 12,05 bilh\u00f5es em fevereiro de 2026, o melhor resultado da s\u00e9rie&hellip;<\/p>","protected":false},"author":1,"featured_media":26994,"comment_status":"","ping_status":"","sticky":false,"template":"","format":"standard","meta":{"footnotes":""},"categories":[7],"tags":[],"class_list":["post-26993","post","type-post","status-publish","format-standard","has-post-thumbnail","hentry","category-exportacoes"],"_links":{"self":[{"href":"https:\/\/belacereais.com.br\/en\/wp-json\/wp\/v2\/posts\/26993","targetHints":{"allow":["GET"]}}],"collection":[{"href":"https:\/\/belacereais.com.br\/en\/wp-json\/wp\/v2\/posts"}],"about":[{"href":"https:\/\/belacereais.com.br\/en\/wp-json\/wp\/v2\/types\/post"}],"author":[{"embeddable":true,"href":"https:\/\/belacereais.com.br\/en\/wp-json\/wp\/v2\/users\/1"}],"replies":[{"embeddable":true,"href":"https:\/\/belacereais.com.br\/en\/wp-json\/wp\/v2\/comments?post=26993"}],"version-history":[{"count":0,"href":"https:\/\/belacereais.com.br\/en\/wp-json\/wp\/v2\/posts\/26993\/revisions"}],"wp:featuredmedia":[{"embeddable":true,"href":"https:\/\/belacereais.com.br\/en\/wp-json\/wp\/v2\/media\/26994"}],"wp:attachment":[{"href":"https:\/\/belacereais.com.br\/en\/wp-json\/wp\/v2\/media?parent=26993"}],"wp:term":[{"taxonomy":"category","embeddable":true,"href":"https:\/\/belacereais.com.br\/en\/wp-json\/wp\/v2\/categories?post=26993"},{"taxonomy":"post_tag","embeddable":true,"href":"https:\/\/belacereais.com.br\/en\/wp-json\/wp\/v2\/tags?post=26993"}],"curies":[{"name":"wp","href":"https:\/\/api.w.org\/{rel}","templated":true}]}}