{"id":26995,"date":"2026-03-12T14:22:37","date_gmt":"2026-03-12T18:22:37","guid":{"rendered":"https:\/\/belacereais.com.br\/2026\/exportacoes\/alta-nas-exportacoes-sustenta-mercado-do-boi-gordo-no-brasil\/"},"modified":"2026-03-12T14:22:37","modified_gmt":"2026-03-12T18:22:37","slug":"alta-nas-exportacoes-sustenta-mercado-do-boi-gordo-no-brasil","status":"publish","type":"post","link":"https:\/\/belacereais.com.br\/en\/2026\/exportacoes\/alta-nas-exportacoes-sustenta-mercado-do-boi-gordo-no-brasil\/","title":{"rendered":"Alta nas exporta\u00e7\u00f5es sustenta mercado do boi gordo no Brasil"},"content":{"rendered":"<p><\/p>\n<div id=\"mvp-content-main\" class=\"left relative\">\n<p>As exporta\u00e7\u00f5es da carne bovina permanecem como o fator determinante para a sustenta\u00e7\u00e3o dos pre\u00e7os dom\u00e9sticos da arroba do boi gordo.<\/p>\n<p>O volume embarcado registra recordes h\u00e1 anos e o cen\u00e1rio n\u00e3o \u00e9 diferente neste come\u00e7o de 2026, evidenciando a competitividade da carne brasileira.\u00a0Em fevereiro, em apenas 18 dias \u00fateis, foram embarcadas 235,889 mil toneladas de carne bovina in natura, aumento de 23,9% em rela\u00e7\u00e3o ao volume de fevereiro\/25, conforme apontam dados da Secex.<\/p>\n<p>Trata-se, inclusive, do melhor fevereiro da hist\u00f3ria. A m\u00e9dia di\u00e1ria de exporta\u00e7\u00e3o em fevereiro foi de 13,105 mil toneladas, 37,6% acima da registrada h\u00e1 um ano. A China continua sendo o principal destino da carne brasileira, recebendo quase metade de toda a prote\u00edna exportada.<\/p>\n<p>Os Estados Unidos s\u00e3o o segundo maior destino da carne.\u00a0No mercado interno, segundo pesquisadores do Cepea, o atual conflito no Oriente M\u00e9dio tem gerado algumas especula\u00e7\u00f5es no mercado brasileiro e, apesar de a regi\u00e3o n\u00e3o ser um destino importante da carne bovina, o fechamento de canais de escoamento estrat\u00e9gicos e o consequente aumento nos valores dos fretes e seguros mar\u00edtimos t\u00eam gerado preocupa\u00e7\u00f5es, especialmente entre exportadores.<\/p>\n<p>Diante disso, o Cepea observa que compradores j\u00e1 se mostram mais cautelosos e come\u00e7am a avaliar novas estrat\u00e9gias de mercado. Vendedores, por sua vez, n\u00e3o concordam com os pre\u00e7os ofertados e optam por aguardar novas ofertas. Com isso, o ritmo de neg\u00f3cios \u00e9 lento.<\/p>\n<\/div>\n<h6><em>THE <strong>Bela Cereais<\/strong> works with the best grains on the market and also keeps you up to date with the latest news and analyses on agribusiness.<br \/>\nDon&#039;t forget to follow our social networks.<\/em><\/h6>\n<p><a href=\"https:\/\/opresenterural.com.br\/alta-nas-exportacoes-sustenta-mercado-do-boi-gordo-no-brasil\/\" target=\"_blank\" rel=\"noopener\">Access News Source <\/a><\/p>","protected":false},"excerpt":{"rendered":"<p>As exporta\u00e7\u00f5es da carne bovina permanecem como o fator determinante para a sustenta\u00e7\u00e3o dos pre\u00e7os&hellip;<\/p>","protected":false},"author":1,"featured_media":24950,"comment_status":"","ping_status":"","sticky":false,"template":"","format":"standard","meta":{"footnotes":""},"categories":[7],"tags":[],"class_list":["post-26995","post","type-post","status-publish","format-standard","has-post-thumbnail","hentry","category-exportacoes"],"_links":{"self":[{"href":"https:\/\/belacereais.com.br\/en\/wp-json\/wp\/v2\/posts\/26995","targetHints":{"allow":["GET"]}}],"collection":[{"href":"https:\/\/belacereais.com.br\/en\/wp-json\/wp\/v2\/posts"}],"about":[{"href":"https:\/\/belacereais.com.br\/en\/wp-json\/wp\/v2\/types\/post"}],"author":[{"embeddable":true,"href":"https:\/\/belacereais.com.br\/en\/wp-json\/wp\/v2\/users\/1"}],"replies":[{"embeddable":true,"href":"https:\/\/belacereais.com.br\/en\/wp-json\/wp\/v2\/comments?post=26995"}],"version-history":[{"count":0,"href":"https:\/\/belacereais.com.br\/en\/wp-json\/wp\/v2\/posts\/26995\/revisions"}],"wp:featuredmedia":[{"embeddable":true,"href":"https:\/\/belacereais.com.br\/en\/wp-json\/wp\/v2\/media\/24950"}],"wp:attachment":[{"href":"https:\/\/belacereais.com.br\/en\/wp-json\/wp\/v2\/media?parent=26995"}],"wp:term":[{"taxonomy":"category","embeddable":true,"href":"https:\/\/belacereais.com.br\/en\/wp-json\/wp\/v2\/categories?post=26995"},{"taxonomy":"post_tag","embeddable":true,"href":"https:\/\/belacereais.com.br\/en\/wp-json\/wp\/v2\/tags?post=26995"}],"curies":[{"name":"wp","href":"https:\/\/api.w.org\/{rel}","templated":true}]}}