{"id":26996,"date":"2026-03-13T06:49:11","date_gmt":"2026-03-13T10:49:11","guid":{"rendered":"https:\/\/belacereais.com.br\/2026\/milho\/mercado-de-racao-comeca-2026-com-milho-em-alta-e-farelo-de-soja-em-queda\/"},"modified":"2026-03-13T06:49:11","modified_gmt":"2026-03-13T10:49:11","slug":"mercado-de-racao-comeca-2026-com-milho-em-alta-e-farelo-de-soja-em-queda","status":"publish","type":"post","link":"https:\/\/belacereais.com.br\/en\/2026\/milho\/mercado-de-racao-comeca-2026-com-milho-em-alta-e-farelo-de-soja-em-queda\/","title":{"rendered":"Mercado de ra\u00e7\u00e3o come\u00e7a 2026 com milho em alta e farelo de soja em queda"},"content":{"rendered":"<p><\/p>\n<div id=\"mvp-content-main\" class=\"left relative\">\n<p>O mercado de gr\u00e3os utilizados na alimenta\u00e7\u00e3o animal apresenta comportamentos distintos neste in\u00edcio de 2026. Enquanto o milho mostra sinais de recupera\u00e7\u00e3o recente nos pre\u00e7os, o farelo de soja ainda opera em patamar inferior ao observado no mesmo per\u00edodo do ano passado.<\/p>\n<div id=\"attachment_190887\" style=\"width: 310px\" class=\"wp-caption alignleft\"><img fetchpriority=\"high\" data-recalc-dims=\"1\" decoding=\"async\" aria-describedby=\"caption-attachment-190887\" data-attachment-id=\"190887\" data-permalink=\"https:\/\/opresenterural.com.br\/mercado-de-lacteos-apresenta-leve-reacao-diante-de-estoques-elevados\/curiouscowlookingtothecameraatcattlefarm-6\/\" data-orig-file=\"https:\/\/i0.wp.com\/opresenterural.com.br\/wp-content\/uploads\/2025\/08\/shutterstock_2225993155.jpg?fit=1400%2C933&amp;ssl=1\" data-orig-size=\"1400,933\" data-comments-opened=\"0\" data-image-meta=\"{&quot;aperture&quot;:&quot;0&quot;,&quot;credit&quot;:&quot;Shutterstock&quot;,&quot;camera&quot;:&quot;&quot;,&quot;caption&quot;:&quot;Curious cow looking to the camera at cattle farm.&quot;,&quot;created_timestamp&quot;:&quot;0&quot;,&quot;copyright&quot;:&quot;Copyright (c) 2022 Aleksandar Malivuk\\\/Shutterstock.  No use without permission.&quot;,&quot;focal_length&quot;:&quot;0&quot;,&quot;iso&quot;:&quot;0&quot;,&quot;shutter_speed&quot;:&quot;0&quot;,&quot;title&quot;:&quot;Curious,Cow,Looking,To,The,Camera,At,Cattle,Farm.&quot;,&quot;orientation&quot;:&quot;1&quot;}\" data-image-title=\"vacas\" data-image-description data-image-caption=\"&lt;p&gt;Foto: Shutterstock&lt;\/p&gt;\" data-medium-file=\"https:\/\/i0.wp.com\/opresenterural.com.br\/wp-content\/uploads\/2025\/08\/shutterstock_2225993155.jpg?fit=300%2C200&amp;ssl=1\" data-large-file=\"https:\/\/i0.wp.com\/opresenterural.com.br\/wp-content\/uploads\/2025\/08\/shutterstock_2225993155.jpg?fit=740%2C493&amp;ssl=1\" class=\"size-medium wp-image-190887\" src=\"https:\/\/i0.wp.com\/opresenterural.com.br\/wp-content\/uploads\/2025\/08\/shutterstock_2225993155.jpg?resize=300%2C200&amp;ssl=1\" alt width=\"300\" height=\"200\" srcset=\"https:\/\/i0.wp.com\/opresenterural.com.br\/wp-content\/uploads\/2025\/08\/shutterstock_2225993155.jpg?resize=300%2C200&amp;ssl=1 300w, https:\/\/i0.wp.com\/opresenterural.com.br\/wp-content\/uploads\/2025\/08\/shutterstock_2225993155.jpg?resize=1024%2C682&amp;ssl=1 1024w, https:\/\/i0.wp.com\/opresenterural.com.br\/wp-content\/uploads\/2025\/08\/shutterstock_2225993155.jpg?resize=768%2C512&amp;ssl=1 768w, https:\/\/i0.wp.com\/opresenterural.com.br\/wp-content\/uploads\/2025\/08\/shutterstock_2225993155.jpg?resize=600%2C400&amp;ssl=1 600w, https:\/\/i0.wp.com\/opresenterural.com.br\/wp-content\/uploads\/2025\/08\/shutterstock_2225993155.jpg?w=1400&amp;ssl=1 1400w\" sizes=\"(max-width: 300px) 100vw, 300px\"><\/p>\n<p id=\"caption-attachment-190887\" class=\"wp-caption-text\">Photo: Shutterstock<\/p>\n<\/div>\n<p>As informa\u00e7\u00f5es constam no Boletim de Pre\u00e7os do Mercado de Leite e Derivados referente fevereiro, elaborado pelo Centro de Intelig\u00eancia do Leite (CILeite), da Embrapa Gado de Leite, que acompanha fatores que influenciam os custos de produ\u00e7\u00e3o da atividade leiteira.<\/p>\n<p>No caso do milho, os valores registram leve valoriza\u00e7\u00e3o na compara\u00e7\u00e3o com janeiro, indicando um movimento de rea\u00e7\u00e3o ap\u00f3s um per\u00edodo de recuo ao longo de 2025. Apesar dessa recupera\u00e7\u00e3o pontual, os pre\u00e7os permanecem significativamente abaixo do n\u00edvel observado no in\u00edcio do ano passado, refletindo um cen\u00e1rio de maior oferta e ajustes no equil\u00edbrio entre produ\u00e7\u00e3o e demanda.<\/p>\n<p>A trajet\u00f3ria recente do cereal sugere que o mercado passou por um ciclo de queda ao longo do \u00faltimo ano, seguido por um processo gradual de estabiliza\u00e7\u00e3o e recomposi\u00e7\u00e3o parcial de pre\u00e7os no come\u00e7o de 2026. Esse movimento costuma ocorrer ap\u00f3s per\u00edodos de forte press\u00e3o de oferta, quando o mercado come\u00e7a a absorver os volumes dispon\u00edveis.<\/p>\n<p>J\u00e1 no caso do farelo de soja, o cen\u00e1rio segue mais pressionado. O produto registra queda tanto no comparativo<\/p>\n<div id=\"attachment_152358\" style=\"width: 310px\" class=\"wp-caption alignright\"><img data-recalc-dims=\"1\" decoding=\"async\" aria-describedby=\"caption-attachment-152358\" data-attachment-id=\"152358\" data-permalink=\"https:\/\/opresenterural.com.br\/revolvendo-a-cama-revolucionando-a-pecuaria-leiteira-o-sucesso-do-compost-barn\/vacas-comendo-foto-juliana-sussai\/\" data-orig-file=\"https:\/\/i0.wp.com\/opresenterural.com.br\/wp-content\/uploads\/2024\/07\/vacas-comendo-foto-Juliana-Sussai.jpg?fit=900%2C642&amp;ssl=1\" data-orig-size=\"900,642\" data-comments-opened=\"0\" data-image-meta=\"{&quot;aperture&quot;:&quot;8&quot;,&quot;credit&quot;:&quot;&quot;,&quot;camera&quot;:&quot;NIKON D3200&quot;,&quot;caption&quot;:&quot;&quot;,&quot;created_timestamp&quot;:&quot;1637664107&quot;,&quot;copyright&quot;:&quot;&quot;,&quot;focal_length&quot;:&quot;35&quot;,&quot;iso&quot;:&quot;400&quot;,&quot;shutter_speed&quot;:&quot;0.005&quot;,&quot;title&quot;:&quot;&quot;,&quot;orientation&quot;:&quot;1&quot;}\" data-image-title=\"vacas comendo foto Juliana Sussai\" data-image-description data-image-caption=\"&lt;p&gt;Foto: Juliana Sussai&lt;\/p&gt;\" data-medium-file=\"https:\/\/i0.wp.com\/opresenterural.com.br\/wp-content\/uploads\/2024\/07\/vacas-comendo-foto-Juliana-Sussai.jpg?fit=300%2C214&amp;ssl=1\" data-large-file=\"https:\/\/i0.wp.com\/opresenterural.com.br\/wp-content\/uploads\/2024\/07\/vacas-comendo-foto-Juliana-Sussai.jpg?fit=740%2C528&amp;ssl=1\" class=\"size-medium wp-image-152358\" src=\"https:\/\/i0.wp.com\/opresenterural.com.br\/wp-content\/uploads\/2024\/07\/vacas-comendo-foto-Juliana-Sussai.jpg?resize=300%2C214&amp;ssl=1\" alt width=\"300\" height=\"214\" srcset=\"https:\/\/i0.wp.com\/opresenterural.com.br\/wp-content\/uploads\/2024\/07\/vacas-comendo-foto-Juliana-Sussai.jpg?resize=300%2C214&amp;ssl=1 300w, https:\/\/i0.wp.com\/opresenterural.com.br\/wp-content\/uploads\/2024\/07\/vacas-comendo-foto-Juliana-Sussai.jpg?resize=768%2C548&amp;ssl=1 768w, https:\/\/i0.wp.com\/opresenterural.com.br\/wp-content\/uploads\/2024\/07\/vacas-comendo-foto-Juliana-Sussai.jpg?resize=600%2C428&amp;ssl=1 600w, https:\/\/i0.wp.com\/opresenterural.com.br\/wp-content\/uploads\/2024\/07\/vacas-comendo-foto-Juliana-Sussai.jpg?w=900&amp;ssl=1 900w\" sizes=\"(max-width: 300px) 100vw, 300px\"><\/p>\n<p id=\"caption-attachment-152358\" class=\"wp-caption-text\">Photo: Juliana Sussai<\/p>\n<\/div>\n<p>mensal quanto na compara\u00e7\u00e3o com o mesmo per\u00edodo do ano anterior, indicando que o mercado ainda enfrenta um ambiente de pre\u00e7os mais baixos.<\/p>\n<p>A retra\u00e7\u00e3o anual mais acentuada do farelo reflete principalmente o contexto global de ampla disponibilidade de soja e derivados, al\u00e9m de ajustes no com\u00e9rcio internacional e no processamento da oleaginosa. Esse ambiente tende a limitar movimentos mais consistentes de valoriza\u00e7\u00e3o no curto prazo.<\/p>\n<p>Para os segmentos de produ\u00e7\u00e3o animal, a combina\u00e7\u00e3o desses movimentos gera efeitos distintos no custo das dietas. A leve recupera\u00e7\u00e3o do milho pode elevar parcialmente os custos energ\u00e9ticos das ra\u00e7\u00f5es, enquanto o farelo de soja, principal fonte proteica, ainda contribui para moderar a press\u00e3o sobre os custos de formula\u00e7\u00e3o.<\/p>\n<p>De forma geral, o mercado indica um per\u00edodo de acomoda\u00e7\u00e3o ap\u00f3s oscila\u00e7\u00f5es registradas ao longo do \u00faltimo ano, com ajustes gradativos nos pre\u00e7os dos principais insumos utilizados na nutri\u00e7\u00e3o animal, fatores que influenciam diretamente a estrutura de custos da cadeia do leite.<\/p>\n<\/div>\n<h6><em>THE <strong>Bela Cereais<\/strong> works with the best grains on the market and also keeps you up to date with the latest news and analyses on agribusiness.<br \/>\nDon&#039;t forget to follow our social networks.<\/em><\/h6>\n<p><a href=\"https:\/\/opresenterural.com.br\/mercado-de-racao-comeca-2026-com-milho-em-alta-e-farelo-de-soja-em-queda\/\" target=\"_blank\" rel=\"noopener\">Access News Source <\/a><\/p>","protected":false},"excerpt":{"rendered":"<p>O mercado de gr\u00e3os utilizados na alimenta\u00e7\u00e3o animal apresenta comportamentos distintos neste in\u00edcio de 2026.&hellip;<\/p>","protected":false},"author":1,"featured_media":26997,"comment_status":"","ping_status":"","sticky":false,"template":"","format":"standard","meta":{"footnotes":""},"categories":[223],"tags":[],"class_list":["post-26996","post","type-post","status-publish","format-standard","has-post-thumbnail","hentry","category-milho"],"_links":{"self":[{"href":"https:\/\/belacereais.com.br\/en\/wp-json\/wp\/v2\/posts\/26996","targetHints":{"allow":["GET"]}}],"collection":[{"href":"https:\/\/belacereais.com.br\/en\/wp-json\/wp\/v2\/posts"}],"about":[{"href":"https:\/\/belacereais.com.br\/en\/wp-json\/wp\/v2\/types\/post"}],"author":[{"embeddable":true,"href":"https:\/\/belacereais.com.br\/en\/wp-json\/wp\/v2\/users\/1"}],"replies":[{"embeddable":true,"href":"https:\/\/belacereais.com.br\/en\/wp-json\/wp\/v2\/comments?post=26996"}],"version-history":[{"count":0,"href":"https:\/\/belacereais.com.br\/en\/wp-json\/wp\/v2\/posts\/26996\/revisions"}],"wp:featuredmedia":[{"embeddable":true,"href":"https:\/\/belacereais.com.br\/en\/wp-json\/wp\/v2\/media\/26997"}],"wp:attachment":[{"href":"https:\/\/belacereais.com.br\/en\/wp-json\/wp\/v2\/media?parent=26996"}],"wp:term":[{"taxonomy":"category","embeddable":true,"href":"https:\/\/belacereais.com.br\/en\/wp-json\/wp\/v2\/categories?post=26996"},{"taxonomy":"post_tag","embeddable":true,"href":"https:\/\/belacereais.com.br\/en\/wp-json\/wp\/v2\/tags?post=26996"}],"curies":[{"name":"wp","href":"https:\/\/api.w.org\/{rel}","templated":true}]}}