{"id":26998,"date":"2026-03-13T07:49:53","date_gmt":"2026-03-13T11:49:53","guid":{"rendered":"https:\/\/belacereais.com.br\/2026\/milho\/ritmo-de-colheita-diminui-e-clima-pode-afetar-producao-do-milho-safrinha-no-oeste-do-parana\/"},"modified":"2026-03-13T07:49:53","modified_gmt":"2026-03-13T11:49:53","slug":"ritmo-de-colheita-diminui-e-clima-pode-afetar-producao-do-milho-safrinha-no-oeste-do-parana","status":"publish","type":"post","link":"https:\/\/belacereais.com.br\/en\/2026\/milho\/ritmo-de-colheita-diminui-e-clima-pode-afetar-producao-do-milho-safrinha-no-oeste-do-parana\/","title":{"rendered":"Ritmo de colheita diminui e clima pode afetar produ\u00e7\u00e3o do milho safrinha no Oeste do Paran\u00e1"},"content":{"rendered":"<p><\/p>\n<div id=\"mvp-content-main\" class=\"left relative\">\n<p>O ritmo de colheita j\u00e1 diminuiu na regi\u00e3o Oeste do Paran\u00e1. Isso porque agora boa parte dos produtores segue na expectativa da produ\u00e7\u00e3o do milho safrinha. E o clima, que \u00e9 sempre o aliado do produtor nessa \u00e9poca, tem preocupado.<\/p>\n<div id=\"attachment_201731\" style=\"width: 310px\" class=\"wp-caption alignright\"><img fetchpriority=\"high\" data-recalc-dims=\"1\" decoding=\"async\" aria-describedby=\"caption-attachment-201731\" data-attachment-id=\"201731\" data-permalink=\"https:\/\/opresenterural.com.br\/brde-amplia-credito-ao-agro-no-parana-e-reforca-atuacao-no-show-rural-2026\/safra-da-soja-foto-gilson-abreu-aen-22\/\" data-orig-file=\"https:\/\/i0.wp.com\/opresenterural.com.br\/wp-content\/uploads\/2026\/01\/Colheita-de-Soja-Foto-Gilson-Abreu.jpg?fit=1400%2C933&amp;ssl=1\" data-orig-size=\"1400,933\" data-comments-opened=\"0\" data-image-meta=\"{&quot;aperture&quot;:&quot;2.8&quot;,&quot;credit&quot;:&quot;Gilson Abreu\\\/AEN&quot;,&quot;camera&quot;:&quot;FC2103&quot;,&quot;caption&quot;:&quot;Safra da soja  -  Foto: Gilson Abreu\\\/AEN&quot;,&quot;created_timestamp&quot;:&quot;1614187367&quot;,&quot;copyright&quot;:&quot;&quot;,&quot;focal_length&quot;:&quot;4.5&quot;,&quot;iso&quot;:&quot;101&quot;,&quot;shutter_speed&quot;:&quot;0.008695652173913&quot;,&quot;title&quot;:&quot;Safra da soja  -  Foto: Gilson Abreu\\\/AEN&quot;,&quot;orientation&quot;:&quot;1&quot;}\" data-image-title=\"Safra da soja  \u2013  Foto: Gilson Abreu\/AEN\" data-image-description data-image-caption=\"&lt;p&gt;Foto: Gilson Abreu\/AEN&lt;\/p&gt;\" data-medium-file=\"https:\/\/i0.wp.com\/opresenterural.com.br\/wp-content\/uploads\/2026\/01\/Colheita-de-Soja-Foto-Gilson-Abreu.jpg?fit=300%2C200&amp;ssl=1\" data-large-file=\"https:\/\/i0.wp.com\/opresenterural.com.br\/wp-content\/uploads\/2026\/01\/Colheita-de-Soja-Foto-Gilson-Abreu.jpg?fit=740%2C493&amp;ssl=1\" class=\"size-medium wp-image-201731\" src=\"https:\/\/i0.wp.com\/opresenterural.com.br\/wp-content\/uploads\/2026\/01\/Colheita-de-Soja-Foto-Gilson-Abreu.jpg?resize=300%2C200&amp;ssl=1\" alt width=\"300\" height=\"200\" srcset=\"https:\/\/i0.wp.com\/opresenterural.com.br\/wp-content\/uploads\/2026\/01\/Colheita-de-Soja-Foto-Gilson-Abreu.jpg?resize=300%2C200&amp;ssl=1 300w, https:\/\/i0.wp.com\/opresenterural.com.br\/wp-content\/uploads\/2026\/01\/Colheita-de-Soja-Foto-Gilson-Abreu.jpg?resize=1024%2C682&amp;ssl=1 1024w, https:\/\/i0.wp.com\/opresenterural.com.br\/wp-content\/uploads\/2026\/01\/Colheita-de-Soja-Foto-Gilson-Abreu.jpg?resize=768%2C512&amp;ssl=1 768w, https:\/\/i0.wp.com\/opresenterural.com.br\/wp-content\/uploads\/2026\/01\/Colheita-de-Soja-Foto-Gilson-Abreu.jpg?resize=600%2C400&amp;ssl=1 600w, https:\/\/i0.wp.com\/opresenterural.com.br\/wp-content\/uploads\/2026\/01\/Colheita-de-Soja-Foto-Gilson-Abreu.jpg?w=1400&amp;ssl=1 1400w\" sizes=\"(max-width: 300px) 100vw, 300px\"><\/p>\n<p id=\"caption-attachment-201731\" class=\"wp-caption-text\">Photo: Gilson Abreu\/AEN<\/p>\n<\/div>\n<p>De acordo com o Sistema de Tecnologia e Monitoramento Ambiental do Paran\u00e1 (Simepar), a previs\u00e3o para os pr\u00f3ximos dias na regi\u00e3o indica temperaturas elevadas e possibilidade de pancadas de chuva irregulares, cen\u00e1rio que mant\u00e9m a apreens\u00e3o dos produtores. \u201cEstamos com muitas chuvas irregulares, ou seja, chove muito em algumas \u00e1reas e em outras n\u00e3o chove nada. E \u00e9 essa falta de chuva, aliada \u00e0 previs\u00e3o de pouqu\u00edssimas chuvas, que tem causado uma apreens\u00e3o com rela\u00e7\u00e3o \u00e0 produ\u00e7\u00e3o\u201d, explica o professor de Agronomia da PUCPR C\u00e2mpus Toledo, Alexandre Luis Muller.<\/p>\n<p>Outro fator que pode contribuir para as perdas na produ\u00e7\u00e3o \u00e9 o plantio tardio do milho safrinha. \u201cNa nossa regi\u00e3o, quase toda a soja j\u00e1 foi colhida e os produtores j\u00e1 conseguiram fazer o plantio do milho, por isso os resultados da soja \u00a0foram bons. Mas temos algumas \u00e1reas de soja semeadas mais tarde, que ainda est\u00e3o colhendo, e nessas, em que a produ\u00e7\u00e3o tamb\u00e9m enfrentou um per\u00edodo de pouca precipita\u00e7\u00e3o, o resultado da produ\u00e7\u00e3o est\u00e1 afetado\u201d,\u00a0avalia\u00a0Muller.<\/p>\n<h4><b>Produ\u00e7\u00e3o de gr\u00e3os<\/b><\/h4>\n<p>No Paran\u00e1, as proje\u00e7\u00f5es consolidam a soja como a principal cultura, segundo a Previs\u00e3o Subjetiva de Safra do Departamento de Economia Rural (Deral) e da Secretaria da Agricultura e do Abastecimento (Seab). A expectativa \u00e9 que a produ\u00e7\u00e3o ultrapasse 22 milh\u00f5es de toneladas do gr\u00e3o no Estado. A produ\u00e7\u00e3o total da safra de ver\u00e3o, entre todas as culturas, \u00e9 estimada em 25,9 milh\u00f5es. \u201cA soja \u00e9 consolidada como a principal cultura da nossa regi\u00e3o, e os resultados, de quem colheu dentro do esperado, s\u00e3o muito bons. De maneira geral as expectativas foram superadas na regi\u00e3o\u201d, afirma o professor da PUCPR Toledo.<\/p>\n<p>J\u00e1 a proje\u00e7\u00e3o do milho safrinha, o Deral prev\u00ea 17,5 milh\u00f5es de toneladas no Estado. O volume representa uma queda leve de 1% comparado \u00e0 produ\u00e7\u00e3o da temporada passada. \u201cE o momento segue de muita incerteza para os produtores. H\u00e1 uma necessidade de mais chuvas durante o desenvolvimento da cultura para que possamos ter bons resultados, mas ainda n\u00e3o h\u00e1 uma boa previs\u00e3o do clima para os pr\u00f3ximos dias\u201d, enfatiza o agr\u00f4nomo.<\/p>\n<\/div>\n<h6><em>THE <strong>Bela Cereais<\/strong> works with the best grains on the market and also keeps you up to date with the latest news and analyses on agribusiness.<br \/>\nDon&#039;t forget to follow our social networks.<\/em><\/h6>\n<p><a href=\"https:\/\/opresenterural.com.br\/ritmo-de-colheita-diminui-e-clima-pode-afetar-producao-do-milho-safrinha-no-oeste-do-parana\/\" target=\"_blank\" rel=\"noopener\">Access News Source <\/a><\/p>","protected":false},"excerpt":{"rendered":"<p>O ritmo de colheita j\u00e1 diminuiu na regi\u00e3o Oeste do Paran\u00e1. Isso porque agora boa&hellip;<\/p>","protected":false},"author":1,"featured_media":26999,"comment_status":"","ping_status":"","sticky":false,"template":"","format":"standard","meta":{"footnotes":""},"categories":[223],"tags":[],"class_list":["post-26998","post","type-post","status-publish","format-standard","has-post-thumbnail","hentry","category-milho"],"_links":{"self":[{"href":"https:\/\/belacereais.com.br\/en\/wp-json\/wp\/v2\/posts\/26998","targetHints":{"allow":["GET"]}}],"collection":[{"href":"https:\/\/belacereais.com.br\/en\/wp-json\/wp\/v2\/posts"}],"about":[{"href":"https:\/\/belacereais.com.br\/en\/wp-json\/wp\/v2\/types\/post"}],"author":[{"embeddable":true,"href":"https:\/\/belacereais.com.br\/en\/wp-json\/wp\/v2\/users\/1"}],"replies":[{"embeddable":true,"href":"https:\/\/belacereais.com.br\/en\/wp-json\/wp\/v2\/comments?post=26998"}],"version-history":[{"count":0,"href":"https:\/\/belacereais.com.br\/en\/wp-json\/wp\/v2\/posts\/26998\/revisions"}],"wp:featuredmedia":[{"embeddable":true,"href":"https:\/\/belacereais.com.br\/en\/wp-json\/wp\/v2\/media\/26999"}],"wp:attachment":[{"href":"https:\/\/belacereais.com.br\/en\/wp-json\/wp\/v2\/media?parent=26998"}],"wp:term":[{"taxonomy":"category","embeddable":true,"href":"https:\/\/belacereais.com.br\/en\/wp-json\/wp\/v2\/categories?post=26998"},{"taxonomy":"post_tag","embeddable":true,"href":"https:\/\/belacereais.com.br\/en\/wp-json\/wp\/v2\/tags?post=26998"}],"curies":[{"name":"wp","href":"https:\/\/api.w.org\/{rel}","templated":true}]}}