{"id":27000,"date":"2026-03-13T08:24:21","date_gmt":"2026-03-13T12:24:21","guid":{"rendered":"https:\/\/belacereais.com.br\/2026\/safra\/safra-de-soja-2025-26-pode-superar-183-milhoes-de-toneladas\/"},"modified":"2026-03-13T08:24:21","modified_gmt":"2026-03-13T12:24:21","slug":"safra-de-soja-2025-26-pode-superar-183-milhoes-de-toneladas","status":"publish","type":"post","link":"https:\/\/belacereais.com.br\/en\/2026\/safra\/safra-de-soja-2025-26-pode-superar-183-milhoes-de-toneladas\/","title":{"rendered":"Safra de soja 2025\/26 pode superar 183 milh\u00f5es de toneladas"},"content":{"rendered":"<p><\/p>\n<div id=\"mvp-content-main\" class=\"left relative\">\n<p data-start=\"0\" data-end=\"436\">Resultados parciais das avalia\u00e7\u00f5es de campo do Rally da Safra indicam aumento na estimativa de produ\u00e7\u00e3o de soja no Brasil para a safra 2025\/26. A proje\u00e7\u00e3o passou para 183,1 milh\u00f5es de toneladas, volume 6,4% superior ao registrado na temporada anterior. O n\u00famero representa um acr\u00e9scimo de 850 mil toneladas em rela\u00e7\u00e3o \u00e0 estimativa inicial divulgada em janeiro. A produtividade m\u00e9dia estimada \u00e9 de 62,5 sacas por hectare.<\/p>\n<p data-start=\"438\" data-end=\"889\">A \u00e1rea plantada permanece estimada em 48,8 milh\u00f5es de hectares, o que representa crescimento de 2,1% em rela\u00e7\u00e3o \u00e0 safra passada. Desde o in\u00edcio da expedi\u00e7\u00e3o t\u00e9cnica, em janeiro, as equipes percorreram mais de 40 mil quil\u00f4metros em 11 estados e no Distrito Federal, Mato Grosso, Mato Grosso do Sul, Goi\u00e1s, Rond\u00f4nia, Tocantins, Par\u00e1, Maranh\u00e3o, S\u00e3o Paulo, Minas Gerais, Paran\u00e1 e Santa Catarina, e avaliaram mais de 1,2 mil lavouras.<\/p>\n<div id=\"attachment_204618\" style=\"width: 310px\" class=\"wp-caption alignleft\"><img fetchpriority=\"high\" data-recalc-dims=\"1\" decoding=\"async\" aria-describedby=\"caption-attachment-204618\" data-attachment-id=\"204618\" data-permalink=\"https:\/\/opresenterural.com.br\/mato-grosso-consolida-protagonismo-global-em-soja-e-milho-mas-esbarra-em-gargalos-logisticos\/colheita-de-soja-foto-aprosoja-mt\/\" data-orig-file=\"https:\/\/i0.wp.com\/opresenterural.com.br\/wp-content\/uploads\/2026\/03\/Colheita-de-soja-Foto-Aprosoja-MT.jpg?fit=1400%2C933&amp;ssl=1\" data-orig-size=\"1400,933\" data-comments-opened=\"0\" data-image-meta=\"{&quot;aperture&quot;:&quot;0&quot;,&quot;credit&quot;:&quot;&quot;,&quot;camera&quot;:&quot;&quot;,&quot;caption&quot;:&quot;&quot;,&quot;created_timestamp&quot;:&quot;0&quot;,&quot;copyright&quot;:&quot;&quot;,&quot;focal_length&quot;:&quot;0&quot;,&quot;iso&quot;:&quot;0&quot;,&quot;shutter_speed&quot;:&quot;0&quot;,&quot;title&quot;:&quot;&quot;,&quot;orientation&quot;:&quot;0&quot;}\" data-image-title=\"Colheita de soja \u2013 Foto Aprosoja MT\" data-image-description data-image-caption=\"&lt;p&gt;Foto: Divulga\u00e7\u00e3o\/Aprosoja-MT &lt;\/p&gt;\" data-medium-file=\"https:\/\/i0.wp.com\/opresenterural.com.br\/wp-content\/uploads\/2026\/03\/Colheita-de-soja-Foto-Aprosoja-MT.jpg?fit=300%2C200&amp;ssl=1\" data-large-file=\"https:\/\/i0.wp.com\/opresenterural.com.br\/wp-content\/uploads\/2026\/03\/Colheita-de-soja-Foto-Aprosoja-MT.jpg?fit=740%2C493&amp;ssl=1\" class=\"size-medium wp-image-204618\" src=\"https:\/\/i0.wp.com\/opresenterural.com.br\/wp-content\/uploads\/2026\/03\/Colheita-de-soja-Foto-Aprosoja-MT.jpg?resize=300%2C200&amp;ssl=1\" alt width=\"300\" height=\"200\" srcset=\"https:\/\/i0.wp.com\/opresenterural.com.br\/wp-content\/uploads\/2026\/03\/Colheita-de-soja-Foto-Aprosoja-MT.jpg?resize=300%2C200&amp;ssl=1 300w, https:\/\/i0.wp.com\/opresenterural.com.br\/wp-content\/uploads\/2026\/03\/Colheita-de-soja-Foto-Aprosoja-MT.jpg?resize=1024%2C682&amp;ssl=1 1024w, https:\/\/i0.wp.com\/opresenterural.com.br\/wp-content\/uploads\/2026\/03\/Colheita-de-soja-Foto-Aprosoja-MT.jpg?resize=768%2C512&amp;ssl=1 768w, https:\/\/i0.wp.com\/opresenterural.com.br\/wp-content\/uploads\/2026\/03\/Colheita-de-soja-Foto-Aprosoja-MT.jpg?resize=600%2C400&amp;ssl=1 600w, https:\/\/i0.wp.com\/opresenterural.com.br\/wp-content\/uploads\/2026\/03\/Colheita-de-soja-Foto-Aprosoja-MT.jpg?w=1400&amp;ssl=1 1400w\" sizes=\"(max-width: 300px) 100vw, 300px\"><\/p>\n<p id=\"caption-attachment-204618\" class=\"wp-caption-text\">Foto: Divulga\u00e7\u00e3o\/Aprosoja-MT<\/p>\n<\/div>\n<p data-start=\"891\" data-end=\"1153\">Apesar de desafios clim\u00e1ticos em algumas regi\u00f5es, houve melhora nas estimativas de produ\u00e7\u00e3o na maioria dos estados. A colheita da soja alcan\u00e7ava 44% da \u00e1rea plantada no pa\u00eds at\u00e9 26 de fevereiro, abaixo dos 52% registrados no mesmo per\u00edodo do ano passado.<\/p>\n<p data-start=\"1155\" data-end=\"1342\">Nove estados apresentam potencial produtivo superior a 62 sacas por hectare: Mato Grosso, Mato Grosso do Sul, Goi\u00e1s, Paran\u00e1, Santa Catarina, S\u00e3o Paulo, Minas Gerais, Rond\u00f4nia e Bahia.<\/p>\n<p data-start=\"1344\" data-end=\"1716\">No Mato Grosso, a produtividade m\u00e9dia est\u00e1 estimada em 66 sacas por hectare, pr\u00f3xima do recorde da safra anterior, de 66,5 sacas. Em Goi\u00e1s, a estimativa \u00e9 de 67 sacas por hectare, embora a colheita esteja atrasada e cerca de 60% da \u00e1rea ainda permane\u00e7a no campo. O Mato Grosso do Sul apresenta produtividade projetada de 62,5 sacas por hectare.<\/p>\n<p data-start=\"1718\" data-end=\"2045\">No Paran\u00e1, a expectativa \u00e9 de novo recorde, com m\u00e9dia de 67 sacas por hectare. Em S\u00e3o Paulo, a produtividade pode alcan\u00e7ar 63,5 sacas, enquanto Minas Gerais tem m\u00e9dia estimada em 66,5 sacas por hectare. Rond\u00f4nia apresenta estimativa de 62,5 sacas, e a Bahia, de 68 sacas por hectare.<\/p>\n<div id=\"attachment_201299\" style=\"width: 310px\" class=\"wp-caption alignright\"><img data-recalc-dims=\"1\" decoding=\"async\" aria-describedby=\"caption-attachment-201299\" data-attachment-id=\"201299\" data-permalink=\"https:\/\/opresenterural.com.br\/soja-no-parana-se-aproxima-de-safra-historica-e-reforca-otimismo-no-campo\/colheita-de-soja-fotosjaelson-lucas-arquivo-aen-2\/\" data-orig-file=\"https:\/\/i0.wp.com\/opresenterural.com.br\/wp-content\/uploads\/2026\/01\/colheitasoja_056.jpg?fit=1400%2C933&amp;ssl=1\" data-orig-size=\"1400,933\" data-comments-opened=\"0\" data-image-meta=\"{&quot;aperture&quot;:&quot;22&quot;,&quot;credit&quot;:&quot;Jaelson Lucas\\\/Arquivo AEN&quot;,&quot;camera&quot;:&quot;Canon EOS 5D Mark III&quot;,&quot;caption&quot;:&quot;Colheita de soja. Fotos:Jaelson Lucas \\\/ Arquivo AEN&quot;,&quot;created_timestamp&quot;:&quot;1583404294&quot;,&quot;copyright&quot;:&quot;&quot;,&quot;focal_length&quot;:&quot;135&quot;,&quot;iso&quot;:&quot;400&quot;,&quot;shutter_speed&quot;:&quot;0.004&quot;,&quot;title&quot;:&quot;Colheita de soja. Fotos:Jaelson Lucas \\\/ Arquivo AEN&quot;,&quot;orientation&quot;:&quot;1&quot;}\" data-image-title=\"Colheita de soja PR\" data-image-description data-image-caption=\"&lt;p&gt;Foto: Jaelson Lucas\/AEN&lt;\/p&gt;\" data-medium-file=\"https:\/\/i0.wp.com\/opresenterural.com.br\/wp-content\/uploads\/2026\/01\/colheitasoja_056.jpg?fit=300%2C200&amp;ssl=1\" data-large-file=\"https:\/\/i0.wp.com\/opresenterural.com.br\/wp-content\/uploads\/2026\/01\/colheitasoja_056.jpg?fit=740%2C493&amp;ssl=1\" class=\"size-medium wp-image-201299\" src=\"https:\/\/i0.wp.com\/opresenterural.com.br\/wp-content\/uploads\/2026\/01\/colheitasoja_056.jpg?resize=300%2C200&amp;ssl=1\" alt width=\"300\" height=\"200\" srcset=\"https:\/\/i0.wp.com\/opresenterural.com.br\/wp-content\/uploads\/2026\/01\/colheitasoja_056.jpg?resize=300%2C200&amp;ssl=1 300w, https:\/\/i0.wp.com\/opresenterural.com.br\/wp-content\/uploads\/2026\/01\/colheitasoja_056.jpg?resize=1024%2C682&amp;ssl=1 1024w, https:\/\/i0.wp.com\/opresenterural.com.br\/wp-content\/uploads\/2026\/01\/colheitasoja_056.jpg?resize=768%2C512&amp;ssl=1 768w, https:\/\/i0.wp.com\/opresenterural.com.br\/wp-content\/uploads\/2026\/01\/colheitasoja_056.jpg?resize=600%2C400&amp;ssl=1 600w, https:\/\/i0.wp.com\/opresenterural.com.br\/wp-content\/uploads\/2026\/01\/colheitasoja_056.jpg?w=1400&amp;ssl=1 1400w\" sizes=\"(max-width: 300px) 100vw, 300px\"><\/p>\n<p id=\"caption-attachment-201299\" class=\"wp-caption-text\">Photo: Jaelson Lucas\/AEN<\/p>\n<\/div>\n<p data-start=\"2047\" data-end=\"2255\">Entre os estados com produtividade estimada entre 55 e 62 sacas por hectare est\u00e3o Tocantins, com m\u00e9dia de 59,5 sacas, e Maranh\u00e3o, Piau\u00ed e Par\u00e1, com estimativa de 60 sacas por hectare cada.<\/p>\n<p data-start=\"2257\" data-end=\"2523\">O Rio Grande do Sul \u00e9 o \u00fanico estado com perdas consolidadas at\u00e9 o momento. A irregularidade das chuvas entre janeiro e fevereiro, especialmente nas regi\u00f5es sul e das Miss\u00f5es, comprometeu o potencial produtivo, com perdas estimadas em 2 milh\u00f5es de toneladas.<\/p>\n<p data-start=\"2525\" data-end=\"2772\" data-is-last-node data-is-only-node>As avalia\u00e7\u00f5es de campo seguem nas pr\u00f3ximas semanas. As equipes ainda devem realizar levantamentos no Maranh\u00e3o, Piau\u00ed, Bahia e Rio Grande do Sul, etapa considerada decisiva para a consolida\u00e7\u00e3o das estimativas finais da safra brasileira de soja.<\/p>\n<\/div>\n<h6><em>THE <strong>Bela Cereais<\/strong> works with the best grains on the market and also keeps you up to date with the latest news and analyses on agribusiness.<br \/>\nDon&#039;t forget to follow our social networks.<\/em><\/h6>\n<p><a href=\"https:\/\/opresenterural.com.br\/safra-de-soja-2025-26-pode-superar-183-milhoes-de-toneladas\/\" target=\"_blank\" rel=\"noopener\">Access News Source <\/a><\/p>","protected":false},"excerpt":{"rendered":"<p>Resultados parciais das avalia\u00e7\u00f5es de campo do Rally da Safra indicam aumento na estimativa de&hellip;<\/p>","protected":false},"author":1,"featured_media":26315,"comment_status":"","ping_status":"","sticky":false,"template":"","format":"standard","meta":{"footnotes":""},"categories":[258],"tags":[],"class_list":["post-27000","post","type-post","status-publish","format-standard","has-post-thumbnail","hentry","category-safra"],"_links":{"self":[{"href":"https:\/\/belacereais.com.br\/en\/wp-json\/wp\/v2\/posts\/27000","targetHints":{"allow":["GET"]}}],"collection":[{"href":"https:\/\/belacereais.com.br\/en\/wp-json\/wp\/v2\/posts"}],"about":[{"href":"https:\/\/belacereais.com.br\/en\/wp-json\/wp\/v2\/types\/post"}],"author":[{"embeddable":true,"href":"https:\/\/belacereais.com.br\/en\/wp-json\/wp\/v2\/users\/1"}],"replies":[{"embeddable":true,"href":"https:\/\/belacereais.com.br\/en\/wp-json\/wp\/v2\/comments?post=27000"}],"version-history":[{"count":0,"href":"https:\/\/belacereais.com.br\/en\/wp-json\/wp\/v2\/posts\/27000\/revisions"}],"wp:featuredmedia":[{"embeddable":true,"href":"https:\/\/belacereais.com.br\/en\/wp-json\/wp\/v2\/media\/26315"}],"wp:attachment":[{"href":"https:\/\/belacereais.com.br\/en\/wp-json\/wp\/v2\/media?parent=27000"}],"wp:term":[{"taxonomy":"category","embeddable":true,"href":"https:\/\/belacereais.com.br\/en\/wp-json\/wp\/v2\/categories?post=27000"},{"taxonomy":"post_tag","embeddable":true,"href":"https:\/\/belacereais.com.br\/en\/wp-json\/wp\/v2\/tags?post=27000"}],"curies":[{"name":"wp","href":"https:\/\/api.w.org\/{rel}","templated":true}]}}