{"id":27003,"date":"2026-03-13T13:29:16","date_gmt":"2026-03-13T17:29:16","guid":{"rendered":"https:\/\/belacereais.com.br\/2026\/safra\/safra-brasileira-de-graos-e-estimada-em-3534-milhoes-de-toneladas\/"},"modified":"2026-03-13T13:29:16","modified_gmt":"2026-03-13T17:29:16","slug":"safra-brasileira-de-graos-e-estimada-em-3534-milhoes-de-toneladas","status":"publish","type":"post","link":"https:\/\/belacereais.com.br\/en\/2026\/safra\/safra-brasileira-de-graos-e-estimada-em-3534-milhoes-de-toneladas\/","title":{"rendered":"Safra brasileira de gr\u00e3os \u00e9 estimada em 353,4 milh\u00f5es de toneladas"},"content":{"rendered":"<p><\/p>\n<div id=\"mvp-content-main\" class=\"left relative\">\n<p>Os agricultores brasileiros dever\u00e3o colher 353,4 milh\u00f5es de toneladas de gr\u00e3os na safra 2025\/26, resultado que mant\u00e9m a expectativa de um ligeiro crescimento de 0,3% em rela\u00e7\u00e3o ao volume obtido no ciclo 2024\/25 e que, se confirmado, estabelece um novo recorde na s\u00e9rie hist\u00f3rica da Companhia Nacional de Abastecimento (Conab). Os dados est\u00e3o no 6\u00ba Levantamento da Safra 2025\/26 de Gr\u00e3os, publicado nesta sexta-feira (13) pela Companhia. De acordo com o documento, a \u00e1rea destinada para o plantio deve crescer 1,7%, sendo estimada em 83,2 milh\u00f5es de hectares, enquanto a produtividade m\u00e9dia nacional das lavouras deve chegar a 4.250 quilos por hectares no atual ciclo.<\/p>\n<div id=\"attachment_186591\" style=\"width: 310px\" class=\"wp-caption alignleft\"><img fetchpriority=\"high\" data-recalc-dims=\"1\" decoding=\"async\" aria-describedby=\"caption-attachment-186591\" data-attachment-id=\"186591\" data-permalink=\"https:\/\/opresenterural.com.br\/juros-disparam-no-plano-safra-2025-26-e-produtor-rural-enfrenta-maior-custo-da-historia\/correntinabahiabrazilfebruary262019agriculture-beautifulaerial-8\/\" data-orig-file=\"https:\/\/i0.wp.com\/opresenterural.com.br\/wp-content\/uploads\/2025\/07\/shutterstock_1662312301.jpg?fit=1400%2C786&amp;ssl=1\" data-orig-size=\"1400,786\" data-comments-opened=\"0\" data-image-meta=\"{&quot;aperture&quot;:&quot;0&quot;,&quot;credit&quot;:&quot;Shutterstock&quot;,&quot;camera&quot;:&quot;&quot;,&quot;caption&quot;:&quot;Correntina, Bahia, Brazil, February 26, 2019: Agriculture - Beautiful aerial image with several machines harvesting corn in the open field with beautiful blue sky - Agribusiness.&quot;,&quot;created_timestamp&quot;:&quot;0&quot;,&quot;copyright&quot;:&quot;Copyright (c) 2020 lourencolf\\\/Shutterstock.  No use without permission.&quot;,&quot;focal_length&quot;:&quot;0&quot;,&quot;iso&quot;:&quot;0&quot;,&quot;shutter_speed&quot;:&quot;0&quot;,&quot;title&quot;:&quot;Correntina,,Bahia,,Brazil,,February,26,,2019:,Agriculture,-,Beautiful,Aerial&quot;,&quot;orientation&quot;:&quot;1&quot;}\" data-image-title=\"colheita safra\" data-image-description data-image-caption=\"&lt;p&gt;Foto: Shutterstock&lt;\/p&gt;\" data-medium-file=\"https:\/\/i0.wp.com\/opresenterural.com.br\/wp-content\/uploads\/2025\/07\/shutterstock_1662312301.jpg?fit=300%2C168&amp;ssl=1\" data-large-file=\"https:\/\/i0.wp.com\/opresenterural.com.br\/wp-content\/uploads\/2025\/07\/shutterstock_1662312301.jpg?fit=740%2C416&amp;ssl=1\" class=\"size-medium wp-image-186591\" src=\"https:\/\/i0.wp.com\/opresenterural.com.br\/wp-content\/uploads\/2025\/07\/shutterstock_1662312301.jpg?resize=300%2C168&amp;ssl=1\" alt width=\"300\" height=\"168\" srcset=\"https:\/\/i0.wp.com\/opresenterural.com.br\/wp-content\/uploads\/2025\/07\/shutterstock_1662312301.jpg?resize=300%2C168&amp;ssl=1 300w, https:\/\/i0.wp.com\/opresenterural.com.br\/wp-content\/uploads\/2025\/07\/shutterstock_1662312301.jpg?resize=1024%2C575&amp;ssl=1 1024w, https:\/\/i0.wp.com\/opresenterural.com.br\/wp-content\/uploads\/2025\/07\/shutterstock_1662312301.jpg?resize=768%2C431&amp;ssl=1 768w, https:\/\/i0.wp.com\/opresenterural.com.br\/wp-content\/uploads\/2025\/07\/shutterstock_1662312301.jpg?resize=600%2C337&amp;ssl=1 600w, https:\/\/i0.wp.com\/opresenterural.com.br\/wp-content\/uploads\/2025\/07\/shutterstock_1662312301.jpg?w=1400&amp;ssl=1 1400w\" sizes=\"(max-width: 300px) 100vw, 300px\"><\/p>\n<p id=\"caption-attachment-186591\" class=\"wp-caption-text\">Photo: Shutterstock<\/p>\n<\/div>\n<p>As principais culturas de primeira safra j\u00e1 se encontram em fase de colheita. Para a soja, j\u00e1 foram colhidos em torno de 50,6% da \u00e1rea semeada. Fevereiro foi um m\u00eas desafiador para o produtor da oleaginosa, com excesso de precipita\u00e7\u00f5es no Centro-Oeste e Sudeste, em especial em Goi\u00e1s e em Minas Gerais, e com irregularidade clim\u00e1tica em grande parte do Rio Grande do Sul. J\u00e1 no in\u00edcio de mar\u00e7o, as regi\u00f5es Norte e Nordeste s\u00e3o as que t\u00eam os trabalhos de campo prejudicados pelo excesso de chuvas. Mesmo com os desafios encontrados, de maneira geral as condi\u00e7\u00f5es clim\u00e1ticas favoreceram o desenvolvimento da cultura e a expectativa \u00e9 que a produ\u00e7\u00e3o atinja um novo recorde e chegue a 177,8 milh\u00f5es de toneladas.<\/p>\n<p>As precipita\u00e7\u00f5es em abund\u00e2ncia no Sudeste e Centro-Oeste, que limitaram um maior avan\u00e7o da \u00e1rea colhida de soja, refletiram tamb\u00e9m em um plantio mais tardio da segunda safra de milho. Alguns estados, como Goi\u00e1s, Maranh\u00e3o e Minas Gerais, j\u00e1 indicam redu\u00e7\u00e3o na \u00e1rea destinada ao cereal. Com este cen\u00e1rio, a estimativa de \u00e1rea da segunda safra de milho \u00e9 de 17,7 milh\u00f5es de hectares e uma produ\u00e7\u00e3o projetada em 108,4 milh\u00f5es de toneladas. J\u00e1 o cultivo da primeira safra de milho o panorama \u00e9 de crescimento tanto de \u00e1rea, estimada em 4,1 milh\u00f5es de hectares, quanto de produ\u00e7\u00e3o, podendo chegar a 27,4 milh\u00f5es de toneladas. Ao considerar as tr\u00eas safras do cereal, semeadas ao longo da temporada, a expectativa da Conab \u00e9 que a produ\u00e7\u00e3o chegue a 138,3 milh\u00f5es de toneladas.<\/p>\n<h4><strong>Market<\/strong><\/h4>\n<div id=\"attachment_180769\" style=\"width: 310px\" class=\"wp-caption alignright\"><img data-recalc-dims=\"1\" decoding=\"async\" aria-describedby=\"caption-attachment-180769\" data-attachment-id=\"180769\" data-permalink=\"https:\/\/opresenterural.com.br\/parana-apresenta-modelo-pioneiro-de-plano-safra-estadual-para-outros-estados\/safra-soja-2020-fotosjaelson-lucas-aen-18\/\" data-orig-file=\"https:\/\/i0.wp.com\/opresenterural.com.br\/wp-content\/uploads\/2025\/05\/colheita-soja-Foto-Jaelson-Lucas-AEN-PR.jpg?fit=1400%2C933&amp;ssl=1\" data-orig-size=\"1400,933\" data-comments-opened=\"0\" data-image-meta=\"{&quot;aperture&quot;:&quot;22&quot;,&quot;credit&quot;:&quot;Jaelson Lucas&quot;,&quot;camera&quot;:&quot;Canon EOS 5D Mark III&quot;,&quot;caption&quot;:&quot;Safra soja 2020. Fotos:Jaelson Lucas \\\/ AEN&quot;,&quot;created_timestamp&quot;:&quot;1583238558&quot;,&quot;copyright&quot;:&quot;&quot;,&quot;focal_length&quot;:&quot;28&quot;,&quot;iso&quot;:&quot;500&quot;,&quot;shutter_speed&quot;:&quot;0.00625&quot;,&quot;title&quot;:&quot;Safra soja 2020. Fotos:Jaelson Lucas \\\/ AEN&quot;,&quot;orientation&quot;:&quot;1&quot;}\" data-image-title=\"Safra soja 2020. Fotos:Jaelson Lucas \/ AEN\" data-image-description data-image-caption=\"&lt;p&gt;Safra soja 2020. Fotos:Jaelson Lucas \/ AEN&lt;\/p&gt;\" data-medium-file=\"https:\/\/i0.wp.com\/opresenterural.com.br\/wp-content\/uploads\/2025\/05\/colheita-soja-Foto-Jaelson-Lucas-AEN-PR.jpg?fit=300%2C200&amp;ssl=1\" data-large-file=\"https:\/\/i0.wp.com\/opresenterural.com.br\/wp-content\/uploads\/2025\/05\/colheita-soja-Foto-Jaelson-Lucas-AEN-PR.jpg?fit=740%2C493&amp;ssl=1\" class=\"size-medium wp-image-180769\" src=\"https:\/\/i0.wp.com\/opresenterural.com.br\/wp-content\/uploads\/2025\/05\/colheita-soja-Foto-Jaelson-Lucas-AEN-PR.jpg?resize=300%2C200&amp;ssl=1\" alt width=\"300\" height=\"200\" srcset=\"https:\/\/i0.wp.com\/opresenterural.com.br\/wp-content\/uploads\/2025\/05\/colheita-soja-Foto-Jaelson-Lucas-AEN-PR.jpg?resize=300%2C200&amp;ssl=1 300w, https:\/\/i0.wp.com\/opresenterural.com.br\/wp-content\/uploads\/2025\/05\/colheita-soja-Foto-Jaelson-Lucas-AEN-PR.jpg?resize=1024%2C682&amp;ssl=1 1024w, https:\/\/i0.wp.com\/opresenterural.com.br\/wp-content\/uploads\/2025\/05\/colheita-soja-Foto-Jaelson-Lucas-AEN-PR.jpg?resize=768%2C512&amp;ssl=1 768w, https:\/\/i0.wp.com\/opresenterural.com.br\/wp-content\/uploads\/2025\/05\/colheita-soja-Foto-Jaelson-Lucas-AEN-PR.jpg?resize=600%2C400&amp;ssl=1 600w, https:\/\/i0.wp.com\/opresenterural.com.br\/wp-content\/uploads\/2025\/05\/colheita-soja-Foto-Jaelson-Lucas-AEN-PR.jpg?w=1400&amp;ssl=1 1400w\" sizes=\"(max-width: 300px) 100vw, 300px\"><\/p>\n<p id=\"caption-attachment-180769\" class=\"wp-caption-text\">Photo: Jaelson Lucas\/AEN<\/p>\n<\/div>\n<p>Diante dos ajustes na produ\u00e7\u00e3o total de milho, reflexo dos ajustes na \u00e1rea semeada da 2\u00aa safra do cereal, os estoques de passagem do gr\u00e3o ao final do ciclo tamb\u00e9m foram atualizados, estimados em 11,6 milh\u00f5es de toneladas ao final de janeiro de 2027. No caso do arroz, a Conab estima um estoque de passagem em torno de 1,7 milh\u00e3o de toneladas, segundo maior volume em compara\u00e7\u00e3o com os \u00faltimos 5 ciclos mesmo com a redu\u00e7\u00e3o nas proje\u00e7\u00f5es de produ\u00e7\u00e3o da atual temporada.<\/p>\n<p>Para a soja, a produ\u00e7\u00e3o recorde permite expectativas de exporta\u00e7\u00f5es robustas em 2026, com a proje\u00e7\u00e3o de embarques podendo chegar a 114,39 milh\u00f5es de toneladas, um novo recorde de venda ao mercado externo caso o volume se confirme ao final do ano comercial da oleaginosa.<\/p>\n<p>Confira as informa\u00e7\u00f5es completas sobre as principais culturas cultivadas no pa\u00eds com as condi\u00e7\u00f5es de mercados dos produtos no\u00a0<a class=\"internal-link\" href=\"https:\/\/www.gov.br\/conab\/pt-br\/atuacao\/informacoes-agropecuarias\/safras\/safra-de-graos\" target=\"_blank\" rel=\"noopener\" data-tippreview-enabled=\"false\" title data-tippreview-image data-tippreview-title>6\u00ba Levantamento da Safra de Gr\u00e3os 2025\/26<\/a>, publicado no Portal da Conab.<\/p>\n<\/div>\n<h6><em>THE <strong>Bela Cereais<\/strong> works with the best grains on the market and also keeps you up to date with the latest news and analyses on agribusiness.<br \/>\nDon&#039;t forget to follow our social networks.<\/em><\/h6>\n<p><a href=\"https:\/\/opresenterural.com.br\/safra-brasileira-de-graos-e-estimada-em-3534-milhoes-de-toneladas\/\" target=\"_blank\" rel=\"noopener\">Access News Source <\/a><\/p>","protected":false},"excerpt":{"rendered":"<p>Os agricultores brasileiros dever\u00e3o colher 353,4 milh\u00f5es de toneladas de gr\u00e3os na safra 2025\/26, resultado&hellip;<\/p>","protected":false},"author":1,"featured_media":25170,"comment_status":"","ping_status":"","sticky":false,"template":"","format":"standard","meta":{"footnotes":""},"categories":[258],"tags":[],"class_list":["post-27003","post","type-post","status-publish","format-standard","has-post-thumbnail","hentry","category-safra"],"_links":{"self":[{"href":"https:\/\/belacereais.com.br\/en\/wp-json\/wp\/v2\/posts\/27003","targetHints":{"allow":["GET"]}}],"collection":[{"href":"https:\/\/belacereais.com.br\/en\/wp-json\/wp\/v2\/posts"}],"about":[{"href":"https:\/\/belacereais.com.br\/en\/wp-json\/wp\/v2\/types\/post"}],"author":[{"embeddable":true,"href":"https:\/\/belacereais.com.br\/en\/wp-json\/wp\/v2\/users\/1"}],"replies":[{"embeddable":true,"href":"https:\/\/belacereais.com.br\/en\/wp-json\/wp\/v2\/comments?post=27003"}],"version-history":[{"count":0,"href":"https:\/\/belacereais.com.br\/en\/wp-json\/wp\/v2\/posts\/27003\/revisions"}],"wp:featuredmedia":[{"embeddable":true,"href":"https:\/\/belacereais.com.br\/en\/wp-json\/wp\/v2\/media\/25170"}],"wp:attachment":[{"href":"https:\/\/belacereais.com.br\/en\/wp-json\/wp\/v2\/media?parent=27003"}],"wp:term":[{"taxonomy":"category","embeddable":true,"href":"https:\/\/belacereais.com.br\/en\/wp-json\/wp\/v2\/categories?post=27003"},{"taxonomy":"post_tag","embeddable":true,"href":"https:\/\/belacereais.com.br\/en\/wp-json\/wp\/v2\/tags?post=27003"}],"curies":[{"name":"wp","href":"https:\/\/api.w.org\/{rel}","templated":true}]}}