{"id":27004,"date":"2026-03-13T14:29:59","date_gmt":"2026-03-13T18:29:59","guid":{"rendered":"https:\/\/belacereais.com.br\/2026\/safra\/safra-de-graos-do-parana-pode-ter-aumento-de-306-mil-toneladas-aponta-ibge\/"},"modified":"2026-03-13T14:29:59","modified_gmt":"2026-03-13T18:29:59","slug":"safra-de-graos-do-parana-pode-ter-aumento-de-306-mil-toneladas-aponta-ibge","status":"publish","type":"post","link":"https:\/\/belacereais.com.br\/en\/2026\/safra\/safra-de-graos-do-parana-pode-ter-aumento-de-306-mil-toneladas-aponta-ibge\/","title":{"rendered":"Safra de gr\u00e3os do Paran\u00e1 pode ter aumento de 306 mil toneladas, aponta IBGE"},"content":{"rendered":"<p><\/p>\n<div id=\"mvp-content-main\" class=\"left relative\">\n<div class=\"row\">\n<div class=\"col-sm-8 col-md-offset-1 bloco-central\">\n<article class=\"node node--type-noticia node--promoted node--view-mode-full clearfix\" role=\"article\" data-history-node-id=\"81916\">\n<div class=\"node__content clearfix\">\n<div class=\"field field--name-field-texto field--type-text-long field--label-hidden field--item\">\n<p>O Levantamento Sistem\u00e1tico da Produ\u00e7\u00e3o Agr\u00edcola (LSPA) divulgado nesta sexta-feira (13) pelo\u00a0Instituto Brasileiro de Geografia e Estat\u00edstica (IBGE) aponta que o Paran\u00e1 deve produzir 306,4 mil toneladas a mais de gr\u00e3os do que a proje\u00e7\u00e3o anterior, divulgada em fevereiro. \u00c9 a quarta principal alta do Pa\u00eds, atr\u00e1s apenas de\u00a0Bahia (652,2 mil toneladas), Goi\u00e1s (424 mil t) e Minas Gerais (321,2 mil t). J\u00e1 a maior varia\u00e7\u00e3o negativa ocorreu no Rio Grande do Sul (-359.430 t).<\/p>\n<div id=\"attachment_200654\" style=\"width: 310px\" class=\"wp-caption alignright\"><img fetchpriority=\"high\" data-recalc-dims=\"1\" decoding=\"async\" aria-describedby=\"caption-attachment-200654\" data-attachment-id=\"200654\" data-permalink=\"https:\/\/opresenterural.com.br\/vbp-do-milho-cresce-34-e-chega-a-r-1674-bilhoes-em-2025\/corngrainsbeingharvestedatcornharvestandfalling-2\/\" data-orig-file=\"https:\/\/i0.wp.com\/opresenterural.com.br\/wp-content\/uploads\/2026\/01\/shutterstock_2463911357.jpg?fit=1400%2C1050&amp;ssl=1\" data-orig-size=\"1400,1050\" data-comments-opened=\"0\" data-image-meta=\"{&quot;aperture&quot;:&quot;0&quot;,&quot;credit&quot;:&quot;Shutterstock&quot;,&quot;camera&quot;:&quot;&quot;,&quot;caption&quot;:&quot;-\\tcorn grains being harvested at corn harvest and falling in transport&quot;,&quot;created_timestamp&quot;:&quot;0&quot;,&quot;copyright&quot;:&quot;Copyright (c) 2024 MS Cattle\\\/Shutterstock.  No use without permission.&quot;,&quot;focal_length&quot;:&quot;0&quot;,&quot;iso&quot;:&quot;0&quot;,&quot;shutter_speed&quot;:&quot;0&quot;,&quot;title&quot;:&quot;-,Corn,Grains,Being,Harvested,At,Corn,Harvest,And,Falling&quot;,&quot;orientation&quot;:&quot;1&quot;}\" data-image-title=\"colheita de milho\" data-image-description data-image-caption=\"&lt;p&gt;Foto: Shutterstock&lt;\/p&gt;\" data-medium-file=\"https:\/\/i0.wp.com\/opresenterural.com.br\/wp-content\/uploads\/2026\/01\/shutterstock_2463911357.jpg?fit=300%2C225&amp;ssl=1\" data-large-file=\"https:\/\/i0.wp.com\/opresenterural.com.br\/wp-content\/uploads\/2026\/01\/shutterstock_2463911357.jpg?fit=740%2C555&amp;ssl=1\" class=\"wp-image-200654 size-medium\" src=\"https:\/\/i0.wp.com\/opresenterural.com.br\/wp-content\/uploads\/2026\/01\/shutterstock_2463911357.jpg?resize=300%2C225&amp;ssl=1\" alt width=\"300\" height=\"225\" srcset=\"https:\/\/i0.wp.com\/opresenterural.com.br\/wp-content\/uploads\/2026\/01\/shutterstock_2463911357.jpg?resize=300%2C225&amp;ssl=1 300w, https:\/\/i0.wp.com\/opresenterural.com.br\/wp-content\/uploads\/2026\/01\/shutterstock_2463911357.jpg?resize=1024%2C768&amp;ssl=1 1024w, https:\/\/i0.wp.com\/opresenterural.com.br\/wp-content\/uploads\/2026\/01\/shutterstock_2463911357.jpg?resize=768%2C576&amp;ssl=1 768w, https:\/\/i0.wp.com\/opresenterural.com.br\/wp-content\/uploads\/2026\/01\/shutterstock_2463911357.jpg?resize=600%2C450&amp;ssl=1 600w, https:\/\/i0.wp.com\/opresenterural.com.br\/wp-content\/uploads\/2026\/01\/shutterstock_2463911357.jpg?w=1400&amp;ssl=1 1400w\" sizes=\"(max-width: 300px) 100vw, 300px\"><\/p>\n<p id=\"caption-attachment-200654\" class=\"wp-caption-text\">Photo: Shutterstock<\/p>\n<\/div>\n<p>De acordo com o levantamento, o Paran\u00e1, com uma produ\u00e7\u00e3o de 22,3 milh\u00f5es de toneladas, deve ter o segundo maior volume colhido do Pa\u00eds neste ano, com crescimento de 4,3% em rela\u00e7\u00e3o ao volume de 2025. O Estado responde por 13,9% da produ\u00e7\u00e3o nacional, segundo maior indicador, atr\u00e1s apenas do Mato Grosso (48,5 milh\u00f5es de toneladas). O Mato Grosso do Sul, em terceiro, aguarda uma produ\u00e7\u00e3o de 15 milh\u00f5es de toneladas, crescimento de 14% sobre o total do ano passado.<\/p>\n<p>A estimativa nacional de cereais, leguminosas e oleaginosas \u00e9 de 344,1 milh\u00f5es de toneladas, 0,6% menor que a obtida em 2025 (346,1 milh\u00f5es de toneladas.\u00a0A \u00e1rea a ser colhida foi de 82,9 milh\u00f5es de hectares, com aumento de 1,6% frente a 2025. Em rela\u00e7\u00e3o \u00e0 estimativa de janeiro, a \u00e1rea a ser colhida cresceu 0,3%.<\/p>\n<p>No Paran\u00e1, as principais mudan\u00e7as positivas est\u00e3o na soja, milho e feij\u00e3o. Na soja, o\u00a0Paran\u00e1 espera 22,3 milh\u00f5es de toneladas, segundo maior volume colhido do Pa\u00eds, com crescimento de 4,3% em rela\u00e7\u00e3o ao volume colhido em 2025.\u00a0A estimativa nacional alcan\u00e7ou novo recorde na s\u00e9rie hist\u00f3rica em 2026, totalizando 173,3 milh\u00f5es de toneladas, 0,4% acima de janeiro 4,3% maior que o produzido em 2025.<\/p>\n<p>Em rela\u00e7\u00e3o ao milho, o Paran\u00e1, segundo maior produtor nacional, registra crescimento de 1,6% na \u00e1rea, totalizando 17,5 milh\u00f5es de toneladas e um rendimento m\u00e9dio de 6 125 kg\/ha. O Estado tem 16,6% de participa\u00e7\u00e3o nessa cultura.<\/p>\n<\/div>\n<\/div>\n<\/article>\n<\/div>\n<\/div>\n<\/div>\n<h6><em>THE <strong>Bela Cereais<\/strong> works with the best grains on the market and also keeps you up to date with the latest news and analyses on agribusiness.<br \/>\nDon&#039;t forget to follow our social networks.<\/em><\/h6>\n<p><a href=\"https:\/\/opresenterural.com.br\/safra-de-graos-do-parana-pode-ter-aumento-de-306-mil-toneladas-aponta-ibge\/\" target=\"_blank\" rel=\"noopener\">Access News Source <\/a><\/p>","protected":false},"excerpt":{"rendered":"<p>O Levantamento Sistem\u00e1tico da Produ\u00e7\u00e3o Agr\u00edcola (LSPA) divulgado nesta sexta-feira (13) pelo\u00a0Instituto Brasileiro de Geografia&hellip;<\/p>","protected":false},"author":1,"featured_media":27005,"comment_status":"","ping_status":"","sticky":false,"template":"","format":"standard","meta":{"footnotes":""},"categories":[258],"tags":[],"class_list":["post-27004","post","type-post","status-publish","format-standard","has-post-thumbnail","hentry","category-safra"],"_links":{"self":[{"href":"https:\/\/belacereais.com.br\/en\/wp-json\/wp\/v2\/posts\/27004","targetHints":{"allow":["GET"]}}],"collection":[{"href":"https:\/\/belacereais.com.br\/en\/wp-json\/wp\/v2\/posts"}],"about":[{"href":"https:\/\/belacereais.com.br\/en\/wp-json\/wp\/v2\/types\/post"}],"author":[{"embeddable":true,"href":"https:\/\/belacereais.com.br\/en\/wp-json\/wp\/v2\/users\/1"}],"replies":[{"embeddable":true,"href":"https:\/\/belacereais.com.br\/en\/wp-json\/wp\/v2\/comments?post=27004"}],"version-history":[{"count":0,"href":"https:\/\/belacereais.com.br\/en\/wp-json\/wp\/v2\/posts\/27004\/revisions"}],"wp:featuredmedia":[{"embeddable":true,"href":"https:\/\/belacereais.com.br\/en\/wp-json\/wp\/v2\/media\/27005"}],"wp:attachment":[{"href":"https:\/\/belacereais.com.br\/en\/wp-json\/wp\/v2\/media?parent=27004"}],"wp:term":[{"taxonomy":"category","embeddable":true,"href":"https:\/\/belacereais.com.br\/en\/wp-json\/wp\/v2\/categories?post=27004"},{"taxonomy":"post_tag","embeddable":true,"href":"https:\/\/belacereais.com.br\/en\/wp-json\/wp\/v2\/tags?post=27004"}],"curies":[{"name":"wp","href":"https:\/\/api.w.org\/{rel}","templated":true}]}}