{"id":27008,"date":"2026-03-13T16:00:53","date_gmt":"2026-03-13T20:00:53","guid":{"rendered":"https:\/\/belacereais.com.br\/2026\/centro-oeste\/pecuaria-bovina-de-goias-entra-na-pauta-da-caravana-do-agro-exportador\/"},"modified":"2026-03-13T16:00:53","modified_gmt":"2026-03-13T20:00:53","slug":"pecuaria-bovina-de-goias-entra-na-pauta-da-caravana-do-agro-exportador","status":"publish","type":"post","link":"https:\/\/belacereais.com.br\/en\/2026\/centro-oeste\/pecuaria-bovina-de-goias-entra-na-pauta-da-caravana-do-agro-exportador\/","title":{"rendered":"Pecu\u00e1ria bovina de Goi\u00e1s entra na pauta da Caravana do Agro Exportador"},"content":{"rendered":"<p><\/p>\n<div id=\"mvp-content-main\" class=\"left relative\">\n<p class=\"v1MsoNormal\">A pecu\u00e1ria bovina de Goi\u00e1s e seu potencial no com\u00e9rcio internacional estar\u00e3o no centro dos debates da Caravana do Agro Exportador, que ser\u00e1 realizada no dia 17 de mar\u00e7o, em Goi\u00e2nia. O encontro ocorre na sede da Secretaria de Estado de Agricultura, Pecu\u00e1ria e Abastecimento de Goi\u00e1s (Seapa) e integra uma iniciativa do Minist\u00e9rio da Agricultura e Pecu\u00e1ria (Mapa) voltada a aproximar produtores, entidades do setor e institui\u00e7\u00f5es estrat\u00e9gicas das oportunidades de exporta\u00e7\u00e3o do agro brasileiro.<\/p>\n<p class=\"v1MsoNormal\">Promovido em parceria com a Ag\u00eancia Goiana de Defesa Agropecu\u00e1ria (Agrodefesa) e a Federa\u00e7\u00e3o da Agricultura e Pecu\u00e1ria de Goi\u00e1s (Faeg), o evento acontece das 8h \u00e0s 18h e deve reunir especialistas, representantes do setor produtivo e adidos agr\u00edcolas brasileiros que atuam em mercados estrat\u00e9gicos no exterior.<\/p>\n<p><img fetchpriority=\"high\" data-recalc-dims=\"1\" decoding=\"async\" data-attachment-id=\"201526\" data-permalink=\"https:\/\/opresenterural.com.br\/mato-grosso-bate-recordes-e-projeta-novo-salto-na-pecuaria-de-corte-em-2026\/beautifulherdofnelorecattlenarrowfocushundredsofheads-4\/\" data-orig-file=\"https:\/\/i0.wp.com\/opresenterural.com.br\/wp-content\/uploads\/2026\/01\/shutterstock_2285382345.jpg?fit=1400%2C787&amp;ssl=1\" data-orig-size=\"1400,787\" data-comments-opened=\"0\" data-image-meta=\"{&quot;aperture&quot;:&quot;0&quot;,&quot;credit&quot;:&quot;Shutterstock&quot;,&quot;camera&quot;:&quot;&quot;,&quot;caption&quot;:&quot;beautiful herd of Nelore cattle, narrow focus, hundreds of heads, Mato Grosso, Brazil&quot;,&quot;created_timestamp&quot;:&quot;0&quot;,&quot;copyright&quot;:&quot;Copyright (c) 2023 Marcus Mesquita\\\/Shutterstock.  No use without permission.&quot;,&quot;focal_length&quot;:&quot;0&quot;,&quot;iso&quot;:&quot;0&quot;,&quot;shutter_speed&quot;:&quot;0&quot;,&quot;title&quot;:&quot;Beautiful,Herd,Of,Nelore,Cattle,,Narrow,Focus,,Hundreds,Of,Heads,&quot;,&quot;orientation&quot;:&quot;1&quot;}\" data-image-title=\"Beautiful,Herd,Of,Nelore,Cattle,,Narrow,Focus,,Hundreds,Of,Heads,\" data-image-description data-image-caption=\"&lt;p&gt;beautiful herd of Nelore cattle, narrow focus, hundreds of heads, Mato Grosso, Brazil&lt;\/p&gt;\" data-medium-file=\"https:\/\/i0.wp.com\/opresenterural.com.br\/wp-content\/uploads\/2026\/01\/shutterstock_2285382345.jpg?fit=300%2C169&amp;ssl=1\" data-large-file=\"https:\/\/i0.wp.com\/opresenterural.com.br\/wp-content\/uploads\/2026\/01\/shutterstock_2285382345.jpg?fit=740%2C416&amp;ssl=1\" class=\"size-medium wp-image-201526\" src=\"https:\/\/i0.wp.com\/opresenterural.com.br\/wp-content\/uploads\/2026\/01\/shutterstock_2285382345.jpg?resize=300%2C169&amp;ssl=1\" alt width=\"300\" height=\"169\" srcset=\"https:\/\/i0.wp.com\/opresenterural.com.br\/wp-content\/uploads\/2026\/01\/shutterstock_2285382345.jpg?resize=300%2C169&amp;ssl=1 300w, https:\/\/i0.wp.com\/opresenterural.com.br\/wp-content\/uploads\/2026\/01\/shutterstock_2285382345.jpg?resize=1024%2C576&amp;ssl=1 1024w, https:\/\/i0.wp.com\/opresenterural.com.br\/wp-content\/uploads\/2026\/01\/shutterstock_2285382345.jpg?resize=768%2C432&amp;ssl=1 768w, https:\/\/i0.wp.com\/opresenterural.com.br\/wp-content\/uploads\/2026\/01\/shutterstock_2285382345.jpg?resize=600%2C337&amp;ssl=1 600w, https:\/\/i0.wp.com\/opresenterural.com.br\/wp-content\/uploads\/2026\/01\/shutterstock_2285382345.jpg?w=1400&amp;ssl=1 1400w\" sizes=\"(max-width: 300px) 100vw, 300px\"><\/p>\n<p class=\"v1MsoNormal\">A programa\u00e7\u00e3o foi estruturada para discutir os principais fatores que influenciam a competitividade da carne bovina brasileira no com\u00e9rcio global, incluindo exig\u00eancias sanit\u00e1rias, rastreabilidade, sustentabilidade e acordos comerciais. Tamb\u00e9m entram na pauta temas como cotas e tarifas de importa\u00e7\u00e3o, padr\u00f5es de qualidade exigidos pelos compradores internacionais e estrat\u00e9gias para ampliar a presen\u00e7a da carne brasileira em mercados consolidados.<\/p>\n<p class=\"v1MsoNormal\">Durante o encontro, especialistas v\u00e3o apresentar an\u00e1lises sobre o acesso ao mercado chin\u00eas e as oportunidades de exporta\u00e7\u00e3o para a Uni\u00e3o Europeia, al\u00e9m de discutir a\u00e7\u00f5es de promo\u00e7\u00e3o comercial e os desafios regulat\u00f3rios enfrentados pelo setor.<\/p>\n<p class=\"v1MsoNormal\">A agenda inclui ainda palestras sobre rastreabilidade bovina, sustentabilidade na produ\u00e7\u00e3o pecu\u00e1ria e perspectivas para a pecu\u00e1ria de corte brasileira. Uma mesa-redonda com representantes da ind\u00fastria frigor\u00edfica, produtores e institui\u00e7\u00f5es parceiras deve aprofundar o debate sobre o papel de Goi\u00e1s na expans\u00e3o das exporta\u00e7\u00f5es do agroneg\u00f3cio nacional.<\/p>\n<p class=\"v1MsoNormal\">A expectativa \u00e9 que o evento fortale\u00e7a o di\u00e1logo entre governo, cadeia produtiva e mercado internacional, ampliando o entendimento sobre requisitos t\u00e9cnicos e oportunidades de neg\u00f3cios para a pecu\u00e1ria brasileira.<\/p>\n<p class=\"v1MsoNormal\">As <a href=\"https:\/\/agroexportador.my.canva.site\/\" target=\"_blank\" rel=\"noopener\">inscri\u00e7\u00f5es s\u00e3o gratuitas<\/a>\u00a0e podem ser realizadas pela internet, onde tamb\u00e9m est\u00e1 dispon\u00edvel a programa\u00e7\u00e3o completa do encontro.<\/p>\n<\/div>\n<h6><em>THE <strong>Bela Cereais<\/strong> works with the best grains on the market in the Central West Region and also keeps you up to date with the latest news and analyses on agribusiness.<br \/>\nDon&#039;t forget to follow our social networks.<\/em><\/h6>\n<p><a href=\"https:\/\/opresenterural.com.br\/pecuaria-bovina-de-goias-entra-na-pauta-da-caravana-do-agro-exportador\/\" target=\"_blank\" rel=\"noopener\">Access News Source <\/a><\/p>","protected":false},"excerpt":{"rendered":"<p>A pecu\u00e1ria bovina de Goi\u00e1s e seu potencial no com\u00e9rcio internacional estar\u00e3o no centro dos&hellip;<\/p>","protected":false},"author":1,"featured_media":27009,"comment_status":"","ping_status":"","sticky":false,"template":"","format":"standard","meta":{"footnotes":""},"categories":[90],"tags":[],"class_list":["post-27008","post","type-post","status-publish","format-standard","has-post-thumbnail","hentry","category-centro-oeste"],"_links":{"self":[{"href":"https:\/\/belacereais.com.br\/en\/wp-json\/wp\/v2\/posts\/27008","targetHints":{"allow":["GET"]}}],"collection":[{"href":"https:\/\/belacereais.com.br\/en\/wp-json\/wp\/v2\/posts"}],"about":[{"href":"https:\/\/belacereais.com.br\/en\/wp-json\/wp\/v2\/types\/post"}],"author":[{"embeddable":true,"href":"https:\/\/belacereais.com.br\/en\/wp-json\/wp\/v2\/users\/1"}],"replies":[{"embeddable":true,"href":"https:\/\/belacereais.com.br\/en\/wp-json\/wp\/v2\/comments?post=27008"}],"version-history":[{"count":0,"href":"https:\/\/belacereais.com.br\/en\/wp-json\/wp\/v2\/posts\/27008\/revisions"}],"wp:featuredmedia":[{"embeddable":true,"href":"https:\/\/belacereais.com.br\/en\/wp-json\/wp\/v2\/media\/27009"}],"wp:attachment":[{"href":"https:\/\/belacereais.com.br\/en\/wp-json\/wp\/v2\/media?parent=27008"}],"wp:term":[{"taxonomy":"category","embeddable":true,"href":"https:\/\/belacereais.com.br\/en\/wp-json\/wp\/v2\/categories?post=27008"},{"taxonomy":"post_tag","embeddable":true,"href":"https:\/\/belacereais.com.br\/en\/wp-json\/wp\/v2\/tags?post=27008"}],"curies":[{"name":"wp","href":"https:\/\/api.w.org\/{rel}","templated":true}]}}