{"id":27010,"date":"2026-03-16T08:20:27","date_gmt":"2026-03-16T12:20:27","guid":{"rendered":"https:\/\/belacereais.com.br\/2026\/milho\/programas-de-milho-e-sorgo-de-baixo-carbono-buscam-reduzir-emissoes-na-producao-agricola\/"},"modified":"2026-03-16T08:20:27","modified_gmt":"2026-03-16T12:20:27","slug":"programas-de-milho-e-sorgo-de-baixo-carbono-buscam-reduzir-emissoes-na-producao-agricola","status":"publish","type":"post","link":"https:\/\/belacereais.com.br\/en\/2026\/milho\/programas-de-milho-e-sorgo-de-baixo-carbono-buscam-reduzir-emissoes-na-producao-agricola\/","title":{"rendered":"Programas de milho e sorgo de baixo carbono buscam reduzir emiss\u00f5es na produ\u00e7\u00e3o agr\u00edcola"},"content":{"rendered":"<p><\/p>\n<div id=\"mvp-content-main\" class=\"left relative\">\n<p dir=\"ltr\"><span dir=\"auto\">O lan\u00e7amento dos programas Milho de Baixo Carbono (LCC) e Sorgo de Baixo Carbono (LCSg) pela Embrapa representa um marco para o fortalecimento da produ\u00e7\u00e3o agr\u00edcola sustent\u00e1vel no Brasil. As iniciativas oferecem alternativas concretas aos impactos das mudan\u00e7as clim\u00e1ticas e ampliam as oportunidades para que o milho e o sorgo brasileiros sejam competitivos em mercados cada vez mais exigentes em termos de sustentabilidade.\u00a0<\/span><\/p>\n<p dir=\"ltr\"><span dir=\"auto\">O objetivo \u00e9 desenvolver e validar protocolos de certifica\u00e7\u00e3o para as marcas conceituais de Milho de Baixo Carbono e Sorgo de Baixo Carbono, com base em evid\u00eancias cient\u00edficas e em conformidade com as normas internacionais. Os projetos abrangem par\u00e2metros que diferenciam e podem agregar valor ao milho e ao sorgo produzidos utilizando pr\u00e1ticas e tecnologias sustent\u00e1veis.<\/span><\/p>\n<p><span dir=\"auto\"><img fetchpriority=\"high\" data-recalc-dims=\"1\" decoding=\"async\" data-attachment-id=\"205465\" data-permalink=\"https:\/\/opresenterural.com.br\/programas-de-milho-e-sorgo-de-baixo-carbono-buscam-reduzir-emissoes-na-producao-agricola\/sorgo-foto-sandra-brito\/\" data-orig-file=\"https:\/\/i0.wp.com\/opresenterural.com.br\/wp-content\/uploads\/2026\/03\/sorgo-Foto-Sandra-Brito.jpg?fit=1400%2C933&amp;ssl=1\" data-orig-size=\"1400,933\" data-comments-opened=\"0\" data-image-meta=\"{&quot;aperture&quot;:&quot;4&quot;,&quot;credit&quot;:&quot;&quot;,&quot;camera&quot;:&quot;Canon EOS Rebel T6i&quot;,&quot;caption&quot;:&quot;&quot;,&quot;created_timestamp&quot;:&quot;1749123865&quot;,&quot;copyright&quot;:&quot;&quot;,&quot;focal_length&quot;:&quot;21&quot;,&quot;iso&quot;:&quot;100&quot;,&quot;shutter_speed&quot;:&quot;0.001&quot;,&quot;title&quot;:&quot;&quot;,&quot;orientation&quot;:&quot;1&quot;}\" data-image-title=\"sorgo Foto Sandra Brito\" data-image-description data-image-caption data-medium-file=\"https:\/\/i0.wp.com\/opresenterural.com.br\/wp-content\/uploads\/2026\/03\/sorgo-Foto-Sandra-Brito.jpg?fit=300%2C200&amp;ssl=1\" data-large-file=\"https:\/\/i0.wp.com\/opresenterural.com.br\/wp-content\/uploads\/2026\/03\/sorgo-Foto-Sandra-Brito.jpg?fit=740%2C493&amp;ssl=1\" class=\"size-medium wp-image-205465 alignleft\" src=\"https:\/\/i0.wp.com\/opresenterural.com.br\/wp-content\/uploads\/2026\/03\/sorgo-Foto-Sandra-Brito.jpg?resize=300%2C200&amp;ssl=1\" alt width=\"300\" height=\"200\" srcset=\"https:\/\/i0.wp.com\/opresenterural.com.br\/wp-content\/uploads\/2026\/03\/sorgo-Foto-Sandra-Brito.jpg?resize=300%2C200&amp;ssl=1 300w, https:\/\/i0.wp.com\/opresenterural.com.br\/wp-content\/uploads\/2026\/03\/sorgo-Foto-Sandra-Brito.jpg?resize=1024%2C682&amp;ssl=1 1024w, https:\/\/i0.wp.com\/opresenterural.com.br\/wp-content\/uploads\/2026\/03\/sorgo-Foto-Sandra-Brito.jpg?resize=768%2C512&amp;ssl=1 768w, https:\/\/i0.wp.com\/opresenterural.com.br\/wp-content\/uploads\/2026\/03\/sorgo-Foto-Sandra-Brito.jpg?resize=600%2C400&amp;ssl=1 600w, https:\/\/i0.wp.com\/opresenterural.com.br\/wp-content\/uploads\/2026\/03\/sorgo-Foto-Sandra-Brito.jpg?w=1400&amp;ssl=1 1400w\" sizes=\"(max-width: 300px) 100vw, 300px\">O trabalho ser\u00e1 essencialmente baseado em crit\u00e9rios t\u00e9cnicos e cient\u00edficos para medir a intensidade das emiss\u00f5es de gases de efeito estufa (GEE) por tonelada de gr\u00e3os\u00a0<\/span><span dir=\"auto\">produzidos\u00a0<\/span><span dir=\"auto\">\u00a0. \u201cO c\u00e1lculo ser\u00e1 poss\u00edvel por meio da valida\u00e7\u00e3o de diretrizes t\u00e9cnicas para o protocolo de certifica\u00e7\u00e3o. Ap\u00f3s a valida\u00e7\u00e3o do protocolo pela Embrapa e parceiros, a certifica\u00e7\u00e3o poder\u00e1 ocorrer. Essas etapas de certifica\u00e7\u00e3o ser\u00e3o volunt\u00e1rias, privadas e realizadas por terceiros, seguindo o sistema MRV (Medi\u00e7\u00e3o, Relato e Verifica\u00e7\u00e3o)\u201d, afirma\u00a0Arystides Resende Silva, pesquisador\u00a0<\/span><span dir=\"auto\">de Milho e Sorgo da Embrapa<\/span><span dir=\"auto\">.<\/span><\/p>\n<p dir=\"ltr\"><span dir=\"auto\">\u201cOs avisos p\u00fablicos relativos aos programas de Milho de Baixo Carbono e Sorgo de Baixo Carbono incentivam a ado\u00e7\u00e3o de sistemas de produ\u00e7\u00e3o mais resilientes e promovem a transi\u00e7\u00e3o para uma economia sustent\u00e1vel\u201d, acrescenta o pesquisador\u00a0<\/span><span dir=\"auto\">Alexandre Ferreira da Silva<\/span><span dir=\"auto\">\u00a0.<\/span><\/p>\n<p dir=\"ltr\"><span dir=\"auto\">\u201cSabemos que enfrentamos um grande desafio global, que \u00e9 a mudan\u00e7a clim\u00e1tica. Nesse cen\u00e1rio, a Embrapa entende que a descarboniza\u00e7\u00e3o da produ\u00e7\u00e3o agr\u00edcola e pecu\u00e1ria \u00e9 um dos maiores desafios da agricultura brasileira\u201d, afirma Ferreira.\u00a0<\/span><\/p>\n<p dir=\"ltr\"><span dir=\"auto\">Ciente dessa necessidade, a Embrapa tem liderado o desenvolvimento de solu\u00e7\u00f5es como a cria\u00e7\u00e3o das marcas conceito Carne Bovina de Baixo Carbono (CB<\/span><span dir=\"auto\">)<\/span><span dir=\"auto\"> , Soja de Baixo Carbono (<\/span><span dir=\"auto\">SBC<\/span><span dir=\"auto\">) e Trigo de Baixo Carbono (<\/span><span dir=\"auto\">TBC<\/span><span dir=\"auto\">). Outros avan\u00e7os incluem a cria\u00e7\u00e3o de ferramentas e calculadoras para estimar a pegada de carbono por meio da Avalia\u00e7\u00e3o do Ciclo de Vida (ACV) de produtos agr\u00edcolas em sistemas de produ\u00e7\u00e3o. As equipes respons\u00e1veis \u200b\u200bpor essas iniciativas est\u00e3o envolvidas no desenvolvimento das marcas Milho de Baixo Carbono (MBC) e Sorgo de Baixo Carbono (SBC), garantindo agilidade, padroniza\u00e7\u00e3o e assertividade nas a\u00e7\u00f5es. Al\u00e9m da Embrapa Milho e Sorgo, h\u00e1 pesquisadores da\u00a0<\/span><span dir=\"auto\">Embrapa Meio Ambiente<\/span><span dir=\"auto\">\u00a0and\u00a0<\/span><span dir=\"auto\">da Embrapa Soja<\/span><span dir=\"auto\">.<\/span><\/p>\n<h4><span dir=\"auto\">Desenvolvimento, valida\u00e7\u00e3o e implementa\u00e7\u00e3o de selos de certifica\u00e7\u00e3o.<\/span><\/h4>\n<p dir=\"ltr\"><span dir=\"auto\">As a\u00e7\u00f5es ser\u00e3o divididas em duas fases. Na fase 1, de desenvolvimento e inova\u00e7\u00e3o, o objetivo \u00e9 desenvolver protocolos de Milho de Baixo Carbono e Sorgo de Baixo Carbono e registr\u00e1-los junto \u00e0 autoridade competente, o Minist\u00e9rio da Agricultura, Pecu\u00e1ria e Abastecimento (<\/span><span dir=\"auto\">Mapa<\/span><span dir=\"auto\">).\u00a0<\/span><\/p>\n<p dir=\"ltr\"><span dir=\"auto\"><img data-recalc-dims=\"1\" decoding=\"async\" data-attachment-id=\"205466\" data-permalink=\"https:\/\/opresenterural.com.br\/programas-de-milho-e-sorgo-de-baixo-carbono-buscam-reduzir-emissoes-na-producao-agricola\/milho-foto-sandra-brito-01\/\" data-orig-file=\"https:\/\/i0.wp.com\/opresenterural.com.br\/wp-content\/uploads\/2026\/03\/Milho-foto-sandra-Brito-01.jpg?fit=900%2C675&amp;ssl=1\" data-orig-size=\"900,675\" data-comments-opened=\"0\" data-image-meta=\"{&quot;aperture&quot;:&quot;1.8&quot;,&quot;credit&quot;:&quot;&quot;,&quot;camera&quot;:&quot;SM-A528B&quot;,&quot;caption&quot;:&quot;&quot;,&quot;created_timestamp&quot;:&quot;1666701927&quot;,&quot;copyright&quot;:&quot;&quot;,&quot;focal_length&quot;:&quot;5.23&quot;,&quot;iso&quot;:&quot;25&quot;,&quot;shutter_speed&quot;:&quot;0.0018761726078799&quot;,&quot;title&quot;:&quot;&quot;,&quot;orientation&quot;:&quot;1&quot;}\" data-image-title=\"Milho foto sandra Brito 01\" data-image-description data-image-caption data-medium-file=\"https:\/\/i0.wp.com\/opresenterural.com.br\/wp-content\/uploads\/2026\/03\/Milho-foto-sandra-Brito-01.jpg?fit=300%2C225&amp;ssl=1\" data-large-file=\"https:\/\/i0.wp.com\/opresenterural.com.br\/wp-content\/uploads\/2026\/03\/Milho-foto-sandra-Brito-01.jpg?fit=740%2C555&amp;ssl=1\" class=\"size-medium wp-image-205466 alignright\" src=\"https:\/\/i0.wp.com\/opresenterural.com.br\/wp-content\/uploads\/2026\/03\/Milho-foto-sandra-Brito-01.jpg?resize=300%2C225&amp;ssl=1\" alt width=\"300\" height=\"225\" srcset=\"https:\/\/i0.wp.com\/opresenterural.com.br\/wp-content\/uploads\/2026\/03\/Milho-foto-sandra-Brito-01.jpg?resize=300%2C225&amp;ssl=1 300w, https:\/\/i0.wp.com\/opresenterural.com.br\/wp-content\/uploads\/2026\/03\/Milho-foto-sandra-Brito-01.jpg?resize=768%2C576&amp;ssl=1 768w, https:\/\/i0.wp.com\/opresenterural.com.br\/wp-content\/uploads\/2026\/03\/Milho-foto-sandra-Brito-01.jpg?resize=600%2C450&amp;ssl=1 600w, https:\/\/i0.wp.com\/opresenterural.com.br\/wp-content\/uploads\/2026\/03\/Milho-foto-sandra-Brito-01.jpg?w=900&amp;ssl=1 900w\" sizes=\"(max-width: 300px) 100vw, 300px\">Para isso, ser\u00e3o elaboradas diretrizes. \u201cO objetivo \u00e9 identificar quais tipos de milho e sorgo oferecem a maior efici\u00eancia de produ\u00e7\u00e3o por unidade de carbono\u00a0<\/span><span dir=\"auto\">emitida\u00a0<\/span><span dir=\"auto\">\u00a0. Essa distin\u00e7\u00e3o servir\u00e1 de incentivo para a redu\u00e7\u00e3o das emiss\u00f5es de gases de efeito estufa e n\u00e3o implica em perda de produtividade agr\u00edcola\u201d, afirma Resende.<\/span><\/p>\n<p dir=\"ltr\"><span dir=\"auto\">As diretrizes ser\u00e3o validadas durante seu ciclo de produ\u00e7\u00e3o de tr\u00eas anos em unidades de observa\u00e7\u00e3o, em locais a serem indicados pelas institui\u00e7\u00f5es de apoio. \u201cCada \u00e1rea gerar\u00e1 informa\u00e7\u00f5es sobre insumos e opera\u00e7\u00f5es mecanizadas, bem como sobre o balan\u00e7o de carbono no solo, a fim de calcular as emiss\u00f5es de gases de efeito estufa para todo o processo produtivo\u201d, relata o pesquisador\u00a0\u00a0<\/span><span dir=\"auto\">Ciro Augusto de Souza Magalh\u00e3es<\/span><span dir=\"auto\">\u00a0.<\/span><\/p>\n<p dir=\"ltr\"><span dir=\"auto\">Na segunda fase, o selo de certifica\u00e7\u00e3o ser\u00e1 implementado no mercado por meio de certificadoras acreditadas, de acordo com um modelo de explora\u00e7\u00e3o comercial a ser definido pela Embrapa.\u00a0<\/span><\/p>\n<\/div>\n<h6><em>THE <strong>Bela Cereais<\/strong> works with the best grains on the market and also keeps you up to date with the latest news and analyses on agribusiness.<br \/>\nDon&#039;t forget to follow our social networks.<\/em><\/h6>\n<p><a href=\"https:\/\/opresenterural.com.br\/programas-de-milho-e-sorgo-de-baixo-carbono-buscam-reduzir-emissoes-na-producao-agricola\/\" target=\"_blank\" rel=\"noopener\">Access News Source <\/a><\/p>","protected":false},"excerpt":{"rendered":"<p>O lan\u00e7amento dos programas Milho de Baixo Carbono (LCC) e Sorgo de Baixo Carbono (LCSg)&hellip;<\/p>","protected":false},"author":1,"featured_media":27011,"comment_status":"","ping_status":"","sticky":false,"template":"","format":"standard","meta":{"footnotes":""},"categories":[223],"tags":[],"class_list":["post-27010","post","type-post","status-publish","format-standard","has-post-thumbnail","hentry","category-milho"],"_links":{"self":[{"href":"https:\/\/belacereais.com.br\/en\/wp-json\/wp\/v2\/posts\/27010","targetHints":{"allow":["GET"]}}],"collection":[{"href":"https:\/\/belacereais.com.br\/en\/wp-json\/wp\/v2\/posts"}],"about":[{"href":"https:\/\/belacereais.com.br\/en\/wp-json\/wp\/v2\/types\/post"}],"author":[{"embeddable":true,"href":"https:\/\/belacereais.com.br\/en\/wp-json\/wp\/v2\/users\/1"}],"replies":[{"embeddable":true,"href":"https:\/\/belacereais.com.br\/en\/wp-json\/wp\/v2\/comments?post=27010"}],"version-history":[{"count":0,"href":"https:\/\/belacereais.com.br\/en\/wp-json\/wp\/v2\/posts\/27010\/revisions"}],"wp:featuredmedia":[{"embeddable":true,"href":"https:\/\/belacereais.com.br\/en\/wp-json\/wp\/v2\/media\/27011"}],"wp:attachment":[{"href":"https:\/\/belacereais.com.br\/en\/wp-json\/wp\/v2\/media?parent=27010"}],"wp:term":[{"taxonomy":"category","embeddable":true,"href":"https:\/\/belacereais.com.br\/en\/wp-json\/wp\/v2\/categories?post=27010"},{"taxonomy":"post_tag","embeddable":true,"href":"https:\/\/belacereais.com.br\/en\/wp-json\/wp\/v2\/tags?post=27010"}],"curies":[{"name":"wp","href":"https:\/\/api.w.org\/{rel}","templated":true}]}}