{"id":27014,"date":"2026-03-16T09:29:43","date_gmt":"2026-03-16T13:29:43","guid":{"rendered":"https:\/\/belacereais.com.br\/2026\/centro-oeste\/produtora-rural-relembra-desafios-da-colonizacao-agricola-em-mato-grosso\/"},"modified":"2026-03-16T09:29:43","modified_gmt":"2026-03-16T13:29:43","slug":"produtora-rural-relembra-desafios-da-colonizacao-agricola-em-mato-grosso","status":"publish","type":"post","link":"https:\/\/belacereais.com.br\/en\/2026\/centro-oeste\/produtora-rural-relembra-desafios-da-colonizacao-agricola-em-mato-grosso\/","title":{"rendered":"Produtora rural relembra desafios da coloniza\u00e7\u00e3o agr\u00edcola em Mato Grosso"},"content":{"rendered":"<p><\/p>\n<div id=\"mvp-content-main\" class=\"left relative\">\n<p>A trajet\u00f3ria de Inez Catelan Lazarotto de 69 anos, \u00e9 marcada por coragem, trabalho e resili\u00eancia. Agricultora do munic\u00edpio de Tapurah, ela construiu no campo n\u00e3o apenas uma propriedade rural, mas um legado familiar que atravesse gera\u00e7\u00f5es.<\/p>\n<p>A produtora rural chegou a Mato Grosso ainda jovem, na d\u00e9cada de 1970, acompanhando o esposo. O casal veio inicialmente para Sorriso, onde ele, junto de um tio, j\u00e1 havia iniciado a forma\u00e7\u00e3o da propriedade familiar. Casada havia poucos anos, In\u00eas viu a vida tomar rumos inesperados quando, em 1981, o marido sofreu um infarto. Com isso, ela precisou retornar ao Rio Grande do Sul com os filhos ainda pequenos.<\/p>\n<p>Anos mais tarde, quando o filho Jo\u00e3o Luiz completou 18 anos, a agricultora decidiu voltar a Mato Grosso para assumir parte da propriedade da fam\u00edlia, fruto de uma sociedade familiar. O retorno definitivo aconteceu em 2002. Na \u00e9poca, a realidade era desafiadora: apenas 300 hectares abertos, nenhuma m\u00e1quina, pouco recurso financeiro e uma infraestrutura praticamente inexistente.<\/p>\n<p>\u201cN\u00f3s n\u00e3o t\u00ednhamos maquin\u00e1rio, n\u00e3o t\u00ednhamos dinheiro, nem nome, t\u00ednhamos apenas a terra. Era tudo estrada de ch\u00e3o, n\u00e3o tinha asfalto e nem energia. O mercado era prec\u00e1rio, mas como n\u00f3s n\u00e3o t\u00ednhamos muito dinheiro, nos content\u00e1vamos com o que tinha. Economiz\u00e1vamos, criamos porco, galinha, tudo isso para ter o que comer\u201d, conta Inez.<\/p>\n<p>O trabalho era intenso. Faltava m\u00e3o de obra, maquin\u00e1rio era escasso e as tarefas exigiam esfor\u00e7o coletivo. \u201cMaquin\u00e1rio tamb\u00e9m n\u00e3o t\u00ednhamos, eram poucos. At\u00e9 o primeiro trator, foi meu irm\u00e3o que comprou e nos deu. Nossa, que alegria quando recebemos aquele trator\u201d, relembra a produtora rural.<\/p>\n<p>Com o passar dos anos, a propriedade cresceu e a fam\u00edlia tamb\u00e9m. De 300 hectares, a \u00e1rea foi sendo ampliada, sempre com muito sacrif\u00edcio e dedica\u00e7\u00e3o. Em 2013, a chegada de mais apoio familiar fortaleceu ainda mais o trabalho, permitindo novos investimentos e expans\u00e3o da atividade agr\u00edcola.<\/p>\n<p>Hoje, Inez de diz realizada. M\u00e3e, av\u00f3 de sete netos, ela celebra a uni\u00e3o da fam\u00edlia no campo. \u201cEu j\u00e1 tenho sete netos, a mais nova est\u00e1 com meses. \u00c9 muito gratificante ver os filhos todos aqui comigo, juntos, apoiando, ajudando em tudo, na dificuldade. Na hora de chorar, choramos juntos, na hora de brigar, brigamos juntos, mas no final, tudo d\u00e1 certo\u201d, diz Inez com emo\u00e7\u00e3o sobre sua fam\u00edlia.<\/p>\n<p>A produtora tamb\u00e9m destaca o papel da Aprosoja Mato Grosso na representatividade do produtor, para ela associa\u00e7\u00e3o \u00e9 fundamental na defesa dos produtores rurais e no fortalecimento da atividade agr\u00edcola em Mato Grosso. \u201cA Aprosoja MT nos representa como produtor, nos ajuda, nos apoia, nos representa na bancada. Eles est\u00e3o nos ajudando muito agora e acho que v\u00e3o continuar nos ajudando tamb\u00e9m\u201d, finaliza ela.<\/p>\n<p>No final, Inez Catelan Lazarotto se orgulha da sua trajet\u00f3ria e de tudo que passou para chegar onde est\u00e1 hoje. \u201cEu tenho orgulho de ser produtora rural. Passei por muita coisa, sofri, chorei, mas hoje eu quero s\u00f3 alegria com meus filhos. Sou grata a Deus por tudo o que constru\u00edmos\u201d, conclui ela.<\/p>\n<\/div>\n<h6><em>THE <strong>Bela Cereais<\/strong> works with the best grains on the market in the Central West Region and also keeps you up to date with the latest news and analyses on agribusiness.<br \/>\nDon&#039;t forget to follow our social networks.<\/em><\/h6>\n<p><a href=\"https:\/\/opresenterural.com.br\/produtora-rural-relembra-desafios-da-colonizacao-agricola-em-mato-grosso\/\" target=\"_blank\" rel=\"noopener\">Access News Source <\/a><\/p>","protected":false},"excerpt":{"rendered":"<p>A trajet\u00f3ria de Inez Catelan Lazarotto de 69 anos, \u00e9 marcada por coragem, trabalho e&hellip;<\/p>","protected":false},"author":1,"featured_media":27015,"comment_status":"","ping_status":"","sticky":false,"template":"","format":"standard","meta":{"footnotes":""},"categories":[90],"tags":[],"class_list":["post-27014","post","type-post","status-publish","format-standard","has-post-thumbnail","hentry","category-centro-oeste"],"_links":{"self":[{"href":"https:\/\/belacereais.com.br\/en\/wp-json\/wp\/v2\/posts\/27014","targetHints":{"allow":["GET"]}}],"collection":[{"href":"https:\/\/belacereais.com.br\/en\/wp-json\/wp\/v2\/posts"}],"about":[{"href":"https:\/\/belacereais.com.br\/en\/wp-json\/wp\/v2\/types\/post"}],"author":[{"embeddable":true,"href":"https:\/\/belacereais.com.br\/en\/wp-json\/wp\/v2\/users\/1"}],"replies":[{"embeddable":true,"href":"https:\/\/belacereais.com.br\/en\/wp-json\/wp\/v2\/comments?post=27014"}],"version-history":[{"count":0,"href":"https:\/\/belacereais.com.br\/en\/wp-json\/wp\/v2\/posts\/27014\/revisions"}],"wp:featuredmedia":[{"embeddable":true,"href":"https:\/\/belacereais.com.br\/en\/wp-json\/wp\/v2\/media\/27015"}],"wp:attachment":[{"href":"https:\/\/belacereais.com.br\/en\/wp-json\/wp\/v2\/media?parent=27014"}],"wp:term":[{"taxonomy":"category","embeddable":true,"href":"https:\/\/belacereais.com.br\/en\/wp-json\/wp\/v2\/categories?post=27014"},{"taxonomy":"post_tag","embeddable":true,"href":"https:\/\/belacereais.com.br\/en\/wp-json\/wp\/v2\/tags?post=27014"}],"curies":[{"name":"wp","href":"https:\/\/api.w.org\/{rel}","templated":true}]}}