{"id":27016,"date":"2026-03-16T10:14:43","date_gmt":"2026-03-16T14:14:43","guid":{"rendered":"https:\/\/belacereais.com.br\/2026\/centro-oeste\/mato-grosso-do-sul-abre-consulta-publica-para-controle-de-salmonella-em-aviarios-comerciais\/"},"modified":"2026-03-16T10:14:43","modified_gmt":"2026-03-16T14:14:43","slug":"mato-grosso-do-sul-abre-consulta-publica-para-controle-de-salmonella-em-aviarios-comerciais","status":"publish","type":"post","link":"https:\/\/belacereais.com.br\/en\/2026\/centro-oeste\/mato-grosso-do-sul-abre-consulta-publica-para-controle-de-salmonella-em-aviarios-comerciais\/","title":{"rendered":"Mato Grosso do Sul abre consulta p\u00fablica para controle de Salmonella em avi\u00e1rios comerciais"},"content":{"rendered":"<p><\/p>\n<div class=\"materia\">\n<p>A Ag\u00eancia Estadual de Defesa Sanit\u00e1ria Animal e Vegetal (Iagro) abriu consulta p\u00fablica para discutir o controle e o monitoramento da bact\u00e9ria Salmonella em avi\u00e1rios comerciais de corte no Estado. A iniciativa busca subsidiar a elabora\u00e7\u00e3o de um ato normativo voltado ao fortalecimento da sanidade av\u00edcola.<\/p>\n<p>A consulta p\u00fablica n\u00ba 001\/2026 permite o envio de sugest\u00f5es, cr\u00edticas e contribui\u00e7\u00f5es por parte de produtores, m\u00e9dicos-veterin\u00e1rios, laborat\u00f3rios e demais integrantes da cadeia produtiva at\u00e9 o dia 19 de mar\u00e7o.<\/p>\n<h2><strong>Foco em granjas de frango de corte<\/strong><\/h2>\n<p>O processo est\u00e1 direcionado aos estabelecimentos av\u00edcolas comerciais de corte, segmento estrat\u00e9gico para a economia sul-mato-grossense e para a produ\u00e7\u00e3o nacional de prote\u00edna animal.<\/p>\n<p>A proposta prev\u00ea a defini\u00e7\u00e3o de diretrizes para o controle da Salmonella, bact\u00e9ria associada a preju\u00edzos produtivos nas granjas e a riscos \u00e0 sa\u00fade p\u00fablica quando n\u00e3o monitorada adequadamente.<\/p>\n<div id=\"uolpd-video-inarticle\"><\/div>\n<p>Segundo o diretor-presidente da Iagro, Daniel Ingold, a iniciativa busca fortalecer a competitividade do setor.<\/p>\n<p>\u201cA sanidade av\u00edcola \u00e9 um pilar essencial para a competitividade e a sustentabilidade dessa cadeia produtiva.\u201d<\/p>\n<h2><strong>Participa\u00e7\u00e3o aberta ao setor produtivo<\/strong><\/h2>\n<p>As contribui\u00e7\u00f5es devem ser enviadas por meio de formul\u00e1rio eletr\u00f4nico disponibilizado pelo governo estadual. A documenta\u00e7\u00e3o completa com orienta\u00e7\u00f5es e crit\u00e9rios t\u00e9cnicos est\u00e1 dispon\u00edvel no site oficial da Iagro.<\/p>\n<p>O objetivo \u00e9 reunir subs\u00eddios que permitam construir uma regulamenta\u00e7\u00e3o alinhada \u00e0s necessidades do setor e \u00e0s exig\u00eancias sanit\u00e1rias nacionais.<\/p>\n<h2><strong>Import\u00e2ncia para a biosseguridade av\u00edcola<\/strong><\/h2>\n<p>O controle da Salmonella \u00e9 considerado um dos principais pilares da biosseguridade na avicultura moderna, sendo essencial para garantir:Com a futura regulamenta\u00e7\u00e3o, Mato Grosso do Sul pretende fortalecer seu sistema de defesa sanit\u00e1ria e reduzir riscos de dissemina\u00e7\u00e3o da bact\u00e9ria nos plant\u00e9is comerciais.<\/p>\n<p>\u00a0<\/p>\n<\/p><\/div>\n<h6><em>THE <strong>Bela Cereais<\/strong> works with the best grains on the market in the Central West Region and also keeps you up to date with the latest news and analyses on agribusiness.<br \/>\nDon&#039;t forget to follow our social networks.<\/em><\/h6>\n<p><a href=\"https:\/\/www.noticiasagricolas.com.br\/noticias\/granjeiros\/417202-mato-grosso-do-sul-abre-consulta-publica-para-controle-de-salmonella-em-aviarios-comerciais.html?utm_source=parceiros&#038;utm_medium=rss\" target=\"_blank\" rel=\"noopener\">Access News Source <\/a><\/p>","protected":false},"excerpt":{"rendered":"<p>A Ag\u00eancia Estadual de Defesa Sanit\u00e1ria Animal e Vegetal (Iagro) abriu consulta p\u00fablica para discutir&hellip;<\/p>","protected":false},"author":1,"featured_media":27017,"comment_status":"","ping_status":"","sticky":false,"template":"","format":"standard","meta":{"footnotes":""},"categories":[90],"tags":[240,239,500,238,830,831],"class_list":["post-27016","post","type-post","status-publish","format-standard","has-post-thumbnail","hentry","category-centro-oeste","tag-agricultura","tag-agronegocio","tag-frangos","tag-granjeiros","tag-ms","tag-salmonella"],"_links":{"self":[{"href":"https:\/\/belacereais.com.br\/en\/wp-json\/wp\/v2\/posts\/27016","targetHints":{"allow":["GET"]}}],"collection":[{"href":"https:\/\/belacereais.com.br\/en\/wp-json\/wp\/v2\/posts"}],"about":[{"href":"https:\/\/belacereais.com.br\/en\/wp-json\/wp\/v2\/types\/post"}],"author":[{"embeddable":true,"href":"https:\/\/belacereais.com.br\/en\/wp-json\/wp\/v2\/users\/1"}],"replies":[{"embeddable":true,"href":"https:\/\/belacereais.com.br\/en\/wp-json\/wp\/v2\/comments?post=27016"}],"version-history":[{"count":0,"href":"https:\/\/belacereais.com.br\/en\/wp-json\/wp\/v2\/posts\/27016\/revisions"}],"wp:featuredmedia":[{"embeddable":true,"href":"https:\/\/belacereais.com.br\/en\/wp-json\/wp\/v2\/media\/27017"}],"wp:attachment":[{"href":"https:\/\/belacereais.com.br\/en\/wp-json\/wp\/v2\/media?parent=27016"}],"wp:term":[{"taxonomy":"category","embeddable":true,"href":"https:\/\/belacereais.com.br\/en\/wp-json\/wp\/v2\/categories?post=27016"},{"taxonomy":"post_tag","embeddable":true,"href":"https:\/\/belacereais.com.br\/en\/wp-json\/wp\/v2\/tags?post=27016"}],"curies":[{"name":"wp","href":"https:\/\/api.w.org\/{rel}","templated":true}]}}