{"id":27020,"date":"2026-03-16T14:24:43","date_gmt":"2026-03-16T18:24:43","guid":{"rendered":"https:\/\/belacereais.com.br\/2026\/exportacoes\/goias-projeta-exportar-20-da-producao-de-peixes\/"},"modified":"2026-03-16T14:24:43","modified_gmt":"2026-03-16T18:24:43","slug":"goias-projeta-exportar-20-da-producao-de-peixes","status":"publish","type":"post","link":"https:\/\/belacereais.com.br\/en\/2026\/exportacoes\/goias-projeta-exportar-20-da-producao-de-peixes\/","title":{"rendered":"Goi\u00e1s projeta exportar 20% da produ\u00e7\u00e3o de peixes"},"content":{"rendered":"<p><\/p>\n<div id=\"mvp-content-main\" class=\"left relative\">\n<p data-start=\"60\" data-end=\"408\">O cultivo de peixes vem ampliando sua presen\u00e7a no agroneg\u00f3cio goiano. No \u00faltimo ano, a produ\u00e7\u00e3o estadual de piscicultura alcan\u00e7ou 31.580 toneladas, volume 2,77% superior ao registrado em 2024, consolidando o avan\u00e7o da atividade no estado. Os dados s\u00e3o apresentados de acordo com dados do Anu\u00e1rio de Piscicultura Brasileiro PeixeBR 2026.<\/p>\n<p data-start=\"410\" data-end=\"726\">A expans\u00e3o \u00e9 favorecida pela abund\u00e2ncia de recursos h\u00eddricos e pelas condi\u00e7\u00f5es clim\u00e1ticas favor\u00e1veis, fatores que contribuem para o crescimento cont\u00ednuo da produ\u00e7\u00e3o. Esse cen\u00e1rio tem estimulado a organiza\u00e7\u00e3o da cadeia produtiva e atra\u00eddo produtores que antes atuavam principalmente na agricultura ou na pecu\u00e1ria.<\/p>\n<p data-start=\"728\" data-end=\"985\">Outro ponto que tem impulsionado o setor \u00e9 o investimento na profissionaliza\u00e7\u00e3o da produ\u00e7\u00e3o, al\u00e9m da regulariza\u00e7\u00e3o e da tecnifica\u00e7\u00e3o de frigor\u00edficos e agroind\u00fastrias, medidas que ampliam a conformidade sanit\u00e1ria e fortalecem a estrutura do segmento.<\/p>\n<p data-start=\"987\" data-end=\"1246\" data-is-last-node data-is-only-node>Com a disponibilidade de \u00e1reas para cultivo e a amplia\u00e7\u00e3o da infraestrutura de processamento e agrega\u00e7\u00e3o de valor ao pescado, a piscicultura goiana tamb\u00e9m busca expandir sua presen\u00e7a em mercados externos, aproveitando o potencial exportador do estado.<\/p>\n<\/div>\n<h6><em>THE <strong>Bela Cereais<\/strong> works with the best grains on the market and also keeps you up to date with the latest news and analyses on agribusiness.<br \/>\nDon&#039;t forget to follow our social networks.<\/em><\/h6>\n<p><a href=\"https:\/\/opresenterural.com.br\/goias-projeta-exportar-20-da-producao-de-peixes\/\" target=\"_blank\" rel=\"noopener\">Access News Source <\/a><\/p>","protected":false},"excerpt":{"rendered":"<p>O cultivo de peixes vem ampliando sua presen\u00e7a no agroneg\u00f3cio goiano. No \u00faltimo ano, a&hellip;<\/p>","protected":false},"author":1,"featured_media":27021,"comment_status":"","ping_status":"","sticky":false,"template":"","format":"standard","meta":{"footnotes":""},"categories":[7],"tags":[],"class_list":["post-27020","post","type-post","status-publish","format-standard","has-post-thumbnail","hentry","category-exportacoes"],"_links":{"self":[{"href":"https:\/\/belacereais.com.br\/en\/wp-json\/wp\/v2\/posts\/27020","targetHints":{"allow":["GET"]}}],"collection":[{"href":"https:\/\/belacereais.com.br\/en\/wp-json\/wp\/v2\/posts"}],"about":[{"href":"https:\/\/belacereais.com.br\/en\/wp-json\/wp\/v2\/types\/post"}],"author":[{"embeddable":true,"href":"https:\/\/belacereais.com.br\/en\/wp-json\/wp\/v2\/users\/1"}],"replies":[{"embeddable":true,"href":"https:\/\/belacereais.com.br\/en\/wp-json\/wp\/v2\/comments?post=27020"}],"version-history":[{"count":0,"href":"https:\/\/belacereais.com.br\/en\/wp-json\/wp\/v2\/posts\/27020\/revisions"}],"wp:featuredmedia":[{"embeddable":true,"href":"https:\/\/belacereais.com.br\/en\/wp-json\/wp\/v2\/media\/27021"}],"wp:attachment":[{"href":"https:\/\/belacereais.com.br\/en\/wp-json\/wp\/v2\/media?parent=27020"}],"wp:term":[{"taxonomy":"category","embeddable":true,"href":"https:\/\/belacereais.com.br\/en\/wp-json\/wp\/v2\/categories?post=27020"},{"taxonomy":"post_tag","embeddable":true,"href":"https:\/\/belacereais.com.br\/en\/wp-json\/wp\/v2\/tags?post=27020"}],"curies":[{"name":"wp","href":"https:\/\/api.w.org\/{rel}","templated":true}]}}