{"id":27024,"date":"2026-03-16T15:25:44","date_gmt":"2026-03-16T19:25:44","guid":{"rendered":"https:\/\/belacereais.com.br\/2026\/exportacoes\/peixe-br-participa-da-maior-feira-de-pescados-da-america-do-norte-para-ampliar-exportacoes-brasileiras\/"},"modified":"2026-03-16T15:25:44","modified_gmt":"2026-03-16T19:25:44","slug":"peixe-br-participa-da-maior-feira-de-pescados-da-america-do-norte-para-ampliar-exportacoes-brasileiras","status":"publish","type":"post","link":"https:\/\/belacereais.com.br\/en\/2026\/exportacoes\/peixe-br-participa-da-maior-feira-de-pescados-da-america-do-norte-para-ampliar-exportacoes-brasileiras\/","title":{"rendered":"Peixe BR participa da maior feira de pescados da Am\u00e9rica do Norte para ampliar exporta\u00e7\u00f5es brasileiras"},"content":{"rendered":"<p><\/p>\n<div id=\"mvp-content-main\" class=\"left relative\">\n<p>A Associa\u00e7\u00e3o Brasileira da Piscicultura (Peixe\u00a0BR) est\u00e1 participando da\u00a0Seafood\u00a0Expo North\u00a0America,\u00a0considerada a maior feira de neg\u00f3cios do setor de pescados da Am\u00e9rica do Norte. O evento teve in\u00edcio no \u00faltimo domingo (15) e segue at\u00e9 esta ter\u00e7a-feira (17) em Boston\u00a0(EUA).\u00a0A presen\u00e7a brasileira ocorre em um momento estrat\u00e9gico para fortalecer as exporta\u00e7\u00f5es de pescado para os Estados Unidos, principal destino de produtos como til\u00e1pia e tambaqui.<\/p>\n<p>Para o presidente da Peixe\u00a0BR,\u00a0Francisco Medeiros, o momento \u00e9 uma oportunidade importante de estreitar rela\u00e7\u00f5es com a regi\u00e3o e ampliar a divulga\u00e7\u00e3o da prote\u00edna brasileira.\u00a0\u201cA til\u00e1pia \u00e9 o pescado mais exportado pelo Brasil e, juntamente com o tambaqui, os Estados Unidos s\u00e3o o principal comprador desses produtos, especialmente o fil\u00e9 de til\u00e1pia fresco\u201d, real\u00e7a.<\/p>\n<div id=\"attachment_201293\" style=\"width: 235px\" class=\"wp-caption alignleft\"><img fetchpriority=\"high\" data-recalc-dims=\"1\" decoding=\"async\" aria-describedby=\"caption-attachment-201293\" data-attachment-id=\"201293\" data-permalink=\"https:\/\/opresenterural.com.br\/piscicultura-inicia-2026-com-mercado-aquecido-e-retomada-de-precos\/francisco-medeiros-presidente-da-peixe-br-3-2\/\" data-orig-file=\"https:\/\/i0.wp.com\/opresenterural.com.br\/wp-content\/uploads\/2026\/01\/Francisco-Medeiros-Presidente-da-Peixe-BR-3.jpg?fit=900%2C1200&amp;ssl=1\" data-orig-size=\"900,1200\" data-comments-opened=\"0\" data-image-meta=\"{&quot;aperture&quot;:&quot;0&quot;,&quot;credit&quot;:&quot;&quot;,&quot;camera&quot;:&quot;&quot;,&quot;caption&quot;:&quot;&quot;,&quot;created_timestamp&quot;:&quot;0&quot;,&quot;copyright&quot;:&quot;&quot;,&quot;focal_length&quot;:&quot;0&quot;,&quot;iso&quot;:&quot;0&quot;,&quot;shutter_speed&quot;:&quot;0&quot;,&quot;title&quot;:&quot;&quot;,&quot;orientation&quot;:&quot;0&quot;}\" data-image-title=\"Francisco-Medeiros-Presidente-da-Peixe-BR (3)\" data-image-description data-image-caption=\"&lt;p&gt;Presidente da Peixe BR, Francisco Medeiros: \u201cA til\u00e1pia \u00e9 o pescado mais exportado pelo Brasil e, juntamente com o tambaqui, os Estados Unidos s\u00e3o o principal comprador desses produtos, especialmente o fil\u00e9 de til\u00e1pia fresco\u201d \u2013 Foto: Divulga\u00e7\u00e3o\/Peixe BR&lt;\/p&gt;\" data-medium-file=\"https:\/\/i0.wp.com\/opresenterural.com.br\/wp-content\/uploads\/2026\/01\/Francisco-Medeiros-Presidente-da-Peixe-BR-3.jpg?fit=225%2C300&amp;ssl=1\" data-large-file=\"https:\/\/i0.wp.com\/opresenterural.com.br\/wp-content\/uploads\/2026\/01\/Francisco-Medeiros-Presidente-da-Peixe-BR-3.jpg?fit=740%2C987&amp;ssl=1\" class=\"size-medium wp-image-201293\" src=\"https:\/\/i0.wp.com\/opresenterural.com.br\/wp-content\/uploads\/2026\/01\/Francisco-Medeiros-Presidente-da-Peixe-BR-3.jpg?resize=225%2C300&amp;ssl=1\" alt width=\"225\" height=\"300\" srcset=\"https:\/\/i0.wp.com\/opresenterural.com.br\/wp-content\/uploads\/2026\/01\/Francisco-Medeiros-Presidente-da-Peixe-BR-3.jpg?resize=225%2C300&amp;ssl=1 225w, https:\/\/i0.wp.com\/opresenterural.com.br\/wp-content\/uploads\/2026\/01\/Francisco-Medeiros-Presidente-da-Peixe-BR-3.jpg?resize=768%2C1024&amp;ssl=1 768w, https:\/\/i0.wp.com\/opresenterural.com.br\/wp-content\/uploads\/2026\/01\/Francisco-Medeiros-Presidente-da-Peixe-BR-3.jpg?resize=300%2C400&amp;ssl=1 300w, https:\/\/i0.wp.com\/opresenterural.com.br\/wp-content\/uploads\/2026\/01\/Francisco-Medeiros-Presidente-da-Peixe-BR-3.jpg?resize=600%2C800&amp;ssl=1 600w, https:\/\/i0.wp.com\/opresenterural.com.br\/wp-content\/uploads\/2026\/01\/Francisco-Medeiros-Presidente-da-Peixe-BR-3.jpg?w=900&amp;ssl=1 900w\" sizes=\"(max-width: 225px) 100vw, 225px\"><\/p>\n<p id=\"caption-attachment-201293\" class=\"wp-caption-text\">Presidente da Peixe BR, Francisco Medeiros: \u201cA til\u00e1pia \u00e9 o pescado mais exportado pelo Brasil e, juntamente com o tambaqui, os Estados Unidos s\u00e3o o principal comprador desses produtos, especialmente o fil\u00e9 de til\u00e1pia fresco\u201d \u2013 Foto: Divulga\u00e7\u00e3o\/Peixe BR<\/p>\n<\/div>\n<p>Segundo ele, com a nova tarifa de importa\u00e7\u00e3o de 10%, o Brasil volta ao mercado com bastante for\u00e7a em fun\u00e7\u00e3o da qualidade\u00a0dos\u00a0produtos.\u00a0\u201c\u00c9 hora de falar com os compradores americanos e refor\u00e7ar as parcerias\u201d,\u00a0destaca.<\/p>\n<p>A presen\u00e7a da entidade no evento tamb\u00e9m refor\u00e7a o trabalho de promo\u00e7\u00e3o do pescado brasileiro no mercado internacional, destacando a rastreabilidade, a sustentabilidade\u00a0e o potencial de crescimento da piscicultura nacional.\u00a0Ao lado de Francisco, o vice-presidente do Conselho de Administra\u00e7\u00e3o da Peixe BR,\u00a0Juliano\u00a0Kubitza, tamb\u00e9m est\u00e1 \u00e0 frente dessa miss\u00e3o.<\/p>\n<p>Al\u00e9m da participa\u00e7\u00e3o institucional da entidade, empresas associadas tamb\u00e9m estar\u00e3o presentes com estandes pr\u00f3prios na feira, apresentando seus produtos ao mercado internacional e ampliando as oportunidades de neg\u00f3cios com importadores e distribuidores. Entre as companhias brasileiras confirmadas est\u00e3o a\u00a0Ayamo,\u00a0Brazilian\u00a0Fish, Copacol,\u00a0Zaltana\u00a0e Mar &amp; Terra.<\/p>\n<p>Centro de neg\u00f3cios do setor, a\u00a0feira re\u00fane compradores, fornecedores e profissionais da ind\u00fastria de\u00a0seafood\u00a0de todo o mundo e \u00e9 considerada um dos principais pontos de encontro globais da atividade. A exposi\u00e7\u00e3o concentra fornecedores de cerca de 50 pa\u00edses com o objetivo de conectar compradores norte-americanos a produtos, servi\u00e7os e solu\u00e7\u00f5es da cadeia de pescados em um \u00fanico ambiente.<\/p>\n<\/div>\n<h6><em>THE <strong>Bela Cereais<\/strong> works with the best grains on the market and also keeps you up to date with the latest news and analyses on agribusiness.<br \/>\nDon&#039;t forget to follow our social networks.<\/em><\/h6>\n<p><a href=\"https:\/\/opresenterural.com.br\/peixe-br-participa-da-maior-feira-de-pescados-da-america-do-norte-para-ampliar-exportacoes-brasileiras\/\" target=\"_blank\" rel=\"noopener\">Access News Source <\/a><\/p>","protected":false},"excerpt":{"rendered":"<p>A Associa\u00e7\u00e3o Brasileira da Piscicultura (Peixe\u00a0BR) est\u00e1 participando da\u00a0Seafood\u00a0Expo North\u00a0America,\u00a0considerada a maior feira de neg\u00f3cios&hellip;<\/p>","protected":false},"author":1,"featured_media":25670,"comment_status":"","ping_status":"","sticky":false,"template":"","format":"standard","meta":{"footnotes":""},"categories":[7],"tags":[],"class_list":["post-27024","post","type-post","status-publish","format-standard","has-post-thumbnail","hentry","category-exportacoes"],"_links":{"self":[{"href":"https:\/\/belacereais.com.br\/en\/wp-json\/wp\/v2\/posts\/27024","targetHints":{"allow":["GET"]}}],"collection":[{"href":"https:\/\/belacereais.com.br\/en\/wp-json\/wp\/v2\/posts"}],"about":[{"href":"https:\/\/belacereais.com.br\/en\/wp-json\/wp\/v2\/types\/post"}],"author":[{"embeddable":true,"href":"https:\/\/belacereais.com.br\/en\/wp-json\/wp\/v2\/users\/1"}],"replies":[{"embeddable":true,"href":"https:\/\/belacereais.com.br\/en\/wp-json\/wp\/v2\/comments?post=27024"}],"version-history":[{"count":0,"href":"https:\/\/belacereais.com.br\/en\/wp-json\/wp\/v2\/posts\/27024\/revisions"}],"wp:featuredmedia":[{"embeddable":true,"href":"https:\/\/belacereais.com.br\/en\/wp-json\/wp\/v2\/media\/25670"}],"wp:attachment":[{"href":"https:\/\/belacereais.com.br\/en\/wp-json\/wp\/v2\/media?parent=27024"}],"wp:term":[{"taxonomy":"category","embeddable":true,"href":"https:\/\/belacereais.com.br\/en\/wp-json\/wp\/v2\/categories?post=27024"},{"taxonomy":"post_tag","embeddable":true,"href":"https:\/\/belacereais.com.br\/en\/wp-json\/wp\/v2\/tags?post=27024"}],"curies":[{"name":"wp","href":"https:\/\/api.w.org\/{rel}","templated":true}]}}