{"id":27027,"date":"2026-03-17T08:38:33","date_gmt":"2026-03-17T12:38:33","guid":{"rendered":"https:\/\/belacereais.com.br\/2026\/safra\/falta-de-chuva-em-fevereiro-faz-seca-fraca-avancar-no-centro-oeste-do-parana\/"},"modified":"2026-03-17T08:38:33","modified_gmt":"2026-03-17T12:38:33","slug":"falta-de-chuva-em-fevereiro-faz-seca-fraca-avancar-no-centro-oeste-do-parana","status":"publish","type":"post","link":"https:\/\/belacereais.com.br\/en\/2026\/safra\/falta-de-chuva-em-fevereiro-faz-seca-fraca-avancar-no-centro-oeste-do-parana\/","title":{"rendered":"Falta de chuva em fevereiro faz seca fraca avan\u00e7ar no Centro-Oeste do Paran\u00e1"},"content":{"rendered":"<p><\/p>\n<div id=\"mvp-content-main\" class=\"left relative\">\n<p>A chuva abaixo da m\u00e9dia ocasionou o avan\u00e7o da seca fraca no Centro-Oeste do Paran\u00e1 em fevereiro de 2026. Este \u00e9 o resultado do Monitor de Secas da Ag\u00eancia Nacional de \u00c1guas (ANA), publicado nesta segunda-feira (16). O estudo \u00e9 realizado em parceria com v\u00e1rios institutos, entre eles o Sistema de Tecnologia e Monitoramento Ambiental do Paran\u00e1 (Simepar).<\/p>\n<p>Em todo o m\u00eas de fevereiro, seis esta\u00e7\u00f5es meteorol\u00f3gicas do Simepar registraram um acumulado abaixo de 60 mm. O menor volume foi em Santo Ant\u00f4nio da Platina, onde a m\u00e9dia hist\u00f3rica de chuva para fevereiro \u00e9 de 137 mm, e a esta\u00e7\u00e3o meteorol\u00f3gica registrou apenas 8,2 mm. N\u00e3o chove na cidade um acumulado de mais de 5 mm em um dia desde 1\u00ba de janeiro.<\/p>\n<div id=\"attachment_183035\" style=\"width: 310px\" class=\"wp-caption alignright\"><img data-recalc-dims=\"1\" decoding=\"async\" aria-describedby=\"caption-attachment-183035\" data-attachment-id=\"183035\" data-permalink=\"https:\/\/opresenterural.com.br\/agro-de-minas-gerais-fatura-us-65-bilhoes-e-bate-recorde-de-exportacoes-no-quadrimestre\/lavoura-soja-seca-foto-roberto-zito\/\" data-orig-file=\"https:\/\/i0.wp.com\/opresenterural.com.br\/wp-content\/uploads\/2025\/05\/Lavoura-soja-seca-Foto-Roberto-Zito.jpg?fit=1110%2C540&amp;ssl=1\" data-orig-size=\"1110,540\" data-comments-opened=\"0\" data-image-meta=\"{&quot;aperture&quot;:&quot;0&quot;,&quot;credit&quot;:&quot;&quot;,&quot;camera&quot;:&quot;&quot;,&quot;caption&quot;:&quot;&quot;,&quot;created_timestamp&quot;:&quot;0&quot;,&quot;copyright&quot;:&quot;&quot;,&quot;focal_length&quot;:&quot;0&quot;,&quot;iso&quot;:&quot;0&quot;,&quot;shutter_speed&quot;:&quot;0&quot;,&quot;title&quot;:&quot;&quot;,&quot;orientation&quot;:&quot;0&quot;}\" data-image-title=\"Lavoura soja seca Foto Roberto Zito\" data-image-description data-image-caption=\"&lt;p&gt;Foto: Roberto Zito&lt;\/p&gt;\" data-medium-file=\"https:\/\/i0.wp.com\/opresenterural.com.br\/wp-content\/uploads\/2025\/05\/Lavoura-soja-seca-Foto-Roberto-Zito.jpg?fit=300%2C146&amp;ssl=1\" data-large-file=\"https:\/\/i0.wp.com\/opresenterural.com.br\/wp-content\/uploads\/2025\/05\/Lavoura-soja-seca-Foto-Roberto-Zito.jpg?fit=740%2C360&amp;ssl=1\" class=\"size-medium wp-image-183035\" src=\"https:\/\/i0.wp.com\/opresenterural.com.br\/wp-content\/uploads\/2025\/05\/Lavoura-soja-seca-Foto-Roberto-Zito.jpg?resize=300%2C146&amp;ssl=1\" alt width=\"300\" height=\"146\" srcset=\"https:\/\/i0.wp.com\/opresenterural.com.br\/wp-content\/uploads\/2025\/05\/Lavoura-soja-seca-Foto-Roberto-Zito.jpg?resize=300%2C146&amp;ssl=1 300w, https:\/\/i0.wp.com\/opresenterural.com.br\/wp-content\/uploads\/2025\/05\/Lavoura-soja-seca-Foto-Roberto-Zito.jpg?resize=1024%2C498&amp;ssl=1 1024w, https:\/\/i0.wp.com\/opresenterural.com.br\/wp-content\/uploads\/2025\/05\/Lavoura-soja-seca-Foto-Roberto-Zito.jpg?resize=768%2C374&amp;ssl=1 768w, https:\/\/i0.wp.com\/opresenterural.com.br\/wp-content\/uploads\/2025\/05\/Lavoura-soja-seca-Foto-Roberto-Zito.jpg?resize=600%2C292&amp;ssl=1 600w, https:\/\/i0.wp.com\/opresenterural.com.br\/wp-content\/uploads\/2025\/05\/Lavoura-soja-seca-Foto-Roberto-Zito.jpg?w=1110&amp;ssl=1 1110w\" sizes=\"(max-width: 300px) 100vw, 300px\"><\/p>\n<p id=\"caption-attachment-183035\" class=\"wp-caption-text\">Photo: Roberto Zito<\/p>\n<\/div>\n<p>\u201cO ver\u00e3o de 2025 e 2026 foi marcado no Centro-Oeste, parte do Sudoeste e microrregi\u00e3o de Cascavel por chuvas regulares. \u00c9 o per\u00edodo que mais chove no ano, por\u00e9m, neste ver\u00e3o as chuvas n\u00e3o foram bem distribu\u00eddas. N\u00e3o houve uma atua\u00e7\u00e3o dos sistemas de precipita\u00e7\u00e3o de forma frequente, ent\u00e3o o trimestre terminou com chuvas abaixo da m\u00e9dia hist\u00f3rica. Tivemos um ver\u00e3o t\u00edpico em termos de temperatura, mas as chuvas n\u00e3o vieram como se fosse um ano normal\u201d, explica Reinaldo Kneib, meteorologista do Simepar.<\/p>\n<p>Al\u00e9m do avan\u00e7o da seca fraca no Centro-Oeste, o Monitor de Secas mant\u00e9m o registro de seca moderada no Norte Pioneiro, seca grave em algumas cidades que fazem divisa com o estado de S\u00e3o Paulo, e seca fraca no resto do Paran\u00e1 \u2013 com exce\u00e7\u00e3o do Noroeste, extremo Oeste e extremo Sudoeste.<\/p>\n<p>Os impactos s\u00e3o de curto e longo prazo no Norte do Paran\u00e1, ou seja, podem prejudicar a agricultura e o abastecimento de \u00e1gua; e de curto prazo nas demais \u00e1reas, ou seja, afetando apenas a agricultura.<\/p>\n<p>\u201cA anomalia negativa de precipita\u00e7\u00e3o culminou em um avan\u00e7o da seca fraca, que j\u00e1 era observada em janeiro no Sudoeste e no Centro do Estado. Ela avan\u00e7ou at\u00e9 o leste da regi\u00e3o Oeste, grande parte do Sudoeste tamb\u00e9m, e ao sul da regi\u00e3o Noroeste do Estado. Estamos falando de Cianorte, Campo Mour\u00e3o e parte de Cascavel. A aus\u00eancia de chuva foi provocada pela atua\u00e7\u00e3o de mais massas de ar seco, ao inv\u00e9s de uma grande concentra\u00e7\u00e3o de umidade na atmosfera, que \u00e9 esperada para esta \u00e9poca do ano, mas n\u00e3o aconteceu\u201d, detalha Reinaldo.<\/p>\n<div id=\"attachment_165936\" style=\"width: 310px\" class=\"wp-caption alignleft\"><img fetchpriority=\"high\" data-recalc-dims=\"1\" decoding=\"async\" aria-describedby=\"caption-attachment-165936\" data-attachment-id=\"165936\" data-permalink=\"https:\/\/opresenterural.com.br\/o-urgente-combate-a-desertificacao-no-brasil\/seca-antonio-carlos-mafalda-3\/\" data-orig-file=\"https:\/\/i0.wp.com\/opresenterural.com.br\/wp-content\/uploads\/2024\/12\/seca-Antonio-Carlos-Mafalda-1.jpg?fit=640%2C480&amp;ssl=1\" data-orig-size=\"640,480\" data-comments-opened=\"0\" data-image-meta=\"{&quot;aperture&quot;:&quot;0&quot;,&quot;credit&quot;:&quot;&quot;,&quot;camera&quot;:&quot;&quot;,&quot;caption&quot;:&quot;&quot;,&quot;created_timestamp&quot;:&quot;0&quot;,&quot;copyright&quot;:&quot;&quot;,&quot;focal_length&quot;:&quot;0&quot;,&quot;iso&quot;:&quot;0&quot;,&quot;shutter_speed&quot;:&quot;0&quot;,&quot;title&quot;:&quot;&quot;,&quot;orientation&quot;:&quot;0&quot;}\" data-image-title=\"seca Antonio Carlos Mafalda\" data-image-description data-image-caption=\"&lt;p&gt;Foto: Antonio Carlos Mafalda&lt;\/p&gt;\" data-medium-file=\"https:\/\/i0.wp.com\/opresenterural.com.br\/wp-content\/uploads\/2024\/12\/seca-Antonio-Carlos-Mafalda-1.jpg?fit=300%2C225&amp;ssl=1\" data-large-file=\"https:\/\/i0.wp.com\/opresenterural.com.br\/wp-content\/uploads\/2024\/12\/seca-Antonio-Carlos-Mafalda-1.jpg?fit=640%2C480&amp;ssl=1\" class=\"size-medium wp-image-165936\" src=\"https:\/\/i0.wp.com\/opresenterural.com.br\/wp-content\/uploads\/2024\/12\/seca-Antonio-Carlos-Mafalda-1.jpg?resize=300%2C225&amp;ssl=1\" alt width=\"300\" height=\"225\" srcset=\"https:\/\/i0.wp.com\/opresenterural.com.br\/wp-content\/uploads\/2024\/12\/seca-Antonio-Carlos-Mafalda-1.jpg?resize=300%2C225&amp;ssl=1 300w, https:\/\/i0.wp.com\/opresenterural.com.br\/wp-content\/uploads\/2024\/12\/seca-Antonio-Carlos-Mafalda-1.jpg?resize=600%2C450&amp;ssl=1 600w, https:\/\/i0.wp.com\/opresenterural.com.br\/wp-content\/uploads\/2024\/12\/seca-Antonio-Carlos-Mafalda-1.jpg?w=640&amp;ssl=1 640w\" sizes=\"(max-width: 300px) 100vw, 300px\"><\/p>\n<p id=\"caption-attachment-165936\" class=\"wp-caption-text\">Foto: Antonio Carlos Mafalda<\/p>\n<\/div>\n<p>A plataforma de intelig\u00eancia clim\u00e1tica do Simepar, o Simeagro, aponta que a falta de chuva tem ocasionado atrasos na germina\u00e7\u00e3o do milho safrinha nas regi\u00f5es Norte e Oeste.<\/p>\n<p>\u201c\u00c9 poss\u00edvel perceber um atraso do crescimento das plantas j\u00e1 ocasionado pela falta de chuva, que persistiu at\u00e9 o in\u00edcio de mar\u00e7o. \u00c9 esperada a chegada de chuvas com volumes um pouco maiores nos pr\u00f3ximos dias, mas, ainda assim, tem um grande risco de um atraso de crescimento nas plantas ocasionar problemas futuros, com a entrada em novos per\u00edodos de calor\u201d, explica Bernardo Lipski, engenheiro agr\u00f4nomo do Simepar.<\/p>\n<h4>Monitor<\/h4>\n<p>O Monitor de Secas iniciou em 2014 focado no semi\u00e1rido, que sofria desde 2012 com a seca mais grave dos \u00faltimos 100 anos. Desde 2017, a ANA articula o projeto entre as institui\u00e7\u00f5es envolvidas e coordena o processo de elabora\u00e7\u00e3o dos mapas.<\/p>\n<p>O Simepar, todos os meses, faz a an\u00e1lise das regi\u00f5es Sul e Sudeste, utilizando dados como precipita\u00e7\u00e3o, temperatura do ar, \u00edndice de vegeta\u00e7\u00e3o, n\u00edveis dos reservat\u00f3rios e dados de evapotranspira\u00e7\u00e3o (a rela\u00e7\u00e3o entre a temperatura e a evapora\u00e7\u00e3o da \u00e1gua). A cada tr\u00eas meses, o Simepar ainda coordena a elabora\u00e7\u00e3o do mapa completo.<\/p>\n<p>Al\u00e9m dos registros no Paran\u00e1, no Brasil, o Monitor de Secas de fevereiro aponta seca extrema no norte do Nordeste; seca grave tamb\u00e9m no Nordeste e em \u00e1reas de Minas Gerais, S\u00e3o Paulo e Goi\u00e1s; seca moderada em \u00e1reas do Nordeste, Norte, Centro-Oeste e Sudoeste do pa\u00eds; e seca fraca principalmente na regi\u00e3o Sul, no Mato Grosso, Minas Gerais e regi\u00e3o amaz\u00f4nica.<\/p>\n<\/div>\n<h6><em>THE <strong>Bela Cereais<\/strong> works with the best grains on the market and also keeps you up to date with the latest news and analyses on agribusiness.<br \/>\nDon&#039;t forget to follow our social networks.<\/em><\/h6>\n<p><a href=\"https:\/\/opresenterural.com.br\/falta-de-chuva-em-fevereiro-faz-seca-fraca-avancar-no-centro-oeste-do-parana\/\" target=\"_blank\" rel=\"noopener\">Access News Source <\/a><\/p>","protected":false},"excerpt":{"rendered":"<p>A chuva abaixo da m\u00e9dia ocasionou o avan\u00e7o da seca fraca no Centro-Oeste do Paran\u00e1&hellip;<\/p>","protected":false},"author":1,"featured_media":27028,"comment_status":"","ping_status":"","sticky":false,"template":"","format":"standard","meta":{"footnotes":""},"categories":[258],"tags":[],"class_list":["post-27027","post","type-post","status-publish","format-standard","has-post-thumbnail","hentry","category-safra"],"_links":{"self":[{"href":"https:\/\/belacereais.com.br\/en\/wp-json\/wp\/v2\/posts\/27027","targetHints":{"allow":["GET"]}}],"collection":[{"href":"https:\/\/belacereais.com.br\/en\/wp-json\/wp\/v2\/posts"}],"about":[{"href":"https:\/\/belacereais.com.br\/en\/wp-json\/wp\/v2\/types\/post"}],"author":[{"embeddable":true,"href":"https:\/\/belacereais.com.br\/en\/wp-json\/wp\/v2\/users\/1"}],"replies":[{"embeddable":true,"href":"https:\/\/belacereais.com.br\/en\/wp-json\/wp\/v2\/comments?post=27027"}],"version-history":[{"count":0,"href":"https:\/\/belacereais.com.br\/en\/wp-json\/wp\/v2\/posts\/27027\/revisions"}],"wp:featuredmedia":[{"embeddable":true,"href":"https:\/\/belacereais.com.br\/en\/wp-json\/wp\/v2\/media\/27028"}],"wp:attachment":[{"href":"https:\/\/belacereais.com.br\/en\/wp-json\/wp\/v2\/media?parent=27027"}],"wp:term":[{"taxonomy":"category","embeddable":true,"href":"https:\/\/belacereais.com.br\/en\/wp-json\/wp\/v2\/categories?post=27027"},{"taxonomy":"post_tag","embeddable":true,"href":"https:\/\/belacereais.com.br\/en\/wp-json\/wp\/v2\/tags?post=27027"}],"curies":[{"name":"wp","href":"https:\/\/api.w.org\/{rel}","templated":true}]}}