{"id":27030,"date":"2026-03-17T10:42:26","date_gmt":"2026-03-17T14:42:26","guid":{"rendered":"https:\/\/belacereais.com.br\/2026\/soja\/rio-pardo-reforca-area-tecnica-para-expandir-mercado-de-proteina-de-soja-na-nutricao-animal\/"},"modified":"2026-03-17T10:42:26","modified_gmt":"2026-03-17T14:42:26","slug":"rio-pardo-reforca-area-tecnica-para-expandir-mercado-de-proteina-de-soja-na-nutricao-animal","status":"publish","type":"post","link":"https:\/\/belacereais.com.br\/en\/2026\/soja\/rio-pardo-reforca-area-tecnica-para-expandir-mercado-de-proteina-de-soja-na-nutricao-animal\/","title":{"rendered":"Rio Pardo refor\u00e7a \u00e1rea t\u00e9cnica para expandir mercado de prote\u00edna de soja na nutri\u00e7\u00e3o animal"},"content":{"rendered":"<p><\/p>\n<div id=\"mvp-content-main\" class=\"left relative\">\n<p>Atenta \u00e0 demanda por ingredientes de maior efici\u00eancia nutricional na produ\u00e7\u00e3o animal, a Rio Pardo Prote\u00edna Vegetal refor\u00e7ou sua estrutura t\u00e9cnica comercial. A empresa, que atua no mercado de concentrados proteicos de soja para nutri\u00e7\u00e3o de aves, su\u00ednos e peixes, contratou o m\u00e9dico veterin\u00e1rio Bruno Wernick como gerente t\u00e9cnico de vendas. Com mais de 30 anos de experi\u00eancia no setor, o executivo chega com a miss\u00e3o de ampliar a presen\u00e7a da companhia no mercado e fortalecer o suporte t\u00e9cnico aos clientes, em um momento em que a empresa projeta crescimento de cerca de 15% em 2026, impulsionado pela expans\u00e3o da base de clientes e pelo aumento da demanda por ingredientes de maior desempenho nutricional.<\/p>\n<p>Formado pela Universidade Estadual de Londrina (UEL), o executivo chega \u00e0 companhia com a miss\u00e3o de ampliar a presen\u00e7a da empresa no mercado e fortalecer o suporte t\u00e9cnico ao time comercial. Wernick construiu carreira em empresas globais do setor. Nos \u00faltimos 15 anos, atuou na BASF, refer\u00eancia mundial em nutri\u00e7\u00e3o animal. Anteriormente, trabalhou na Cargill e na In Vivo Animal Nutrition, propriet\u00e1ria da marca Purina. Ao longo da trajet\u00f3ria, tamb\u00e9m participou da produ\u00e7\u00e3o cient\u00edfica do setor, como coautor de mais de 38 artigos t\u00e9cnicos voltados \u00e0 nutri\u00e7\u00e3o de su\u00ednos, aves e peixes. O especialista \u00e9 p\u00f3s-graduado em Nutri\u00e7\u00e3o Animal pela FAISA (Universidade de Santo \u00c2ngelo) e conta com MBA em Administra\u00e7\u00e3o com \u00eanfase em Marketing pela FGV.<\/p>\n<p>Segundo Wernick, um dos desafios do setor \u00e9 ampliar o entendimento t\u00e9cnico sobre ingredientes estrat\u00e9gicos para a formula\u00e7\u00e3o de ra\u00e7\u00f5es. \u201cA produ\u00e7\u00e3o animal envolve uma cadeia extensa de profissionais, desde nutricionistas at\u00e9 equipes comerciais, compradores e gestores de f\u00e1bricas de ra\u00e7\u00e3o. Muitos desses profissionais lidam com ingredientes altamente t\u00e9cnicos e precisam compreender bem o papel de cada componente na dieta dos animais\u201d, afirma. De acordo com o executivo, disseminar esse conhecimento de forma clara e aplicada pode contribuir para decis\u00f5es mais eficientes na formula\u00e7\u00e3o de ra\u00e7\u00f5es e no desempenho produtivo. \u201cA ideia \u00e9 traduzir a ci\u00eancia de forma pr\u00e1tica para quem est\u00e1 no dia a dia da opera\u00e7\u00e3o. Quanto maior o entendimento sobre os ingredientes utilizados, melhores tendem a ser os resultados em produtividade e efici\u00eancia alimentar\u201d, completa.<\/p>\n<div id=\"attachment_149378\" style=\"width: 206px\" class=\"wp-caption alignright\"><img data-recalc-dims=\"1\" decoding=\"async\" aria-describedby=\"caption-attachment-149378\" data-attachment-id=\"149378\" data-permalink=\"https:\/\/opresenterural.com.br\/reconhecida-pelo-spc-mais-digestivel-do-brasil-rio-pardo-projeta-alcancar-novos-mercados-no-fenagra-2024\/diretor-da-rio-pardo-osvaldo-neves-de-aguiar\/\" data-orig-file=\"https:\/\/i0.wp.com\/opresenterural.com.br\/wp-content\/uploads\/2024\/06\/diretor-da-Rio-Pardo-Osvaldo-Neves-de-Aguiar-e1773755048961.jpeg?fit=636%2C750&amp;ssl=1\" data-orig-size=\"636,750\" data-comments-opened=\"0\" data-image-meta=\"{&quot;aperture&quot;:&quot;0&quot;,&quot;credit&quot;:&quot;&quot;,&quot;camera&quot;:&quot;&quot;,&quot;caption&quot;:&quot;&quot;,&quot;created_timestamp&quot;:&quot;0&quot;,&quot;copyright&quot;:&quot;&quot;,&quot;focal_length&quot;:&quot;0&quot;,&quot;iso&quot;:&quot;0&quot;,&quot;shutter_speed&quot;:&quot;0&quot;,&quot;title&quot;:&quot;&quot;,&quot;orientation&quot;:&quot;0&quot;}\" data-image-title=\"diretor da Rio Pardo Osvaldo Neves de Aguiar\" data-image-description data-image-caption data-medium-file=\"https:\/\/i0.wp.com\/opresenterural.com.br\/wp-content\/uploads\/2024\/06\/diretor-da-Rio-Pardo-Osvaldo-Neves-de-Aguiar-e1773755048961.jpeg?fit=254%2C300&amp;ssl=1\" data-large-file=\"https:\/\/i0.wp.com\/opresenterural.com.br\/wp-content\/uploads\/2024\/06\/diretor-da-Rio-Pardo-Osvaldo-Neves-de-Aguiar-e1773755048961.jpeg?fit=740%2C987&amp;ssl=1\" class=\"wp-image-149378\" src=\"https:\/\/i0.wp.com\/opresenterural.com.br\/wp-content\/uploads\/2024\/06\/diretor-da-Rio-Pardo-Osvaldo-Neves-de-Aguiar-e1773755048961-254x300.jpeg?resize=196%2C231&amp;ssl=1\" alt width=\"196\" height=\"231\" srcset=\"https:\/\/i0.wp.com\/opresenterural.com.br\/wp-content\/uploads\/2024\/06\/diretor-da-Rio-Pardo-Osvaldo-Neves-de-Aguiar-e1773755048961.jpeg?resize=254%2C300&amp;ssl=1 254w, https:\/\/i0.wp.com\/opresenterural.com.br\/wp-content\/uploads\/2024\/06\/diretor-da-Rio-Pardo-Osvaldo-Neves-de-Aguiar-e1773755048961.jpeg?resize=300%2C354&amp;ssl=1 300w, https:\/\/i0.wp.com\/opresenterural.com.br\/wp-content\/uploads\/2024\/06\/diretor-da-Rio-Pardo-Osvaldo-Neves-de-Aguiar-e1773755048961.jpeg?resize=600%2C708&amp;ssl=1 600w, https:\/\/i0.wp.com\/opresenterural.com.br\/wp-content\/uploads\/2024\/06\/diretor-da-Rio-Pardo-Osvaldo-Neves-de-Aguiar-e1773755048961.jpeg?w=636&amp;ssl=1 636w\" sizes=\"(max-width: 196px) 100vw, 196px\"><\/p>\n<p id=\"caption-attachment-149378\" class=\"wp-caption-text\">Osvaldo Neves de Aguiar, diretor da Rio Pardo<\/p>\n<\/div>\n<p>Para Osvaldo Neves de Aguiar, diretor da Rio Pardo, a chegada do profissional refor\u00e7a a estrat\u00e9gia de crescimento da empresa no setor. \u201cNosso objetivo \u00e9 aprimorar o dom\u00ednio t\u00e9cnico da equipe sobre o portf\u00f3lio da companhia. Isso \u00e9 fundamental para ampliar nossa presen\u00e7a no mercado e levar solu\u00e7\u00f5es cada vez mais eficientes aos clientes\u201d, afirma.<\/p>\n<h3>Digestibilidade comprovada<\/h3>\n<p>Estudos conduzidos por institui\u00e7\u00f5es como Aquadvise (Chile), Universidade Federal de Vi\u00e7osa (UFV) e Unesp apontam elevados \u00edndices de digestibilidade dos concentrados proteicos de soja da Rio Pardo. Nos testes realizados, os produtos apresentaram digestibilidade acima de 98% para salm\u00f5es, frente a cerca de 90% na m\u00e9dia do mercado. Em su\u00ednos, o \u00edndice chegou a 94,32%, contra aproximadamente 88% em produtos convencionais. J\u00e1 em frangos e perus, o \u00edndice foi de 83,7%, superior aos 79,4% registrados no mercado.<\/p>\n<style>#gallery-1 {\n\t\t\t\tmargin: auto;\n\t\t\t}\n\t\t\t#gallery-1 .gallery-item {\n\t\t\t\tfloat: left;\n\t\t\t\tmargin-top: 10px;\n\t\t\t\ttext-align: center;\n\t\t\t\twidth: 50%;\n\t\t\t}\n\t\t\t#gallery-1 img {\n\t\t\t\tborder: 2px solid #cfcfcf;\n\t\t\t}\n\t\t\t#gallery-1 .gallery-caption {\n\t\t\t\tmargin-left: 0;\n\t\t\t}\n\t\t\t\/* see gallery_shortcode() in wp-includes\/media.php *\/<\/style>\n<div data-carousel-extra=\"{\" blog_id\":1,\"permalink\":\"https:\\ \\ opresenterural.com.br\\ rio-pardo-reforca-area-tecnica-para-expandir-mercado-de-proteina-de-soja-na-nutricao-animal\\ \"}\" id=\"gallery-1\" class=\"gallery galleryid-205604 gallery-columns-2 gallery-size-large\">\n<dl class=\"gallery-item\">\n<dt class=\"gallery-icon landscape\">\n<a href=\"https:\/\/opresenterural.com.br\/rio-pardo-reforca-area-tecnica-para-expandir-mercado-de-proteina-de-soja-na-nutricao-animal\/fabrica-rppv-3\/\" target=\"_blank\" rel=\"noopener\"><img fetchpriority=\"high\" decoding=\"async\" width=\"740\" height=\"432\" src=\"https:\/\/i0.wp.com\/opresenterural.com.br\/wp-content\/uploads\/2026\/03\/Fabrica-RPPV-3.jpeg?fit=740%2C432&amp;ssl=1\" class=\"attachment-large size-large\" alt aria-describedby=\"gallery-1-205606\" srcset=\"https:\/\/i0.wp.com\/opresenterural.com.br\/wp-content\/uploads\/2026\/03\/Fabrica-RPPV-3.jpeg?w=1280&amp;ssl=1 1280w, https:\/\/i0.wp.com\/opresenterural.com.br\/wp-content\/uploads\/2026\/03\/Fabrica-RPPV-3.jpeg?resize=300%2C175&amp;ssl=1 300w, https:\/\/i0.wp.com\/opresenterural.com.br\/wp-content\/uploads\/2026\/03\/Fabrica-RPPV-3.jpeg?resize=1024%2C598&amp;ssl=1 1024w, https:\/\/i0.wp.com\/opresenterural.com.br\/wp-content\/uploads\/2026\/03\/Fabrica-RPPV-3.jpeg?resize=768%2C448&amp;ssl=1 768w, https:\/\/i0.wp.com\/opresenterural.com.br\/wp-content\/uploads\/2026\/03\/Fabrica-RPPV-3.jpeg?resize=600%2C350&amp;ssl=1 600w\" sizes=\"(max-width: 740px) 100vw, 740px\" data-attachment-id=\"205606\" data-permalink=\"https:\/\/opresenterural.com.br\/rio-pardo-reforca-area-tecnica-para-expandir-mercado-de-proteina-de-soja-na-nutricao-animal\/fabrica-rppv-3\/\" data-orig-file=\"https:\/\/i0.wp.com\/opresenterural.com.br\/wp-content\/uploads\/2026\/03\/Fabrica-RPPV-3.jpeg?fit=1280%2C747&amp;ssl=1\" data-orig-size=\"1280,747\" data-comments-opened=\"0\" data-image-meta=\"{&quot;aperture&quot;:&quot;0&quot;,&quot;credit&quot;:&quot;&quot;,&quot;camera&quot;:&quot;&quot;,&quot;caption&quot;:&quot;&quot;,&quot;created_timestamp&quot;:&quot;0&quot;,&quot;copyright&quot;:&quot;&quot;,&quot;focal_length&quot;:&quot;0&quot;,&quot;iso&quot;:&quot;0&quot;,&quot;shutter_speed&quot;:&quot;0&quot;,&quot;title&quot;:&quot;&quot;,&quot;orientation&quot;:&quot;0&quot;}\" data-image-title=\"F\u00e1brica RPPV (3)\" data-image-description data-image-caption=\"&lt;p&gt;Unidade industrial da Rio Pardo Prote\u00edna Vegetal, em Sidrol\u00e2ndia (MS) (Fotos: Divulga\u00e7\u00e3o\/Rio Pardo)&lt;\/p&gt;\" data-medium-file=\"https:\/\/i0.wp.com\/opresenterural.com.br\/wp-content\/uploads\/2026\/03\/Fabrica-RPPV-3.jpeg?fit=300%2C175&amp;ssl=1\" data-large-file=\"https:\/\/i0.wp.com\/opresenterural.com.br\/wp-content\/uploads\/2026\/03\/Fabrica-RPPV-3.jpeg?fit=740%2C432&amp;ssl=1\"><\/a><\/dt>\n<dd class=\"wp-caption-text gallery-caption\" id=\"gallery-1-205606\">\nUnidade industrial da Rio Pardo Prote\u00edna Vegetal, em Sidrol\u00e2ndia (MS) (Fotos: Divulga\u00e7\u00e3o\/Rio Pardo)<\/dd>\n<\/dl>\n<p><br style=\"clear: both\"><\/div>\n<h3>Tecnologia patenteada<\/h3>\n<p>A tecnologia utilizada pela empresa no processamento do concentrado proteico de soja \u00e9 patenteada no Brasil, Estados Unidos, Uni\u00e3o Europeia, Jap\u00e3o, Chile e Canad\u00e1. O diferencial est\u00e1 na unifica\u00e7\u00e3o das etapas do processamento da soja, que tradicionalmente ocorre em fases separadas. No m\u00e9todo convencional, o \u00f3leo \u00e9 inicialmente extra\u00eddo do gr\u00e3o, seguido de aquecimento para remo\u00e7\u00e3o de solventes e, posteriormente, de uma segunda etapa para retirada de carboidratos sol\u00faveis e fatores antinutricionais, processo que exige nova aplica\u00e7\u00e3o de calor. Na Rio Pardo, essas etapas s\u00e3o realizadas em um \u00fanico processo industrial, reduzindo significativamente o consumo de energia t\u00e9rmica e el\u00e9trica, al\u00e9m de aprimorar o refino do ingrediente final.<\/p>\n<\/div>\n<h6><em>THE <strong>Bela Cereais<\/strong> works with the best grains on the market and also keeps you up to date with the latest news and analyses on agribusiness.<br \/>\nDon&#039;t forget to follow our social networks.<\/em><\/h6>\n<p><a href=\"https:\/\/opresenterural.com.br\/rio-pardo-reforca-area-tecnica-para-expandir-mercado-de-proteina-de-soja-na-nutricao-animal\/\" target=\"_blank\" rel=\"noopener\">Access News Source <\/a><\/p>","protected":false},"excerpt":{"rendered":"<p>Atenta \u00e0 demanda por ingredientes de maior efici\u00eancia nutricional na produ\u00e7\u00e3o animal, a Rio Pardo&hellip;<\/p>","protected":false},"author":1,"featured_media":27031,"comment_status":"","ping_status":"","sticky":false,"template":"","format":"standard","meta":{"footnotes":""},"categories":[259],"tags":[],"class_list":["post-27030","post","type-post","status-publish","format-standard","has-post-thumbnail","hentry","category-soja"],"_links":{"self":[{"href":"https:\/\/belacereais.com.br\/en\/wp-json\/wp\/v2\/posts\/27030","targetHints":{"allow":["GET"]}}],"collection":[{"href":"https:\/\/belacereais.com.br\/en\/wp-json\/wp\/v2\/posts"}],"about":[{"href":"https:\/\/belacereais.com.br\/en\/wp-json\/wp\/v2\/types\/post"}],"author":[{"embeddable":true,"href":"https:\/\/belacereais.com.br\/en\/wp-json\/wp\/v2\/users\/1"}],"replies":[{"embeddable":true,"href":"https:\/\/belacereais.com.br\/en\/wp-json\/wp\/v2\/comments?post=27030"}],"version-history":[{"count":0,"href":"https:\/\/belacereais.com.br\/en\/wp-json\/wp\/v2\/posts\/27030\/revisions"}],"wp:featuredmedia":[{"embeddable":true,"href":"https:\/\/belacereais.com.br\/en\/wp-json\/wp\/v2\/media\/27031"}],"wp:attachment":[{"href":"https:\/\/belacereais.com.br\/en\/wp-json\/wp\/v2\/media?parent=27030"}],"wp:term":[{"taxonomy":"category","embeddable":true,"href":"https:\/\/belacereais.com.br\/en\/wp-json\/wp\/v2\/categories?post=27030"},{"taxonomy":"post_tag","embeddable":true,"href":"https:\/\/belacereais.com.br\/en\/wp-json\/wp\/v2\/tags?post=27030"}],"curies":[{"name":"wp","href":"https:\/\/api.w.org\/{rel}","templated":true}]}}