{"id":27035,"date":"2026-03-18T10:22:12","date_gmt":"2026-03-18T14:22:12","guid":{"rendered":"https:\/\/belacereais.com.br\/2026\/exportacoes\/exportacoes-sustentam-desempenho-da-suinocultura-no-mercado-externo\/"},"modified":"2026-03-18T10:22:12","modified_gmt":"2026-03-18T14:22:12","slug":"exportacoes-sustentam-desempenho-da-suinocultura-no-mercado-externo","status":"publish","type":"post","link":"https:\/\/belacereais.com.br\/en\/2026\/exportacoes\/exportacoes-sustentam-desempenho-da-suinocultura-no-mercado-externo\/","title":{"rendered":"Exporta\u00e7\u00f5es sustentam desempenho da suinocultura no mercado externo"},"content":{"rendered":"<p><\/p>\n<div id=\"mvp-content-main\" class=\"left relative\">\n<p data-start=\"0\" data-end=\"379\">Os pre\u00e7os do su\u00edno vivo recuaram de forma generalizada em fevereiro, acompanhando movimento semelhante ao observado no mercado de frango. No estado de S\u00e3o Paulo, a queda foi de 17% em rela\u00e7\u00e3o a janeiro, com a cota\u00e7\u00e3o atingindo R$ 6,90 por quilo, valor 21% inferior ao registrado em fevereiro de 2025. Na primeira quinzena de mar\u00e7o, os pre\u00e7os se mantiveram est\u00e1veis nesse patamar.<\/p>\n<p data-start=\"381\" data-end=\"526\">Mesmo com a carne su\u00edna mais competitiva frente \u00e0 carne bovina, a rela\u00e7\u00e3o de pre\u00e7os em compara\u00e7\u00e3o ao frango permaneceu dentro da m\u00e9dia hist\u00f3rica.<\/p>\n<p data-start=\"528\" data-end=\"836\">A redu\u00e7\u00e3o nas cota\u00e7\u00f5es impactou diretamente a rentabilidade da atividade. Na m\u00e9dia dos estados do Sul e de Minas Gerais, os pre\u00e7os ca\u00edram 15%, enquanto o custo de produ\u00e7\u00e3o teve leve recuo de 2,4%. Com isso, o spread da suinocultura diminuiu de 22% em janeiro para 10% em fevereiro, o menor n\u00edvel em 21 meses.<\/p>\n<p data-start=\"838\" data-end=\"976\">Pelo lado da oferta, houve aumento nos abates. Dados preliminares indicam crescimento de 3% no volume abatido no primeiro bimestre do ano.<\/p>\n<p data-start=\"978\" data-end=\"1348\">No mercado externo, as exporta\u00e7\u00f5es mantiveram desempenho positivo. Em fevereiro, os embarques de carne su\u00edna in natura cresceram 3% em rela\u00e7\u00e3o ao mesmo m\u00eas de 2025, acumulando alta de 8% no bimestre. A \u00c1sia seguiu como principal destino, concentrando cerca de 70% das vendas, com destaque para Filipinas e Jap\u00e3o, que ampliaram suas compras em 81% e 46%, respectivamente.<\/p>\n<p data-start=\"1350\" data-end=\"1608\">Apesar do avan\u00e7o no volume exportado, o pre\u00e7o m\u00e9dio das exporta\u00e7\u00f5es apresentou leve recuo frente a janeiro. Ainda assim, com a queda mais acentuada dos custos, o spread das exporta\u00e7\u00f5es permaneceu pr\u00f3ximo de 40%, acima da m\u00e9dia dos \u00faltimos cinco anos, de 30%.<\/p>\n<p data-start=\"1610\" data-end=\"1819\" data-is-last-node data-is-only-node>De acordo com dados da Consultoria Agro Ita\u00fa BBA, o per\u00edodo foi marcado pela forte queda nos pre\u00e7os internos e compress\u00e3o das margens, enquanto o mercado externo seguiu como principal suporte para a atividade.<\/p>\n<\/div>\n<h6><em>THE <strong>Bela Cereais<\/strong> works with the best grains on the market and also keeps you up to date with the latest news and analyses on agribusiness.<br \/>\nDon&#039;t forget to follow our social networks.<\/em><\/h6>\n<p><a href=\"https:\/\/opresenterural.com.br\/exportacoes-sustentam-desempenho-da-suinocultura-no-mercado-externo\/\" target=\"_blank\" rel=\"noopener\">Access News Source <\/a><\/p>","protected":false},"excerpt":{"rendered":"<p>Os pre\u00e7os do su\u00edno vivo recuaram de forma generalizada em fevereiro, acompanhando movimento semelhante ao&hellip;<\/p>","protected":false},"author":1,"featured_media":26545,"comment_status":"","ping_status":"","sticky":false,"template":"","format":"standard","meta":{"footnotes":""},"categories":[7],"tags":[],"class_list":["post-27035","post","type-post","status-publish","format-standard","has-post-thumbnail","hentry","category-exportacoes"],"_links":{"self":[{"href":"https:\/\/belacereais.com.br\/en\/wp-json\/wp\/v2\/posts\/27035","targetHints":{"allow":["GET"]}}],"collection":[{"href":"https:\/\/belacereais.com.br\/en\/wp-json\/wp\/v2\/posts"}],"about":[{"href":"https:\/\/belacereais.com.br\/en\/wp-json\/wp\/v2\/types\/post"}],"author":[{"embeddable":true,"href":"https:\/\/belacereais.com.br\/en\/wp-json\/wp\/v2\/users\/1"}],"replies":[{"embeddable":true,"href":"https:\/\/belacereais.com.br\/en\/wp-json\/wp\/v2\/comments?post=27035"}],"version-history":[{"count":0,"href":"https:\/\/belacereais.com.br\/en\/wp-json\/wp\/v2\/posts\/27035\/revisions"}],"wp:featuredmedia":[{"embeddable":true,"href":"https:\/\/belacereais.com.br\/en\/wp-json\/wp\/v2\/media\/26545"}],"wp:attachment":[{"href":"https:\/\/belacereais.com.br\/en\/wp-json\/wp\/v2\/media?parent=27035"}],"wp:term":[{"taxonomy":"category","embeddable":true,"href":"https:\/\/belacereais.com.br\/en\/wp-json\/wp\/v2\/categories?post=27035"},{"taxonomy":"post_tag","embeddable":true,"href":"https:\/\/belacereais.com.br\/en\/wp-json\/wp\/v2\/tags?post=27035"}],"curies":[{"name":"wp","href":"https:\/\/api.w.org\/{rel}","templated":true}]}}