{"id":27039,"date":"2026-03-18T16:19:44","date_gmt":"2026-03-18T20:19:44","guid":{"rendered":"https:\/\/belacereais.com.br\/2026\/centro-oeste\/outono-comeca-com-temperaturas-elevadas-no-mato-grosso-do-sul-e-sul-do-brasil\/"},"modified":"2026-03-18T16:19:44","modified_gmt":"2026-03-18T20:19:44","slug":"outono-comeca-com-temperaturas-elevadas-no-mato-grosso-do-sul-e-sul-do-brasil","status":"publish","type":"post","link":"https:\/\/belacereais.com.br\/en\/2026\/centro-oeste\/outono-comeca-com-temperaturas-elevadas-no-mato-grosso-do-sul-e-sul-do-brasil\/","title":{"rendered":"Outono come\u00e7a com temperaturas elevadas no Mato Grosso do Sul e sul do Brasil"},"content":{"rendered":"<p><\/p>\n<div class=\"materia\">\n<p><span style=\"color:#212529;\">A partir da pr\u00f3xima sexta-feira (20), as temperaturas m\u00e1ximas dever\u00e3o se elevar no oeste de Mato Grosso do Sul e nos estados do sul do Brasil, persistindo durante o fim de semana.<\/span><\/p>\n<p><span style=\"color:#212529;\">As \u00e1reas mais afetadas pelo calor dever\u00e3o ser o Rio Grande do Sul, oeste de Santa Catarina, Paran\u00e1 e Mato Grosso do Sul, com valores de temperaturas m\u00e1ximas que devem chegar aos 38\u00b0C na sexta-feira (20) e no s\u00e1bado (21), ultrapassando a m\u00e9dia climatol\u00f3gica para o per\u00edodo nos locais citados. Pontualmente, algumas cidades podem registrar temperaturas m\u00e1ximas de 5\u00b0C acima da m\u00e9dia para o per\u00edodo, especialmente, no noroeste e oeste do Rio Grande do Sul. Entre s\u00e1bado (21) e domingo (22), a atua\u00e7\u00e3o de instabilidades deve amenizar temporariamente o calor nessas regi\u00f5es. No entanto, a partir de segunda-feira (23), as temperaturas voltam a subir, com retorno das condi\u00e7\u00f5es de calor ainda mais intenso.<\/span><\/p>\n<p><span style=\"color:#212529;\">A figura 1 apresenta a previs\u00e3o de temperatura m\u00e1xima para a pr\u00f3xima segunda-feira (23). \u00c1reas em tons de vermelho mais intenso indicam onde as temperaturas m\u00e1ximas dever\u00e3o ficar entre 36\u00b0C e 38\u00b0C no oeste do Rio Grande do Sul e Mato Grosso do Sul.<\/span><\/p>\n<h3><strong><span style=\"color:#212529;\">Condi\u00e7\u00e3o Meteorol\u00f3gica<\/span><\/strong><\/h3>\n<p><span style=\"color:#212529;\">A forma\u00e7\u00e3o e perman\u00eancia de um sistema de alta press\u00e3o nos m\u00e9dios e altos n\u00edveis da atmosfera, centrada entre o Mato Grosso do Sul e sul do Brasil ao longo dos pr\u00f3ximos dias (especialmente entre os dias 20 e 23 de mar\u00e7o), inibe a forma\u00e7\u00e3o de nuvens nestas regi\u00f5es. Com a maior incid\u00eancia de radia\u00e7\u00e3o solar, a tend\u00eancia \u00e9 de intensifica\u00e7\u00e3o do aquecimento nestas \u00e1reas.<\/span><\/p>\n<div id=\"uolpd-video-inarticle\"><\/div>\n<p><span style=\"color:#212529;\">Como a posi\u00e7\u00e3o do centro deste sistema oscila ao longo dos dias e a disponibilidade de umidade fica restrita \u00e0s regi\u00f5es de sua borda, esta condi\u00e7\u00e3o n\u00e3o ir\u00e1 configurar uma onda de calor, pois pancadas isoladas de chuva podem ocorrer eventualmente, amenizando a sensa\u00e7\u00e3o de calor momentaneamente.<\/span><\/p>\n<div class=\"image-center\">\n<figure class=\"image-captioned\"><img decoding=\"async\" alt=\"TEMP-18\" src=\"https:\/\/cdn.noticiasagricolas.com.br\/dbimagens\/thumbs\/800x2000\/temp-18-QrOsR.png\"><figcaption>Previs\u00e3o de temperatura m\u00e1xima do modelo COSMO para o dia 23 de mar\u00e7o de 2026. Fonte: Inmet<\/figcaption><\/figure>\n<\/div><\/div>\n<h6><em>THE <strong>Bela Cereais<\/strong> works with the best grains on the market in the Central West Region and also keeps you up to date with the latest news and analyses on agribusiness.<br \/>\nDon&#039;t forget to follow our social networks.<\/em><\/h6>\n<p><a href=\"https:\/\/www.noticiasagricolas.com.br\/noticias\/clima\/417429-outono-comeca-com-temperaturas-elevadas-no-mato-grosso-do-sul-e-sul-do-brasil.html?utm_source=parceiros&#038;utm_medium=rss\" target=\"_blank\" rel=\"noopener\">Access News Source <\/a><\/p>","protected":false},"excerpt":{"rendered":"<p>A partir da pr\u00f3xima sexta-feira (20), as temperaturas m\u00e1ximas dever\u00e3o se elevar no oeste de&hellip;<\/p>","protected":false},"author":1,"featured_media":27040,"comment_status":"","ping_status":"","sticky":false,"template":"","format":"standard","meta":{"footnotes":""},"categories":[90],"tags":[240,239,385,539,594,617,252],"class_list":["post-27039","post","type-post","status-publish","format-standard","has-post-thumbnail","hentry","category-centro-oeste","tag-agricultura","tag-agronegocio","tag-clima","tag-inmet","tag-meteorologia","tag-noticias-agricolas-clima","tag-previsao-do-tempo"],"_links":{"self":[{"href":"https:\/\/belacereais.com.br\/en\/wp-json\/wp\/v2\/posts\/27039","targetHints":{"allow":["GET"]}}],"collection":[{"href":"https:\/\/belacereais.com.br\/en\/wp-json\/wp\/v2\/posts"}],"about":[{"href":"https:\/\/belacereais.com.br\/en\/wp-json\/wp\/v2\/types\/post"}],"author":[{"embeddable":true,"href":"https:\/\/belacereais.com.br\/en\/wp-json\/wp\/v2\/users\/1"}],"replies":[{"embeddable":true,"href":"https:\/\/belacereais.com.br\/en\/wp-json\/wp\/v2\/comments?post=27039"}],"version-history":[{"count":0,"href":"https:\/\/belacereais.com.br\/en\/wp-json\/wp\/v2\/posts\/27039\/revisions"}],"wp:featuredmedia":[{"embeddable":true,"href":"https:\/\/belacereais.com.br\/en\/wp-json\/wp\/v2\/media\/27040"}],"wp:attachment":[{"href":"https:\/\/belacereais.com.br\/en\/wp-json\/wp\/v2\/media?parent=27039"}],"wp:term":[{"taxonomy":"category","embeddable":true,"href":"https:\/\/belacereais.com.br\/en\/wp-json\/wp\/v2\/categories?post=27039"},{"taxonomy":"post_tag","embeddable":true,"href":"https:\/\/belacereais.com.br\/en\/wp-json\/wp\/v2\/tags?post=27039"}],"curies":[{"name":"wp","href":"https:\/\/api.w.org\/{rel}","templated":true}]}}