{"id":27041,"date":"2026-03-18T17:20:51","date_gmt":"2026-03-18T21:20:51","guid":{"rendered":"https:\/\/belacereais.com.br\/2026\/centro-oeste\/famato-aciona-procon-mt-contra-alta-no-diesel-vendido-em-grande-volume-a-produtores-rurais\/"},"modified":"2026-03-18T17:20:51","modified_gmt":"2026-03-18T21:20:51","slug":"famato-aciona-procon-mt-contra-alta-no-diesel-vendido-em-grande-volume-a-produtores-rurais","status":"publish","type":"post","link":"https:\/\/belacereais.com.br\/en\/2026\/centro-oeste\/famato-aciona-procon-mt-contra-alta-no-diesel-vendido-em-grande-volume-a-produtores-rurais\/","title":{"rendered":"Famato aciona Procon-MT contra alta no diesel vendido em grande volume a produtores rurais"},"content":{"rendered":"<p><\/p>\n<div class=\"materia\">\n<p>A Federa\u00e7\u00e3o da Agricultura e Pecu\u00e1ria de Mato Grosso (Famato) protocolou den\u00fancia no Procon-MT para pedir apura\u00e7\u00e3o sobre a alta repentina do \u00f3leo diesel na modalidade TRR (Transportador Revendedor Retalhista), utilizada por produtores rurais em compras de grande volume.<\/p>\n<p>Segundo a entidade, a iniciativa ocorreu ap\u00f3s reclama\u00e7\u00f5es encaminhadas por produtores diante do aumento do combust\u00edvel nas \u00faltimas semanas. Nesta quarta-feira (18), o diretor de Rela\u00e7\u00f5es Institucionais da Famato, Ronaldo Vinha, esteve pessoalmente no Procon-MT para apresentar documenta\u00e7\u00e3o complementar \u00e0 den\u00fancia protocolada no dia 10 de mar\u00e7o.<\/p>\n<p>\u201cEstamos reunindo notas fiscais e outras informa\u00e7\u00f5es apresentadas pelos produtores para colaborar com os \u00f3rg\u00e3os de fiscaliza\u00e7\u00e3o. A expectativa \u00e9 que a investiga\u00e7\u00e3o esclare\u00e7a a origem desses aumentos e assegure equil\u00edbrio nas rela\u00e7\u00f5es de mercado\u201d, afirmou o diretor.<\/p>\n<p>No in\u00edcio de mar\u00e7o, per\u00edodo que coincidiu com o agravamento do cen\u00e1rio internacional, a federa\u00e7\u00e3o passou a reunir notas fiscais apresentadas por produtores para comparar os pre\u00e7os praticados no estado. Em um dos levantamentos, na cidade de Alto Taquari, os documentos indicam forte eleva\u00e7\u00e3o no valor do diesel em curto intervalo.<\/p>\n<div id=\"wzk-formulario-ab185fc0b0\"><\/div>\n<p>  <script async>\n  window.wzkWidgetMundoZeroKM.load(\"ab185fc0b0\", \"#wzk-formulario-ab185fc0b0\", {\n    color: \"#00a99d\",\n    title0km: \"Oferta 0km\",\n    titleForm: \"Preencha seus dados para um Consultor GWM entrar em contato com voc\u00ea!\",\n    isImageMobile: true,\n    fontFamily: '\"Inter\", sans-serif',\n    origin: \"widget-form\",\n    utmSource: \"NO4907\",\n    utmMedium: \"organic\",\n    utmTerm: \"\",\n    utmContent: \"\",\n    utmCampaign: \"ab185fc0b0\",\n    colorBackground: \"\" ,\n    textHeader:\"\",\n    colorSpan: \"\",\n    colorTitle: \"\"\n  });\n  <\/script><\/p>\n<p>Dados do Instituto Mato-grossense de Economia Agropecu\u00e1ria (Imea) apontam que o pre\u00e7o m\u00e9dio do diesel S500 TRR em Mato Grosso saiu de R$ 5,83 por litro para R$ 7,47 por litro em 9 de mar\u00e7o, o que representa alta de 28% no per\u00edodo analisado.<\/p>\n<p>\u201cO aumento do \u00f3leo diesel n\u00e3o atinge apenas o abastecimento das propriedades rurais. Ele provoca um efeito em cadeia sobre toda a opera\u00e7\u00e3o do agro, porque impacta diretamente o plantio, a colheita, o transporte de insumos, o escoamento da produ\u00e7\u00e3o e a movimenta\u00e7\u00e3o entre fazendas, armaz\u00e9ns, ind\u00fastrias e mercados consumidores. Quando h\u00e1 uma alta abrupta, o preju\u00edzo n\u00e3o fica restrito ao produtor, mas alcan\u00e7a toda a cadeia produtiva e log\u00edstica do setor\u201d, afirmou o diretor de Rela\u00e7\u00f5es Institucionais da Famato.<\/p>\n<p>Notas fiscais anexadas ao material mostram, por exemplo, diesel S500 comum a R$ 6,19 por litro em Campo Novo do Parecis, em 3 de mar\u00e7o, e a R$ 7,59 por litro no mesmo munic\u00edpio em 12 de mar\u00e7o. Em Alto Taquari, outro documento fiscal registra a compra de 10 mil litros de \u00f3leo diesel B S10 a R$ 5,58 por litro em 2 de mar\u00e7o, enquanto uma nota de 11 de mar\u00e7o aponta aquisi\u00e7\u00e3o de 8 mil litros a R$ 7,98 por litro, o que indica varia\u00e7\u00e3o superior a 40% no intervalo.<\/p>\n<p>Em resposta preliminar, o Procon-MT informou que j\u00e1 monitora postos da Baixada Cuiabana e est\u00e1 solicitando notas fiscais de compra e venda dos \u00faltimos 30 dias para cruzamento de dados. O \u00f3rg\u00e3o tamb\u00e9m deve identificar e notificar empresas que atuam na modalidade TRR.<\/p>\n<p>A partir da den\u00fancia, a apura\u00e7\u00e3o poder\u00e1 ser ampliada por meio das mais de 50 unidades municipais do \u00f3rg\u00e3o de defesa do consumidor em Mato Grosso, com notifica\u00e7\u00f5es a postos de combust\u00edveis, distribuidoras e fornecedores da modalidade TRR para apresenta\u00e7\u00e3o de notas fiscais de compra e venda no per\u00edodo recente.<\/p>\n<p>O objetivo \u00e9 verificar eventual pr\u00e1tica abusiva, com eleva\u00e7\u00e3o de pre\u00e7o sem justa causa. Al\u00e9m da atua\u00e7\u00e3o junto ao Procon-MT, a Famato tamb\u00e9m avalia acionar o Minist\u00e9rio P\u00fablico de Mato Grosso (MPMT), a Delegacia Especializada de Defesa do Consumidor (Decon), a Secretaria Nacional do Consumidor (Senacon) e o Conselho Administrativo de Defesa Econ\u00f4mica (Cade).<\/p>\n<\/p><\/div>\n<h6><em>THE <strong>Bela Cereais<\/strong> works with the best grains on the market in the Central West Region and also keeps you up to date with the latest news and analyses on agribusiness.<br \/>\nDon&#039;t forget to follow our social networks.<\/em><\/h6>\n<p><a href=\"https:\/\/www.noticiasagricolas.com.br\/noticias\/politica-economia\/417427-famato-aciona-procon-mt-contra-alta-no-diesel-vendido-em-grande-volume-a-produtores-rurais.html?utm_source=parceiros&#038;utm_medium=rss\" target=\"_blank\" rel=\"noopener\">Access News Source <\/a><\/p>","protected":false},"excerpt":{"rendered":"<p>A Federa\u00e7\u00e3o da Agricultura e Pecu\u00e1ria de Mato Grosso (Famato) protocolou den\u00fancia no Procon-MT para&hellip;<\/p>","protected":false},"author":1,"featured_media":27042,"comment_status":"","ping_status":"","sticky":false,"template":"","format":"standard","meta":{"footnotes":""},"categories":[90],"tags":[436,645],"class_list":["post-27041","post","type-post","status-publish","format-standard","has-post-thumbnail","hentry","category-centro-oeste","tag-economia","tag-politica"],"_links":{"self":[{"href":"https:\/\/belacereais.com.br\/en\/wp-json\/wp\/v2\/posts\/27041","targetHints":{"allow":["GET"]}}],"collection":[{"href":"https:\/\/belacereais.com.br\/en\/wp-json\/wp\/v2\/posts"}],"about":[{"href":"https:\/\/belacereais.com.br\/en\/wp-json\/wp\/v2\/types\/post"}],"author":[{"embeddable":true,"href":"https:\/\/belacereais.com.br\/en\/wp-json\/wp\/v2\/users\/1"}],"replies":[{"embeddable":true,"href":"https:\/\/belacereais.com.br\/en\/wp-json\/wp\/v2\/comments?post=27041"}],"version-history":[{"count":0,"href":"https:\/\/belacereais.com.br\/en\/wp-json\/wp\/v2\/posts\/27041\/revisions"}],"wp:featuredmedia":[{"embeddable":true,"href":"https:\/\/belacereais.com.br\/en\/wp-json\/wp\/v2\/media\/27042"}],"wp:attachment":[{"href":"https:\/\/belacereais.com.br\/en\/wp-json\/wp\/v2\/media?parent=27041"}],"wp:term":[{"taxonomy":"category","embeddable":true,"href":"https:\/\/belacereais.com.br\/en\/wp-json\/wp\/v2\/categories?post=27041"},{"taxonomy":"post_tag","embeddable":true,"href":"https:\/\/belacereais.com.br\/en\/wp-json\/wp\/v2\/tags?post=27041"}],"curies":[{"name":"wp","href":"https:\/\/api.w.org\/{rel}","templated":true}]}}