{"id":27180,"date":"2026-04-14T10:09:48","date_gmt":"2026-04-14T14:09:48","guid":{"rendered":"https:\/\/belacereais.com.br\/2026\/safra\/credito-rural-empresarial-atinge-r-404-bilhoes-no-plano-safra-2025-2026\/"},"modified":"2026-04-14T10:09:48","modified_gmt":"2026-04-14T14:09:48","slug":"credito-rural-empresarial-atinge-r-404-bilhoes-no-plano-safra-2025-2026","status":"publish","type":"post","link":"https:\/\/belacereais.com.br\/en\/2026\/safra\/credito-rural-empresarial-atinge-r-404-bilhoes-no-plano-safra-2025-2026\/","title":{"rendered":"Business-related rural credit reaches R$ 404 billion in the 2025\/2026 Harvest Plan."},"content":{"rendered":"<p><\/p>\n<div id=\"mvp-content-main\" class=\"left relative\">\n<p>Business-oriented agricultural credit registered strong performance between July 2025 and March 2026, with a growth of 10% in the total volume of contracted resources, reaching R$ 404 billion. The previous harvest totaled R$ 368 billion in the same period. The data are part of the <a class=\"internal-link\" href=\"https:\/\/www.gov.br\/agricultura\/pt-br\/assuntos\/noticias\/credito-rural-empresarial-atinge-r-404-bilhoes-no-plano-safra-2025-2026\/Boletim_Credito_Rural_julmar2609.04.26.pdf\" target=\"_self\" data-tippreview-enabled=\"false\" title data-tippreview-image data-tippreview-title rel=\"noopener\">Rural Credit Bulletin for the 2025\/2026 Crop Plan<\/a>, prepared by the Department of Agricultural Sector Financing Policy (DEFIN), of the Secretariat of Agricultural Policy, based on data from SICOR\/Central Bank.<\/p>\n<div id=\"attachment_123299\" style=\"width: 310px\" class=\"wp-caption alignright\"><img fetchpriority=\"high\" data-recalc-dims=\"1\" decoding=\"async\" aria-describedby=\"caption-attachment-123299\" data-attachment-id=\"123299\" data-permalink=\"https:\/\/opresenterural.com.br\/renegociacao-do-credito-rural-resguarda-quem-produz-alimento-no-pais\/real-moeda-brasileira-3\/\" data-orig-file=\"https:\/\/i0.wp.com\/opresenterural.com.br\/wp-content\/uploads\/2023\/06\/dinheiro-foto-Marcelo-Casal-Jr-Ag%C3%AAncia-Brasil1.jpg?fit=1170%2C700&amp;ssl=1\" data-orig-size=\"1170,700\" data-comments-opened=\"1\" data-image-meta=\"{&quot;aperture&quot;:&quot;11&quot;,&quot;credit&quot;:&quot;Marcello Casal JrAg\\u00eancia Brasil&quot;,&quot;camera&quot;:&quot;NIKON D4&quot;,&quot;caption&quot;:&quot;Real Moeda brasileira&quot;,&quot;created_timestamp&quot;:&quot;1651235622&quot;,&quot;copyright&quot;:&quot;Agencia Brasil-EBC&quot;,&quot;focal_length&quot;:&quot;55&quot;,&quot;iso&quot;:&quot;1000&quot;,&quot;shutter_speed&quot;:&quot;0.066666666666667&quot;,&quot;title&quot;:&quot;Real Moeda brasileira&quot;,&quot;orientation&quot;:&quot;1&quot;}\" data-image-title=\"Real Moeda brasileira\" data-image-description data-image-caption=\"&lt;p&gt;Foto: Marcelo Casal Jr\/Ag\u00eancia Brasil&lt;\/p&gt;\" data-medium-file=\"https:\/\/i0.wp.com\/opresenterural.com.br\/wp-content\/uploads\/2023\/06\/dinheiro-foto-Marcelo-Casal-Jr-Ag%C3%AAncia-Brasil1.jpg?fit=300%2C179&amp;ssl=1\" data-large-file=\"https:\/\/i0.wp.com\/opresenterural.com.br\/wp-content\/uploads\/2023\/06\/dinheiro-foto-Marcelo-Casal-Jr-Ag%C3%AAncia-Brasil1.jpg?fit=740%2C443&amp;ssl=1\" class=\"size-medium wp-image-123299\" src=\"https:\/\/i0.wp.com\/opresenterural.com.br\/wp-content\/uploads\/2023\/06\/dinheiro-foto-Marcelo-Casal-Jr-Ag%C3%AAncia-Brasil1.jpg?resize=300%2C179&amp;ssl=1\" alt width=\"300\" height=\"179\" srcset=\"https:\/\/i0.wp.com\/opresenterural.com.br\/wp-content\/uploads\/2023\/06\/dinheiro-foto-Marcelo-Casal-Jr-Ag%C3%AAncia-Brasil1.jpg?resize=300%2C179&amp;ssl=1 300w, https:\/\/i0.wp.com\/opresenterural.com.br\/wp-content\/uploads\/2023\/06\/dinheiro-foto-Marcelo-Casal-Jr-Ag%C3%AAncia-Brasil1.jpg?resize=1024%2C613&amp;ssl=1 1024w, https:\/\/i0.wp.com\/opresenterural.com.br\/wp-content\/uploads\/2023\/06\/dinheiro-foto-Marcelo-Casal-Jr-Ag%C3%AAncia-Brasil1.jpg?resize=768%2C459&amp;ssl=1 768w, https:\/\/i0.wp.com\/opresenterural.com.br\/wp-content\/uploads\/2023\/06\/dinheiro-foto-Marcelo-Casal-Jr-Ag%C3%AAncia-Brasil1.jpg?resize=1000%2C600&amp;ssl=1 1000w, https:\/\/i0.wp.com\/opresenterural.com.br\/wp-content\/uploads\/2023\/06\/dinheiro-foto-Marcelo-Casal-Jr-Ag%C3%AAncia-Brasil1.jpg?resize=590%2C354&amp;ssl=1 590w, https:\/\/i0.wp.com\/opresenterural.com.br\/wp-content\/uploads\/2023\/06\/dinheiro-foto-Marcelo-Casal-Jr-Ag%C3%AAncia-Brasil1.jpg?resize=400%2C240&amp;ssl=1 400w, https:\/\/i0.wp.com\/opresenterural.com.br\/wp-content\/uploads\/2023\/06\/dinheiro-foto-Marcelo-Casal-Jr-Ag%C3%AAncia-Brasil1.jpg?resize=600%2C359&amp;ssl=1 600w, https:\/\/i0.wp.com\/opresenterural.com.br\/wp-content\/uploads\/2023\/06\/dinheiro-foto-Marcelo-Casal-Jr-Ag%C3%AAncia-Brasil1.jpg?w=1170&amp;ssl=1 1170w\" sizes=\"(max-width: 300px) 100vw, 300px\"><\/p>\n<p id=\"caption-attachment-123299\" class=\"wp-caption-text\">Photo: Marcelo Casal Jr\/Ag\u00eancia Brasil<\/p>\n<\/div>\n<p>As for the resources actually granted, those operations whose values were released into the rural producer&#039;s account, they totaled R$ 387 billion, an increase of 5% compared to the previous harvest.<\/p>\n<p>The highlight is the issuance of Rural Product Certificates (CPRs) by producers in favor of financial institutions, which increased by 38% during the period, reaching R$ 183.1 billion. As the CPR is mainly aimed at financing the harvest, when this instrument is added to conventional operating credit, the volume of resources made available for this purpose reaches R$ 303.1 billion, 13% above that recorded in the 2024\/2025 harvest. &quot;The growth of 10% in contracts and 5% in concessions demonstrates the solidity of Brazilian agricultural financing, even in a scenario of greater selectivity on the part of producers and the financial system,&quot; emphasizes the Secretariat of Agricultural Policy of the Ministry of Agriculture, Livestock and Supply (MAPA).<\/p>\n<div id=\"attachment_204083\" style=\"width: 310px\" class=\"wp-caption alignleft\"><img data-recalc-dims=\"1\" decoding=\"async\" aria-describedby=\"caption-attachment-204083\" data-attachment-id=\"204083\" data-permalink=\"https:\/\/opresenterural.com.br\/agro-brasileiro-transforma-agricultura-tropical-em-ativo-estrategico-na-agenda-climatica\/silhouetteofcombineharvesteronthefieldatsunset-5\/\" data-orig-file=\"https:\/\/i0.wp.com\/opresenterural.com.br\/wp-content\/uploads\/2026\/02\/shutterstock_1770314780.jpg?fit=1400%2C718&amp;ssl=1\" data-orig-size=\"1400,718\" data-comments-opened=\"0\" data-image-meta=\"{&quot;aperture&quot;:&quot;0&quot;,&quot;credit&quot;:&quot;Shutterstock&quot;,&quot;camera&quot;:&quot;&quot;,&quot;caption&quot;:&quot;&quot;,&quot;created_timestamp&quot;:&quot;0&quot;,&quot;copyright&quot;:&quot;Copyright (c) 2020 Scharfsinn\\\/Shutterstock.  No use without permission.&quot;,&quot;focal_length&quot;:&quot;0&quot;,&quot;iso&quot;:&quot;0&quot;,&quot;shutter_speed&quot;:&quot;0&quot;,&quot;title&quot;:&quot;Silhouette,Of,Combine,Harvester,On,The,Field,At,Sunset.&quot;,&quot;orientation&quot;:&quot;1&quot;}\" data-image-title=\"agro, planta\u00e7\u00e3o\" data-image-description data-image-caption=\"&lt;p&gt;Foto: Shutterstock&lt;\/p&gt;\" data-medium-file=\"https:\/\/i0.wp.com\/opresenterural.com.br\/wp-content\/uploads\/2026\/02\/shutterstock_1770314780.jpg?fit=300%2C154&amp;ssl=1\" data-large-file=\"https:\/\/i0.wp.com\/opresenterural.com.br\/wp-content\/uploads\/2026\/02\/shutterstock_1770314780.jpg?fit=740%2C379&amp;ssl=1\" class=\"size-medium wp-image-204083\" src=\"https:\/\/i0.wp.com\/opresenterural.com.br\/wp-content\/uploads\/2026\/02\/shutterstock_1770314780.jpg?resize=300%2C154&amp;ssl=1\" alt width=\"300\" height=\"154\" srcset=\"https:\/\/i0.wp.com\/opresenterural.com.br\/wp-content\/uploads\/2026\/02\/shutterstock_1770314780.jpg?resize=300%2C154&amp;ssl=1 300w, https:\/\/i0.wp.com\/opresenterural.com.br\/wp-content\/uploads\/2026\/02\/shutterstock_1770314780.jpg?resize=1024%2C525&amp;ssl=1 1024w, https:\/\/i0.wp.com\/opresenterural.com.br\/wp-content\/uploads\/2026\/02\/shutterstock_1770314780.jpg?resize=768%2C394&amp;ssl=1 768w, https:\/\/i0.wp.com\/opresenterural.com.br\/wp-content\/uploads\/2026\/02\/shutterstock_1770314780.jpg?resize=600%2C308&amp;ssl=1 600w, https:\/\/i0.wp.com\/opresenterural.com.br\/wp-content\/uploads\/2026\/02\/shutterstock_1770314780.jpg?w=1400&amp;ssl=1 1400w\" sizes=\"(max-width: 300px) 100vw, 300px\"><\/p>\n<p id=\"caption-attachment-204083\" class=\"wp-caption-text\">Photo: Shutterstock<\/p>\n<\/div>\n<p><strong>Performance by purpose<\/strong><\/p>\n<p>Analysis by type reveals distinct behaviors among the credit lines. Industrialization registered the highest proportional growth: an increase of 74% in contracts (R$ 28.1 billion) and 64% in concessions (R$ 26.4 billion), reflecting greater demand for financing for agro-industrial processing.<\/p>\n<p>On the other hand, traditional lines of credit for operating expenses and investment showed a contraction. Operating expenses fell by 111% in new contracts (R$120.0 billion) and by 15% in concessions (R$114.3 billion). Investment credit decreased by 16% in new contracts (R$45.5 billion) and by 3% in concessions (R$37.6 billion). Commercialization also registered declines: -1% in new contracts (R$27.2 billion) and -1% in concessions (R$25.5 billion).<\/p>\n<p>The report indicates that the decline in investment reflects the sector&#039;s caution in the face of current interest rates, in a context of expectations of a Selic rate drop of around 2 percentage points by the end of 2026.<\/p>\n<p>Among the main programs, Prodecoop was the only one to register growth (+20%), with R$900 million granted. The others showed a decrease, however in<\/p>\n<div id=\"attachment_183583\" style=\"width: 310px\" class=\"wp-caption alignright\"><img loading=\"lazy\" data-recalc-dims=\"1\" decoding=\"async\" aria-describedby=\"caption-attachment-183583\" data-attachment-id=\"183583\" data-permalink=\"https:\/\/opresenterural.com.br\/vazio-sanitario-da-soja-inicia-no-norte-noroeste-centro-oeste-e-oeste-do-parana\/pulverizacao-de-soja-foto-gilson-abreu-aen-5\/\" data-orig-file=\"https:\/\/i0.wp.com\/opresenterural.com.br\/wp-content\/uploads\/2025\/06\/soja_pulverizacao-lavoura-Foto-Gilson-Abreu.jpg?fit=1400%2C933&amp;ssl=1\" data-orig-size=\"1400,933\" data-comments-opened=\"0\" data-image-meta=\"{&quot;aperture&quot;:&quot;6.3&quot;,&quot;credit&quot;:&quot;Gilson Abreu\\\/AEN&quot;,&quot;camera&quot;:&quot;Canon EOS-1D Mark IV&quot;,&quot;caption&quot;:&quot;Pulveriza\\u00e7\\u00e3o de soja. Foto: Gilson Abreu\\\/AEN&quot;,&quot;created_timestamp&quot;:&quot;1339412053&quot;,&quot;copyright&quot;:&quot;&quot;,&quot;focal_length&quot;:&quot;35&quot;,&quot;iso&quot;:&quot;400&quot;,&quot;shutter_speed&quot;:&quot;0.001&quot;,&quot;title&quot;:&quot;Pulveriza\\u00e7\\u00e3o de soja. Foto: Gilson Abreu\\\/AEN&quot;,&quot;orientation&quot;:&quot;1&quot;}\" data-image-title=\"Pulveriza\u00e7\u00e3o de soja. Foto: Gilson Abreu\/AEN\" data-image-description data-image-caption =\"&lt;p&gt;Foto: Gilson Abreu&lt;\/p&gt;\" data-medium-file=\"https:\/\/i0.wp.com\/opresenterural.com.br\/wp-content\/uploads\/2025\/06\/soja_pulverizacao-lavoura-Foto-Gilson-Abreu.jpg?fit=300%2C200&amp;ssl=1\" data-large-file=\"https:\/\/i0.wp.com\/opresenterural.com.br\/wp-content\/uploads\/2025\/06\/soja_pulverizacao-lavoura-Foto-Gilson-Abreu.jpg?fit=740%2C493&amp;ssl=1\" class=\"size-medium wp-image-183583\" src=\"https:\/\/i0.wp.com\/opresenterural.com.br\/wp-content\/uploads\/2025\/06\/soja_pulverizacao-lavoura-Foto-Gilson-Abreu.jpg?resize=300%2C200&amp;ssl=1\" alt width =\"300\" height=\"200\" srcset=\"https:\/\/i0.wp.com\/opresenterural.com.br\/wp-content\/uploads\/2025\/06\/soja_pulverizacao-lavoura-Foto-Gilson-Abreu.jpg?resize=300%2C200&amp;ssl=1 300w, https:\/\/i0.wp.com\/opresenterural.com.br\/wp-content\/uploads\/2025\/06\/soja_pulverizacao-lavoura-Foto-Gilson-Abreu.jpg?resize=1024%2C682&amp;ssl=1 1024w, https:\/\/i0.wp.com\/opresenterural.com.br\/wp-content\/uploads\/2025\/06\/soja_pulverizacao-lavoura-Foto-Gilson-Abreu.jpg?resize=768%2C512&amp;ssl=1 768w, https:\/\/i0.wp.com\/opresenterural.com.br\/wp-content\/uploads\/2025\/06\/soja_pulverizacao-lavoura-Foto-Gilson-Abreu.jpg?resize=600%2C400&amp;ssl=1 600w, https:\/\/i0.wp.com\/opresenterural.com.br\/wp-content\/uploads\/2025\/06\/soja_pulverizacao-lavoura-Foto-Gilson-Abreu.jpg?w=1400&amp;ssl=1 1400w\" sizes=\"auto, (max-width: 300px) 100vw, 300px\"><\/p>\n<p id=\"caption-attachment-183583\" class=\"wp-caption-text\">Photo: Gilson Abreu<\/p>\n<\/div>\n<p>lower percentages than those observed last month.<\/p>\n<p>The total number of contracts signed during the period decreased by 24%, from 534,351 to 408,353 transactions. By segment, Pronamp registered 156,485 contracts, while other producers totaled 127,615 contracts. Transactions linked to CPR totaled 125,310 contracts.<\/p>\n<p>In terms of regional breakdown, the South region maintains its lead in the number of transactions, while the Southeast leads in terms of value.<\/p>\n<p><strong>Sources of resources<\/strong><\/p>\n<p>Controlled sources of rural credit totaled R$106.5 billion in disbursements, a decrease of R$71. Among the main sources, Mandatory Resources grew by R$19, totaling R$42.8 billion. Controlled Agribusiness Credit Notes (LCAs) showed significant growth of R$3.56, reaching R$26.9 billion. Controlled Rural Savings totaled R$7.5 billion in disbursed resources, and Constitutional Funds totaled R$14.5 billion.<\/p>\n<div id=\"attachment_175852\" style=\"width: 310px\" class=\"wp-caption alignleft\"><img loading=\"lazy\" data-recalc-dims=\"1\" decoding=\"async\" aria-describedby=\"caption-attachment-175852\" data-attachment-id=\"175852\" data-permalink=\"https:\/\/opresenterural.com.br\/boas-praticas-agricolas-geram-sustentabilidade-e-novas-oportunidades-no-campo\/freshgreensproutsofmaizeinspringonthefield-2\/\" data-orig-file=\"https:\/\/i0.wp.com\/opresenterural.com.br\/wp-content\/uploads\/2025\/03\/shutterstock_2049523082.jpg?fit=1400%2C933&amp;ssl=1\" data-orig-size=\"1400,933\" data-comments-opened=\"0\" data-image-meta=\"{&quot;aperture&quot;:&quot;0&quot;,&quot;credit&quot;:&quot;Shutterstock&quot;,&quot;camera&quot;:&quot;&quot;,&quot;caption&quot;:&quot;Fresh green sprouts of maize in spring on the field, soft focus. Growing young green corn seedling sprouts in cultivated agricultural farm field. Agricultural scene with corn's sprouts in soil.&quot;,&quot;created_timestamp&quot;:&quot;0&quot;,&quot;copyright&quot;:&quot;Copyright (c) 2021 Volodymyr_Shtun\\\/Shutterstock.  No use without permission.&quot;,&quot;focal_length&quot;:&quot;0&quot;,&quot;iso&quot;:&quot;0&quot;,&quot;shutter_speed&quot;:&quot;0&quot;,&quot;title&quot;:&quot;Fresh,Green,Sprouts,Of,Maize,In,Spring,On,The,Field,&quot;,&quot;orientation&quot;:&quot;1&quot;}\" data-image-title=\"lavoura de milho\" data-image-description data-image-caption =\"&lt;p&gt;Foto: Shutterstock&lt;\/p&gt;\" data-medium-file=\"https:\/\/i0.wp.com\/opresenterural.com.br\/wp-content\/uploads\/2025\/03\/shutterstock_2049523082.jpg?fit=300%2C200&amp;ssl=1\" data-large-file=\"https:\/\/i0.wp.com\/opresenterural.com.br\/wp-content\/uploads\/2025\/03\/shutterstock_2049523082.jpg?fit=740%2C493&amp;ssl=1\" class=\"size-medium wp-image-175852\" src=\"https:\/\/i0.wp.com\/opresenterural.com.br\/wp-content\/uploads\/2025\/03\/shutterstock_2049523082.jpg?resize=300%2C200&amp;ssl=1\" alt width =\"300\" height=\"200\" srcset=\"https:\/\/i0.wp.com\/opresenterural.com.br\/wp-content\/uploads\/2025\/03\/shutterstock_2049523082.jpg?resize=300%2C200&amp;ssl=1 300w, https:\/\/i0.wp.com\/opresenterural.com.br\/wp-content\/uploads\/2025\/03\/shutterstock_2049523082.jpg?resize=1024%2C682&amp;ssl=1 1024w, https:\/\/i0.wp.com\/opresenterural.com.br\/wp-content\/uploads\/2025\/03\/shutterstock_2049523082.jpg?resize=768%2C512&amp;ssl=1 768w, https:\/\/i0.wp.com\/opresenterural.com.br\/wp-content\/uploads\/2025\/03\/shutterstock_2049523082.jpg?resize=600%2C400&amp;ssl=1 600w, https:\/\/i0.wp.com\/opresenterural.com.br\/wp-content\/uploads\/2025\/03\/shutterstock_2049523082.jpg?w=1400&amp;ssl=1 1400w\" sizes=\"auto, (max-width: 300px) 100vw, 300px\"><\/p>\n<p id=\"caption-attachment-175852\" class=\"wp-caption-text\">Photo: Shutterstock<\/p>\n<\/div>\n<p>Uncontrolled sources reached R$ 97.3 billion. LCA, with R$ 47.8 billion, and Free Rural Savings, with R$ 44.4 billion and growth of 39%, are the highlights. BNDES Free decreased by 11%, totaling R$ 4.4 billion.<\/p>\n<p><strong>Implementation of the Harvest Plan<\/strong><\/p>\n<p>By March 2026, of the total R$ 113.4 billion in equalizable resources programmed for the 2025\/2026 Harvest Plan, R$ 43.4 billion had been granted, representing 38% of the execution, with a balance of 62% still to be contracted.<\/p>\n<p>For operating expenses, R$ 24.7 billion of the R$ 63.0 billion programmed was granted (39% executed). For investment, R$ 18.4 billion was granted out of the R$ 49.5 billion planned (37% executed). For marketing, R$ 307 million of the R$ 845 million programmed was applied (36% executed).<\/p>\n<p>Banco do Brasil leads the execution, with R$ 7.1 billion in operating expenses (34% of the programmed amount) and R$ 7.0 billion in investment (39%). The Brazilian Financial Cooperative System (Sicoob) executed 59% of its programmed operating expense volume (R$ 5.6 billion), and the Cresol System completed 100% of the targets foreseen in this modality. In the investment segment, Sicoob executed 69% of the programmed amount.<\/p>\n<p>There is also R$ 21.7 billion in credit already contracted but not yet granted, of which R$ 10.8 billion refers to financing not linked to any program.<\/p>\n<div id=\"attachment_165926\" style=\"width: 310px\" class=\"wp-caption alignright\"><img loading=\"lazy\" data-recalc-dims=\"1\" decoding=\"async\" aria-describedby=\"caption-attachment-165926\" data-attachment-id=\"165926\" data-permalink=\"https:\/\/opresenterural.com.br\/ranking-paulista-2024-muda-premiacao-e-destina-r-5-milhoes-aos-municipios\/lavoura-com-maquinario-foto-divulgacao-2\/\" data-orig-file=\"https:\/\/i0.wp.com\/opresenterural.com.br\/wp-content\/uploads\/2024\/12\/lavoura-com-maquin%C3%A1rio-foto-divulga%C3%A7%C3%A3o-1.jpg?fit=1263%2C840&amp;ssl=1\" data-orig-size=\"1263,840\" data-comments-opened=\"0\" data-image-meta=\"{&quot;aperture&quot;:&quot;0&quot;,&quot;credit&quot;:&quot;&quot;,&quot;camera&quot;:&quot;&quot;,&quot;caption&quot;:&quot;&quot;,&quot;created_timestamp&quot;:&quot;0&quot;,&quot;copyright&quot;:&quot;&quot;,&quot;focal_length&quot;:&quot;0&quot;,&quot;iso&quot;:&quot;0&quot;,&quot;shutter_speed&quot;:&quot;0&quot;,&quot;title&quot;:&quot;&quot;,&quot;orientation&quot;:&quot;0&quot;}\" data-image-title=\"lavoura com maquin\u00e1rio foto divulga\u00e7\u00e3o\" data-image-description data-image-caption =\"&lt;p&gt;Foto: Divulga\u00e7\u00e3o\/Arquivo OPR&lt;\/p&gt;\" data-medium-file=\"https:\/\/i0.wp.com\/opresenterural.com.br\/wp-content\/uploads\/2024\/12\/lavoura-com-maquin%C3%A1rio-foto-divulga%C3%A7%C3%A3o-1.jpg?fit=300%2C200&amp;ssl=1\" data-large-file=\"https:\/\/i0.wp.com\/opresenterural.com.br\/wp-content\/uploads\/2024\/12\/lavoura-com-maquin%C3%A1rio-foto-divulga%C3%A7%C3%A3o-1.jpg?fit=740%2C492&amp;ssl=1\" class=\"size-medium wp-image-165926\" src=\"https:\/\/i0.wp.com\/opresenterural.com.br\/wp-content\/uploads\/2024\/12\/lavoura-com-maquin%C3%A1rio-foto-divulga%C3%A7%C3%A3o-1.jpg?resize=300%2C200&amp;ssl=1\" alt width =\"300\" height=\"200\" srcset=\"https:\/\/i0.wp.com\/opresenterural.com.br\/wp-content\/uploads\/2024\/12\/lavoura-com-maquin%C3%A1rio-foto-divulga%C3%A7%C3%A3o-1.jpg?resize=300%2C200&amp;ssl=1 300w, https:\/\/i0.wp.com\/opresenterural.com.br\/wp-content\/uploads\/2024\/12\/lavoura-com-maquin%C3%A1rio-foto-divulga%C3%A7%C3%A3o-1.jpg?resize=1024%2C681&amp;ssl=1 1024w, https:\/\/i0.wp.com\/opresenterural.com.br\/wp-content\/uploads\/2024\/12\/lavoura-com-maquin%C3%A1rio-foto-divulga%C3%A7%C3%A3o-1.jpg?resize=768%2C511&amp;ssl=1 768w, https:\/\/i0.wp.com\/opresenterural.com.br\/wp-content\/uploads\/2024\/12\/lavoura-com-maquin%C3%A1rio-foto-divulga%C3%A7%C3%A3o-1.jpg?resize=600%2C399&amp;ssl=1 600w, https:\/\/i0.wp.com\/opresenterural.com.br\/wp-content\/uploads\/2024\/12\/lavoura-com-maquin%C3%A1rio-foto-divulga%C3%A7%C3%A3o-1.jpg?w=1263&amp;ssl=1 1263w\" sizes=\"auto, (max-width: 300px) 100vw, 300px\"><\/p>\n<p id=\"caption-attachment-165926\" class=\"wp-caption-text\">Photo: Disclosure\/OPR Archive<\/p>\n<\/div>\n<p>Specifically, R$ 2.2 billion to Pronamp, R$ 0.9 billion to PCA, and R$ 0.6 billion each to Funcaf\u00e9 and Moderfrota.<\/p>\n<p><strong>Perspectives<\/strong><\/p>\n<p>\u201cThe Rural Credit Bulletin from July 2025 to March 2026 reveals an agricultural sector that maintains its growth trajectory in the overall volume of resources, with emphasis on the expansion of CPRs (Rural Product Certificates) and industrialization. At the same time, the contraction in conventional investment and operating lines signals greater selectivity on the part of producers, associated with the high interest rate environment,\u201d explained the SPA (Secretariat of Agriculture, Livestock and Supply).<\/p>\n<p>The data also points to significant growth potential until the end of the Plano Safra (agricultural plan), with 62% of the equalizable resources still available for contracting in the coming months.<\/p>\n<\/div>\n<h6><em>THE <strong>Bela Cereais<\/strong> works with the best grains on the market and also keeps you up to date with the latest news and analyses on agribusiness.<br \/>\nDon&#039;t forget to follow our social networks.<\/em><\/h6>\n<p><a href=\"https:\/\/opresenterural.com.br\/credito-rural-empresarial-atinge-r-404-bilhoes-no-plano-safra-2025-2026\/\" target=\"_blank\" rel=\"noopener\">Access News Source <\/a><\/p>","protected":false},"excerpt":{"rendered":"<p>O cr\u00e9dito rural empresarial registrou desempenho expressivo entre julho de 2025 e mar\u00e7o de 2026,&hellip;<\/p>","protected":false},"author":1,"featured_media":27181,"comment_status":"","ping_status":"","sticky":false,"template":"","format":"standard","meta":{"footnotes":""},"categories":[258],"tags":[],"class_list":["post-27180","post","type-post","status-publish","format-standard","has-post-thumbnail","hentry","category-safra"],"_links":{"self":[{"href":"https:\/\/belacereais.com.br\/en\/wp-json\/wp\/v2\/posts\/27180","targetHints":{"allow":["GET"]}}],"collection":[{"href":"https:\/\/belacereais.com.br\/en\/wp-json\/wp\/v2\/posts"}],"about":[{"href":"https:\/\/belacereais.com.br\/en\/wp-json\/wp\/v2\/types\/post"}],"author":[{"embeddable":true,"href":"https:\/\/belacereais.com.br\/en\/wp-json\/wp\/v2\/users\/1"}],"replies":[{"embeddable":true,"href":"https:\/\/belacereais.com.br\/en\/wp-json\/wp\/v2\/comments?post=27180"}],"version-history":[{"count":0,"href":"https:\/\/belacereais.com.br\/en\/wp-json\/wp\/v2\/posts\/27180\/revisions"}],"wp:featuredmedia":[{"embeddable":true,"href":"https:\/\/belacereais.com.br\/en\/wp-json\/wp\/v2\/media\/27181"}],"wp:attachment":[{"href":"https:\/\/belacereais.com.br\/en\/wp-json\/wp\/v2\/media?parent=27180"}],"wp:term":[{"taxonomy":"category","embeddable":true,"href":"https:\/\/belacereais.com.br\/en\/wp-json\/wp\/v2\/categories?post=27180"},{"taxonomy":"post_tag","embeddable":true,"href":"https:\/\/belacereais.com.br\/en\/wp-json\/wp\/v2\/tags?post=27180"}],"curies":[{"name":"wp","href":"https:\/\/api.w.org\/{rel}","templated":true}]}}