{"id":27262,"date":"2026-04-27T08:11:00","date_gmt":"2026-04-27T12:11:00","guid":{"rendered":"https:\/\/belacereais.com.br\/2026\/milho\/irregularidade-das-chuvas-coloca-desenvolvimento-do-milho-em-risco\/"},"modified":"2026-04-27T08:11:00","modified_gmt":"2026-04-27T12:11:00","slug":"irregularidade-das-chuvas-coloca-desenvolvimento-do-milho-em-risco","status":"publish","type":"post","link":"https:\/\/belacereais.com.br\/en\/2026\/milho\/irregularidade-das-chuvas-coloca-desenvolvimento-do-milho-em-risco\/","title":{"rendered":"Irregularidade das chuvas coloca desenvolvimento do milho em risco"},"content":{"rendered":"<p><\/p>\n<div id=\"mvp-content-main\" class=\"left relative\">\n<p>A colheita da safra ver\u00e3o do milho est\u00e1 na reta final e a semeadura da segunda safra est\u00e1 praticamente finalizada. Assim, agentes do setor consultados pelo Cepea voltam as aten\u00e7\u00f5es ao clima quente e seco e aos poss\u00edveis impactos desse cen\u00e1rio sobre o desenvolvimento destas lavouras.<\/p>\n<p>Segundo pesquisadores do Cepea, at\u00e9 o momento, a produ\u00e7\u00e3o da segunda safra 2025\/26 segue estimada para ser levemente inferior \u00e0 temporada 2024\/25, mas ainda ser\u00e1 elevada.<\/p>\n<div id=\"attachment_203788\" style=\"width: 310px\" class=\"wp-caption alignleft\"><img fetchpriority=\"high\" data-recalc-dims=\"1\" decoding=\"async\" aria-describedby=\"caption-attachment-203788\" data-attachment-id=\"203788\" data-permalink=\"https:\/\/opresenterural.com.br\/rio-grande-do-sul-ja-colheu-50-do-milho-e-define-sede-da-abertura-nacional-de-2027\/agricultura-milho-04-1\/\" data-orig-file=\"https:\/\/i0.wp.com\/opresenterural.com.br\/wp-content\/uploads\/2026\/02\/agricultura-milho-04-1.jpg?fit=1400%2C930&amp;ssl=1\" data-orig-size=\"1400,930\" data-comments-opened=\"0\" data-image-meta=\"{&quot;aperture&quot;:&quot;16&quot;,&quot;credit&quot;:&quot;&quot;,&quot;camera&quot;:&quot;NIKON D90&quot;,&quot;caption&quot;:&quot;&quot;,&quot;created_timestamp&quot;:&quot;1323355538&quot;,&quot;copyright&quot;:&quot;&quot;,&quot;focal_length&quot;:&quot;18&quot;,&quot;iso&quot;:&quot;400&quot;,&quot;shutter_speed&quot;:&quot;0.01&quot;,&quot;title&quot;:&quot;&quot;,&quot;orientation&quot;:&quot;1&quot;}\" data-image-title=\"milho, clima, chuva\" data-image-description data-image-caption=\"&lt;p&gt;Foto: Fernando Dias\/Seapi &lt;\/p&gt;\" data-medium-file=\"https:\/\/i0.wp.com\/opresenterural.com.br\/wp-content\/uploads\/2026\/02\/agricultura-milho-04-1.jpg?fit=300%2C199&amp;ssl=1\" data-large-file=\"https:\/\/i0.wp.com\/opresenterural.com.br\/wp-content\/uploads\/2026\/02\/agricultura-milho-04-1.jpg?fit=740%2C491&amp;ssl=1\" class=\"size-medium wp-image-203788\" src=\"https:\/\/i0.wp.com\/opresenterural.com.br\/wp-content\/uploads\/2026\/02\/agricultura-milho-04-1.jpg?resize=300%2C199&amp;ssl=1\" alt width=\"300\" height=\"199\" srcset=\"https:\/\/i0.wp.com\/opresenterural.com.br\/wp-content\/uploads\/2026\/02\/agricultura-milho-04-1.jpg?resize=300%2C199&amp;ssl=1 300w, https:\/\/i0.wp.com\/opresenterural.com.br\/wp-content\/uploads\/2026\/02\/agricultura-milho-04-1.jpg?resize=1024%2C680&amp;ssl=1 1024w, https:\/\/i0.wp.com\/opresenterural.com.br\/wp-content\/uploads\/2026\/02\/agricultura-milho-04-1.jpg?resize=768%2C510&amp;ssl=1 768w, https:\/\/i0.wp.com\/opresenterural.com.br\/wp-content\/uploads\/2026\/02\/agricultura-milho-04-1.jpg?resize=600%2C399&amp;ssl=1 600w, https:\/\/i0.wp.com\/opresenterural.com.br\/wp-content\/uploads\/2026\/02\/agricultura-milho-04-1.jpg?w=1400&amp;ssl=1 1400w\" sizes=\"(max-width: 300px) 100vw, 300px\"><\/p>\n<p id=\"caption-attachment-203788\" class=\"wp-caption-text\">Foto: Fernando Dias\/Seapi<\/p>\n<\/div>\n<p>Entretanto, a irregularidade das chuvas nos \u00faltimos dias e a previs\u00e3o de volume ainda pequeno, al\u00e9m das altas temperaturas em parte de Goi\u00e1s, Mato Grosso do Sul, Mato Grosso e Paran\u00e1, deixam produtores em alerta.<\/p>\n<p>No spot, as negocia\u00e7\u00f5es envolvendo o milho ainda seguem limitadas, devido \u00e0 demanda enfraquecida, consumidores priorizam o uso dos estoques e adquirem novos lotes apenas de forma pontual, apontam pesquisadores do Cepea.<\/p>\n<p>Compradores tamb\u00e9m est\u00e3o de olho nos bons volumes dos estoques de passagem da temporada 2024\/25 e na maior colheita da safra ver\u00e3o 2025\/26 e, com isso, mant\u00eam expectativas de pre\u00e7os menores nas pr\u00f3ximas semanas. Muitos vendedores, contudo, voltaram a limitar o volume no spot, \u00e0 espera de rea\u00e7\u00e3o nos valores, fundamentados nas atuais especula\u00e7\u00f5es clim\u00e1ticas.<\/p>\n<\/div>\n<h6><em>THE <strong>Bela Cereais<\/strong> works with the best grains on the market and also keeps you up to date with the latest news and analyses on agribusiness.<br \/>\nDon&#039;t forget to follow our social networks.<\/em><\/h6>\n<p><a href=\"https:\/\/opresenterural.com.br\/irregularidade-das-chuvas-coloca-desenvolvimento-do-milho-em-risco\/\" target=\"_blank\" rel=\"noopener\">Access News Source <\/a><\/p>","protected":false},"excerpt":{"rendered":"<p>A colheita da safra ver\u00e3o do milho est\u00e1 na reta final e a semeadura da&hellip;<\/p>","protected":false},"author":1,"featured_media":27263,"comment_status":"","ping_status":"","sticky":false,"template":"","format":"standard","meta":{"footnotes":""},"categories":[223],"tags":[],"class_list":["post-27262","post","type-post","status-publish","format-standard","has-post-thumbnail","hentry","category-milho"],"_links":{"self":[{"href":"https:\/\/belacereais.com.br\/en\/wp-json\/wp\/v2\/posts\/27262","targetHints":{"allow":["GET"]}}],"collection":[{"href":"https:\/\/belacereais.com.br\/en\/wp-json\/wp\/v2\/posts"}],"about":[{"href":"https:\/\/belacereais.com.br\/en\/wp-json\/wp\/v2\/types\/post"}],"author":[{"embeddable":true,"href":"https:\/\/belacereais.com.br\/en\/wp-json\/wp\/v2\/users\/1"}],"replies":[{"embeddable":true,"href":"https:\/\/belacereais.com.br\/en\/wp-json\/wp\/v2\/comments?post=27262"}],"version-history":[{"count":0,"href":"https:\/\/belacereais.com.br\/en\/wp-json\/wp\/v2\/posts\/27262\/revisions"}],"wp:featuredmedia":[{"embeddable":true,"href":"https:\/\/belacereais.com.br\/en\/wp-json\/wp\/v2\/media\/27263"}],"wp:attachment":[{"href":"https:\/\/belacereais.com.br\/en\/wp-json\/wp\/v2\/media?parent=27262"}],"wp:term":[{"taxonomy":"category","embeddable":true,"href":"https:\/\/belacereais.com.br\/en\/wp-json\/wp\/v2\/categories?post=27262"},{"taxonomy":"post_tag","embeddable":true,"href":"https:\/\/belacereais.com.br\/en\/wp-json\/wp\/v2\/tags?post=27262"}],"curies":[{"name":"wp","href":"https:\/\/api.w.org\/{rel}","templated":true}]}}