{"id":27264,"date":"2026-04-27T09:19:50","date_gmt":"2026-04-27T13:19:50","guid":{"rendered":"https:\/\/belacereais.com.br\/2026\/centro-oeste\/avicultura-de-mato-grosso-do-sul-cresce-697-no-abate-no-inicio-de-2026\/"},"modified":"2026-04-27T09:19:50","modified_gmt":"2026-04-27T13:19:50","slug":"avicultura-de-mato-grosso-do-sul-cresce-697-no-abate-no-inicio-de-2026","status":"publish","type":"post","link":"https:\/\/belacereais.com.br\/en\/2026\/centro-oeste\/avicultura-de-mato-grosso-do-sul-cresce-697-no-abate-no-inicio-de-2026\/","title":{"rendered":"Avicultura de Mato Grosso do Sul cresce 6,97% no abate no in\u00edcio de 2026"},"content":{"rendered":"<p><\/p>\n<div id=\"mvp-content-main\" class=\"left relative\">\n<p data-start=\"309\" data-end=\"516\">A avicultura de Mato Grosso do Sul come\u00e7ou 2026 mantendo trajet\u00f3ria de expans\u00e3o, com crescimento no abate de frangos e melhora no desempenho das exporta\u00e7\u00f5es, mesmo diante de leve redu\u00e7\u00e3o no volume embarcado.<\/p>\n<p><img fetchpriority=\"high\" data-recalc-dims=\"1\" decoding=\"async\" data-attachment-id=\"195978\" data-permalink=\"https:\/\/opresenterural.com.br\/retomada-das-exportacoes-de-frango-para-a-malasia-tera-reflexo-positivo-no-parana\/foto-jonathan-campos\/\" data-orig-file=\"https:\/\/i0.wp.com\/opresenterural.com.br\/wp-content\/uploads\/2025\/10\/Foto-Jonathan-Campos.jpg?fit=1400%2C933&amp;ssl=1\" data-orig-size=\"1400,933\" data-comments-opened=\"0\" data-image-meta=\"{&quot;aperture&quot;:&quot;4&quot;,&quot;credit&quot;:&quot;&quot;,&quot;camera&quot;:&quot;Canon EOS 5D Mark III&quot;,&quot;caption&quot;:&quot;Palotina - 10-10-2020 - Cooperativa C Vale - Industria de Aves e Tilapia  - Foto : Jonathan Campos \\\/ AEN&quot;,&quot;created_timestamp&quot;:&quot;1603191108&quot;,&quot;copyright&quot;:&quot;&quot;,&quot;focal_length&quot;:&quot;17&quot;,&quot;iso&quot;:&quot;2000&quot;,&quot;shutter_speed&quot;:&quot;0.0025&quot;,&quot;title&quot;:&quot;&quot;,&quot;orientation&quot;:&quot;1&quot;}\" data-image-title=\"carne de frango avicultura Foto Jonathan Campos\" data-image-description data-image-caption=\"&lt;p&gt;Palotina \u2013 10-10-2020 \u2013 Cooperativa C Vale \u2013 Industria de Aves e Tilapia  \u2013 Foto : Jonathan Campos \/ AEN&lt;\/p&gt;\" data-medium-file=\"https:\/\/i0.wp.com\/opresenterural.com.br\/wp-content\/uploads\/2025\/10\/Foto-Jonathan-Campos.jpg?fit=300%2C200&amp;ssl=1\" data-large-file=\"https:\/\/i0.wp.com\/opresenterural.com.br\/wp-content\/uploads\/2025\/10\/Foto-Jonathan-Campos.jpg?fit=740%2C493&amp;ssl=1\" class=\"size-medium wp-image-195978 alignleft\" src=\"https:\/\/i0.wp.com\/opresenterural.com.br\/wp-content\/uploads\/2025\/10\/Foto-Jonathan-Campos.jpg?resize=300%2C200&amp;ssl=1\" alt width=\"300\" height=\"200\" srcset=\"https:\/\/i0.wp.com\/opresenterural.com.br\/wp-content\/uploads\/2025\/10\/Foto-Jonathan-Campos.jpg?resize=300%2C200&amp;ssl=1 300w, https:\/\/i0.wp.com\/opresenterural.com.br\/wp-content\/uploads\/2025\/10\/Foto-Jonathan-Campos.jpg?resize=1024%2C682&amp;ssl=1 1024w, https:\/\/i0.wp.com\/opresenterural.com.br\/wp-content\/uploads\/2025\/10\/Foto-Jonathan-Campos.jpg?resize=768%2C512&amp;ssl=1 768w, https:\/\/i0.wp.com\/opresenterural.com.br\/wp-content\/uploads\/2025\/10\/Foto-Jonathan-Campos.jpg?resize=600%2C400&amp;ssl=1 600w, https:\/\/i0.wp.com\/opresenterural.com.br\/wp-content\/uploads\/2025\/10\/Foto-Jonathan-Campos.jpg?w=1400&amp;ssl=1 1400w\" sizes=\"(max-width: 300px) 100vw, 300px\"><\/p>\n<p data-start=\"518\" data-end=\"822\">Dados do boletim Casa Rural Avicultura, da Famasul, mostram que o Estado abateu 30,6 milh\u00f5es de frangos no primeiro bimestre do ano, alta de 6,97% em rela\u00e7\u00e3o ao mesmo per\u00edodo de 2025. O resultado refor\u00e7a a continuidade do avan\u00e7o da atividade dentro da cadeia de prote\u00ednas animais no agroneg\u00f3cio estadual.<\/p>\n<p data-start=\"824\" data-end=\"1100\">No com\u00e9rcio exterior, foram exportadas cerca de 28 mil toneladas de carne de frango no per\u00edodo, com receita de US$ 62,8 milh\u00f5es. Apesar da pequena queda no volume enviado ao exterior, o faturamento cresceu 9,1%, sustentado pela valoriza\u00e7\u00e3o do produto no mercado internacional.<\/p>\n<p data-start=\"1102\" data-end=\"1317\">O desempenho das exporta\u00e7\u00f5es est\u00e1 associado \u00e0 demanda firme de mercados estrat\u00e9gicos para o Brasil, com destaque para China e Jap\u00e3o, que permanecem entre os principais destinos da carne de frango sul-mato-grossense.<\/p>\n<div id=\"attachment_201372\" style=\"width: 310px\" class=\"wp-caption alignright\"><img data-recalc-dims=\"1\" decoding=\"async\" aria-describedby=\"caption-attachment-201372\" data-attachment-id=\"201372\" data-permalink=\"https:\/\/opresenterural.com.br\/rio-grande-do-sul-segue-entre-os-principais-exportadores-nacionais-de-carne-de-frango\/shutterstock_511260697-14\/\" data-orig-file=\"https:\/\/i0.wp.com\/opresenterural.com.br\/wp-content\/uploads\/2026\/01\/shutterstock_511260697.jpg?fit=1400%2C932&amp;ssl=1\" data-orig-size=\"1400,932\" data-comments-opened=\"0\" data-image-meta=\"{&quot;aperture&quot;:&quot;0&quot;,&quot;credit&quot;:&quot;&quot;,&quot;camera&quot;:&quot;&quot;,&quot;caption&quot;:&quot;&quot;,&quot;created_timestamp&quot;:&quot;0&quot;,&quot;copyright&quot;:&quot;&quot;,&quot;focal_length&quot;:&quot;0&quot;,&quot;iso&quot;:&quot;0&quot;,&quot;shutter_speed&quot;:&quot;0&quot;,&quot;title&quot;:&quot;&quot;,&quot;orientation&quot;:&quot;1&quot;}\" data-image-title=\"carne de frango\" data-image-description data-image-caption=\"&lt;p&gt;Foto: Shutterstock&lt;\/p&gt;\" data-medium-file=\"https:\/\/i0.wp.com\/opresenterural.com.br\/wp-content\/uploads\/2026\/01\/shutterstock_511260697.jpg?fit=300%2C200&amp;ssl=1\" data-large-file=\"https:\/\/i0.wp.com\/opresenterural.com.br\/wp-content\/uploads\/2026\/01\/shutterstock_511260697.jpg?fit=740%2C493&amp;ssl=1\" class=\"size-medium wp-image-201372\" src=\"https:\/\/i0.wp.com\/opresenterural.com.br\/wp-content\/uploads\/2026\/01\/shutterstock_511260697.jpg?resize=300%2C200&amp;ssl=1\" alt width=\"300\" height=\"200\" srcset=\"https:\/\/i0.wp.com\/opresenterural.com.br\/wp-content\/uploads\/2026\/01\/shutterstock_511260697.jpg?resize=300%2C200&amp;ssl=1 300w, https:\/\/i0.wp.com\/opresenterural.com.br\/wp-content\/uploads\/2026\/01\/shutterstock_511260697.jpg?resize=1024%2C682&amp;ssl=1 1024w, https:\/\/i0.wp.com\/opresenterural.com.br\/wp-content\/uploads\/2026\/01\/shutterstock_511260697.jpg?resize=768%2C511&amp;ssl=1 768w, https:\/\/i0.wp.com\/opresenterural.com.br\/wp-content\/uploads\/2026\/01\/shutterstock_511260697.jpg?resize=600%2C399&amp;ssl=1 600w, https:\/\/i0.wp.com\/opresenterural.com.br\/wp-content\/uploads\/2026\/01\/shutterstock_511260697.jpg?w=1400&amp;ssl=1 1400w\" sizes=\"(max-width: 300px) 100vw, 300px\"><\/p>\n<p id=\"caption-attachment-201372\" class=\"wp-caption-text\">Photo: Shutterstock<\/p>\n<\/div>\n<p data-start=\"1319\" data-end=\"1551\">Segundo a Famasul, o agroneg\u00f3cio respondeu por 94,5% das exporta\u00e7\u00f5es totais do Estado no per\u00edodo analisado, evidenciando o peso das cadeias produtivas, especialmente das prote\u00ednas animais, na balan\u00e7a comercial de Mato Grosso do Sul.<\/p>\n<p data-start=\"1553\" data-end=\"1753\" data-is-last-node data-is-only-node>O in\u00edcio do ano confirma a relev\u00e2ncia da avicultura dentro da economia estadual, com resultados sustentados pela demanda externa e pela manuten\u00e7\u00e3o da competitividade do setor no mercado internacional.<\/p>\n<\/div>\n<h6><em>THE <strong>Bela Cereais<\/strong> works with the best grains on the market in the Central West Region and also keeps you up to date with the latest news and analyses on agribusiness.<br \/>\nDon&#039;t forget to follow our social networks.<\/em><\/h6>\n<p><a href=\"https:\/\/opresenterural.com.br\/avicultura-de-mato-grosso-do-sul-cresce-697-no-abate-no-inicio-de-2026\/\" target=\"_blank\" rel=\"noopener\">Access News Source <\/a><\/p>","protected":false},"excerpt":{"rendered":"<p>A avicultura de Mato Grosso do Sul come\u00e7ou 2026 mantendo trajet\u00f3ria de expans\u00e3o, com crescimento&hellip;<\/p>","protected":false},"author":1,"featured_media":27265,"comment_status":"","ping_status":"","sticky":false,"template":"","format":"standard","meta":{"footnotes":""},"categories":[90],"tags":[],"class_list":["post-27264","post","type-post","status-publish","format-standard","has-post-thumbnail","hentry","category-centro-oeste"],"_links":{"self":[{"href":"https:\/\/belacereais.com.br\/en\/wp-json\/wp\/v2\/posts\/27264","targetHints":{"allow":["GET"]}}],"collection":[{"href":"https:\/\/belacereais.com.br\/en\/wp-json\/wp\/v2\/posts"}],"about":[{"href":"https:\/\/belacereais.com.br\/en\/wp-json\/wp\/v2\/types\/post"}],"author":[{"embeddable":true,"href":"https:\/\/belacereais.com.br\/en\/wp-json\/wp\/v2\/users\/1"}],"replies":[{"embeddable":true,"href":"https:\/\/belacereais.com.br\/en\/wp-json\/wp\/v2\/comments?post=27264"}],"version-history":[{"count":0,"href":"https:\/\/belacereais.com.br\/en\/wp-json\/wp\/v2\/posts\/27264\/revisions"}],"wp:featuredmedia":[{"embeddable":true,"href":"https:\/\/belacereais.com.br\/en\/wp-json\/wp\/v2\/media\/27265"}],"wp:attachment":[{"href":"https:\/\/belacereais.com.br\/en\/wp-json\/wp\/v2\/media?parent=27264"}],"wp:term":[{"taxonomy":"category","embeddable":true,"href":"https:\/\/belacereais.com.br\/en\/wp-json\/wp\/v2\/categories?post=27264"},{"taxonomy":"post_tag","embeddable":true,"href":"https:\/\/belacereais.com.br\/en\/wp-json\/wp\/v2\/tags?post=27264"}],"curies":[{"name":"wp","href":"https:\/\/api.w.org\/{rel}","templated":true}]}}