{"id":27266,"date":"2026-04-27T10:20:39","date_gmt":"2026-04-27T14:20:39","guid":{"rendered":"https:\/\/belacereais.com.br\/2026\/centro-oeste\/producao-de-suinos-cresce-50-em-mato-grosso-do-sul\/"},"modified":"2026-04-27T10:20:39","modified_gmt":"2026-04-27T14:20:39","slug":"producao-de-suinos-cresce-50-em-mato-grosso-do-sul","status":"publish","type":"post","link":"https:\/\/belacereais.com.br\/en\/2026\/centro-oeste\/producao-de-suinos-cresce-50-em-mato-grosso-do-sul\/","title":{"rendered":"Produ\u00e7\u00e3o de su\u00ednos cresce 50% em Mato Grosso do Sul"},"content":{"rendered":"<p><\/p>\n<div id=\"mvp-content-main\" class=\"left relative\">\n<p>Uma produ\u00e7\u00e3o organizada, sustent\u00e1vel e altamente tecnificada. Assim se apresenta a suinocultura de Mato Grosso do Sul, que registrou crescimento de quase 50% nos \u00faltimos tr\u00eas anos e se firma como um dos principais cases de sucesso do agroneg\u00f3cio estadual.<\/p>\n<p>A for\u00e7a do setor foi evidenciada durante o 4\u00ba Encontro de Lideran\u00e7as da Suinocultura de Mato Grosso do Sul, promovido pela Associa\u00e7\u00e3o Sul-Mato-grossense de Suinocultores (Asumas) na \u00faltima quinta-feira (23). O evento reuniu produtores, autoridades, representantes institucionais e investidores de diversas regi\u00f5es do pa\u00eds, em um momento estrat\u00e9gico de di\u00e1logo sobre expans\u00e3o e fortalecimento da cadeia produtiva.<\/p>\n<div id=\"attachment_201706\" style=\"width: 310px\" class=\"wp-caption alignright\"><img fetchpriority=\"high\" data-recalc-dims=\"1\" decoding=\"async\" aria-describedby=\"caption-attachment-201706\" data-attachment-id=\"201706\" data-permalink=\"https:\/\/opresenterural.com.br\/queda-nos-precos-pressiona-mercado-de-suinos-no-inicio-do-ano\/suinocultura-carambei-12-09-2019-fotojaelson-lucas-aen-9\/\" data-orig-file=\"https:\/\/i0.wp.com\/opresenterural.com.br\/wp-content\/uploads\/2026\/01\/suinos-grandes-Foto-Jaelson-Lucas-AEN.jpg?fit=1400%2C933&amp;ssl=1\" data-orig-size=\"1400,933\" data-comments-opened=\"0\" data-image-meta=\"{&quot;aperture&quot;:&quot;7.1&quot;,&quot;credit&quot;:&quot;Jaelson Lucas&quot;,&quot;camera&quot;:&quot;Canon EOS 5D Mark III&quot;,&quot;caption&quot;:&quot;Suinocultura. CARAMBE\\u00cd, 12\\\/09\\\/2019 Foto:Jaelson Lucas \\\/ AEN&quot;,&quot;created_timestamp&quot;:&quot;1568111090&quot;,&quot;copyright&quot;:&quot;&quot;,&quot;focal_length&quot;:&quot;58&quot;,&quot;iso&quot;:&quot;1600&quot;,&quot;shutter_speed&quot;:&quot;0.01&quot;,&quot;title&quot;:&quot;Suinocultura. CARAMBE\\u00cd, 12\\\/09\\\/2019 Foto:Jaelson Lucas \\\/ AEN&quot;,&quot;orientation&quot;:&quot;1&quot;}\" data-image-title=\"Suinocultura. CARAMBE\u00cd, 12\/09\/2019 Foto:Jaelson Lucas \/ AEN\" data-image-description data-image-caption=\"&lt;p&gt;Foto: Jaelson Lucas\/AEN&lt;\/p&gt;\" data-medium-file=\"https:\/\/i0.wp.com\/opresenterural.com.br\/wp-content\/uploads\/2026\/01\/suinos-grandes-Foto-Jaelson-Lucas-AEN.jpg?fit=300%2C200&amp;ssl=1\" data-large-file=\"https:\/\/i0.wp.com\/opresenterural.com.br\/wp-content\/uploads\/2026\/01\/suinos-grandes-Foto-Jaelson-Lucas-AEN.jpg?fit=740%2C493&amp;ssl=1\" class=\"size-medium wp-image-201706\" src=\"https:\/\/i0.wp.com\/opresenterural.com.br\/wp-content\/uploads\/2026\/01\/suinos-grandes-Foto-Jaelson-Lucas-AEN.jpg?resize=300%2C200&amp;ssl=1\" alt width=\"300\" height=\"200\" srcset=\"https:\/\/i0.wp.com\/opresenterural.com.br\/wp-content\/uploads\/2026\/01\/suinos-grandes-Foto-Jaelson-Lucas-AEN.jpg?resize=300%2C200&amp;ssl=1 300w, https:\/\/i0.wp.com\/opresenterural.com.br\/wp-content\/uploads\/2026\/01\/suinos-grandes-Foto-Jaelson-Lucas-AEN.jpg?resize=1024%2C682&amp;ssl=1 1024w, https:\/\/i0.wp.com\/opresenterural.com.br\/wp-content\/uploads\/2026\/01\/suinos-grandes-Foto-Jaelson-Lucas-AEN.jpg?resize=768%2C512&amp;ssl=1 768w, https:\/\/i0.wp.com\/opresenterural.com.br\/wp-content\/uploads\/2026\/01\/suinos-grandes-Foto-Jaelson-Lucas-AEN.jpg?resize=600%2C400&amp;ssl=1 600w, https:\/\/i0.wp.com\/opresenterural.com.br\/wp-content\/uploads\/2026\/01\/suinos-grandes-Foto-Jaelson-Lucas-AEN.jpg?w=1400&amp;ssl=1 1400w\" sizes=\"(max-width: 300px) 100vw, 300px\"><\/p>\n<p id=\"caption-attachment-201706\" class=\"wp-caption-text\">Photo: Jaelson Lucas\/AEN<\/p>\n<\/div>\n<p>Com a presen\u00e7a do governador Eduardo Riedel, o encontro refor\u00e7ou o protagonismo da atividade na economia estadual. Representando a Secretaria de Meio Ambiente, Desenvolvimento, Ci\u00eancia, Tecnologia e Inova\u00e7\u00e3o (Semadesc), participaram o secret\u00e1rio Artur Falcette, o secret\u00e1rio-adjunto Alex Melotto, o secret\u00e1rio-executivo de Desenvolvimento Sustent\u00e1vel, Rog\u00e9rio Beretta, e o diretor-presidente da Iagro, Daniel Ingold.<\/p>\n<p>A participa\u00e7\u00e3o da equipe evidencia o compromisso do Governo do Estado com o desenvolvimento sustent\u00e1vel e competitivo da suinocultura.<\/p>\n<p>Durante o evento, o governador destacou a organiza\u00e7\u00e3o e a evolu\u00e7\u00e3o da cadeia produtiva. \u201c\u00c9 uma cadeia estruturada, profissionalizada e com crescimento impressionante. Em tr\u00eas anos, avan\u00e7ou cerca de 50%. Mais do que posi\u00e7\u00e3o em ranking, o que importa \u00e9 essa curva consistente de crescimento\u201d, afirmou.<\/p>\n<p><img data-recalc-dims=\"1\" decoding=\"async\" data-attachment-id=\"198394\" data-permalink=\"https:\/\/opresenterural.com.br\/producao-exportacoes-e-consumo-avancam-e-consolidam-forca-da-suinocultura-nacional\/suinos-ok-2\/\" data-orig-file=\"https:\/\/i0.wp.com\/opresenterural.com.br\/wp-content\/uploads\/2025\/11\/suinos-ok.jpg?fit=1400%2C908&amp;ssl=1\" data-orig-size=\"1400,908\" data-comments-opened=\"0\" data-image-meta=\"{&quot;aperture&quot;:&quot;0&quot;,&quot;credit&quot;:&quot;&quot;,&quot;camera&quot;:&quot;&quot;,&quot;caption&quot;:&quot;&quot;,&quot;created_timestamp&quot;:&quot;0&quot;,&quot;copyright&quot;:&quot;&quot;,&quot;focal_length&quot;:&quot;0&quot;,&quot;iso&quot;:&quot;0&quot;,&quot;shutter_speed&quot;:&quot;0&quot;,&quot;title&quot;:&quot;&quot;,&quot;orientation&quot;:&quot;1&quot;}\" data-image-title=\"su\u00ednos\" data-image-description data-image-caption=\"&lt;p&gt;Foto: Shutterstock&lt;\/p&gt;\" data-medium-file=\"https:\/\/i0.wp.com\/opresenterural.com.br\/wp-content\/uploads\/2025\/11\/suinos-ok.jpg?fit=300%2C195&amp;ssl=1\" data-large-file=\"https:\/\/i0.wp.com\/opresenterural.com.br\/wp-content\/uploads\/2025\/11\/suinos-ok.jpg?fit=740%2C480&amp;ssl=1\" class=\"size-medium wp-image-198394\" src=\"https:\/\/i0.wp.com\/opresenterural.com.br\/wp-content\/uploads\/2025\/11\/suinos-ok.jpg?resize=300%2C195&amp;ssl=1\" alt width=\"300\" height=\"195\" srcset=\"https:\/\/i0.wp.com\/opresenterural.com.br\/wp-content\/uploads\/2025\/11\/suinos-ok.jpg?resize=300%2C195&amp;ssl=1 300w, https:\/\/i0.wp.com\/opresenterural.com.br\/wp-content\/uploads\/2025\/11\/suinos-ok.jpg?resize=1024%2C664&amp;ssl=1 1024w, https:\/\/i0.wp.com\/opresenterural.com.br\/wp-content\/uploads\/2025\/11\/suinos-ok.jpg?resize=768%2C498&amp;ssl=1 768w, https:\/\/i0.wp.com\/opresenterural.com.br\/wp-content\/uploads\/2025\/11\/suinos-ok.jpg?resize=600%2C389&amp;ssl=1 600w, https:\/\/i0.wp.com\/opresenterural.com.br\/wp-content\/uploads\/2025\/11\/suinos-ok.jpg?w=1400&amp;ssl=1 1400w\" sizes=\"(max-width: 300px) 100vw, 300px\"><\/p>\n<p>Riedel tamb\u00e9m ressaltou o papel do Estado como indutor do desenvolvimento, com pol\u00edticas baseadas em incentivo, e n\u00e3o em imposi\u00e7\u00e3o. \u201cNosso modelo valoriza pr\u00e1ticas adequadas, produtividade e sustentabilidade, criando um ambiente favor\u00e1vel para o setor continuar avan\u00e7ando\u201d, completou.<\/p>\n<p>O Governo do Estado tem atuado de forma estruturante no fortalecimento da atividade, com destaque para o programa Leit\u00e3o Vida, que incentiva a produ\u00e7\u00e3o e melhora a efici\u00eancia da cadeia.<\/p>\n<p>Em 2025, foram 262 estabelecimentos aprovados, mais de 108 mil matrizes e 3,29 milh\u00f5es de animais abatidos e mais de R$ 91 milh\u00f5es em incentivos. J\u00e1 em 2026, at\u00e9 o momento, s\u00e3o 257 estabelecimentos, 110,5 mil matrizes e mais de 1 milh\u00e3o de abates, totalizando R$ 39,2 milh\u00f5es em incentivos.<\/p>\n<p>O presidente da Asumas, Renato Spera, destacou a import\u00e2ncia do apoio governamental para o crescimento do setor. \u201cTemos potencial, sanidade e acesso a cr\u00e9dito. O Estado \u00e9 parceiro e isso faz toda a diferen\u00e7a. Nos \u00faltimos anos, foram quase R$ 2 bilh\u00f5es em financiamentos via FCO para a suinocultura, recursos fundamentais para esse desenvolvimento\u201d, afirmou.<\/p>\n<h4><strong>N\u00fameros expressivos<\/strong><\/h4>\n<div id=\"attachment_196203\" style=\"width: 310px\" class=\"wp-caption alignright\"><img loading=\"lazy\" data-recalc-dims=\"1\" decoding=\"async\" aria-describedby=\"caption-attachment-196203\" data-attachment-id=\"196203\" data-permalink=\"https:\/\/opresenterural.com.br\/suinocultura-do-parana-registra-melhor-preco-do-ano-e-rentabilidade-positiva\/granja-de-suinos-dinei-stuani-toledo-06-2021-foto-ari-dias-aen-14\/\" data-orig-file=\"https:\/\/i0.wp.com\/opresenterural.com.br\/wp-content\/uploads\/2025\/11\/03-granja_de_suinos_11-FOTO-ARI-DIAS.jpg?fit=1400%2C933&amp;ssl=1\" data-orig-size=\"1400,933\" data-comments-opened=\"0\" data-image-meta=\"{&quot;aperture&quot;:&quot;5.6&quot;,&quot;credit&quot;:&quot;Ari Dias\\\/AEN&quot;,&quot;camera&quot;:&quot;Canon EOS 6D Mark II&quot;,&quot;caption&quot;:&quot;Granja de su\\u00ednos Dinei Stuani. Toledo 06-2021. Foto: Ari Dias\\\/AEN&quot;,&quot;created_timestamp&quot;:&quot;1624973235&quot;,&quot;copyright&quot;:&quot;ARI DIAS&quot;,&quot;focal_length&quot;:&quot;24&quot;,&quot;iso&quot;:&quot;2500&quot;,&quot;shutter_speed&quot;:&quot;0.005&quot;,&quot;title&quot;:&quot;Granja de su\\u00ednos Dinei Stuani. Toledo 06-2021. Foto: Ari Dias\\\/AEN&quot;,&quot;orientation&quot;:&quot;1&quot;}\" data-image-title=\"Granja de su\u00ednos Dinei Stuani. Toledo 06-2021. Foto: Ari Dias\/AEN\" data-image-description data-image-caption =\"&lt;p&gt;Foto: Ari Dias\/AEN&lt;\/p&gt;\" data-medium-file=\"https:\/\/i0.wp.com\/opresenterural.com.br\/wp-content\/uploads\/2025\/11\/03-granja_de_suinos_11-FOTO-ARI-DIAS.jpg?fit=300%2C200&amp;ssl=1\" data-large-file=\"https:\/\/i0.wp.com\/opresenterural.com.br\/wp-content\/uploads\/2025\/11\/03-granja_de_suinos_11-FOTO-ARI-DIAS.jpg?fit=740%2C493&amp;ssl=1\" class=\"size-medium wp-image-196203\" src=\"https:\/\/i0.wp.com\/opresenterural.com.br\/wp-content\/uploads\/2025\/11\/03-granja_de_suinos_11-FOTO-ARI-DIAS.jpg?resize=300%2C200&amp;ssl=1\" alt width =\"300\" height=\"200\" srcset=\"https:\/\/i0.wp.com\/opresenterural.com.br\/wp-content\/uploads\/2025\/11\/03-granja_de_suinos_11-FOTO-ARI-DIAS.jpg?resize=300%2C200&amp;ssl=1 300w, https:\/\/i0.wp.com\/opresenterural.com.br\/wp-content\/uploads\/2025\/11\/03-granja_de_suinos_11-FOTO-ARI-DIAS.jpg?resize=1024%2C682&amp;ssl=1 1024w, https:\/\/i0.wp.com\/opresenterural.com.br\/wp-content\/uploads\/2025\/11\/03-granja_de_suinos_11-FOTO-ARI-DIAS.jpg?resize=768%2C512&amp;ssl=1 768w, https:\/\/i0.wp.com\/opresenterural.com.br\/wp-content\/uploads\/2025\/11\/03-granja_de_suinos_11-FOTO-ARI-DIAS.jpg?resize=600%2C400&amp;ssl=1 600w, https:\/\/i0.wp.com\/opresenterural.com.br\/wp-content\/uploads\/2025\/11\/03-granja_de_suinos_11-FOTO-ARI-DIAS.jpg?w=1400&amp;ssl=1 1400w\" sizes=\"auto, (max-width: 300px) 100vw, 300px\"><\/p>\n<p id=\"caption-attachment-196203\" class=\"wp-caption-text\">Foto: Ari Dias\/AEN<\/p>\n<\/div>\n<p>A programa\u00e7\u00e3o incluiu apresenta\u00e7\u00f5es da Asumas, da Associa\u00e7\u00e3o Brasileira dos Criadores de Su\u00ednos (ABCS) e do Governo do Estado, com foco em mercado, representatividade e perspectivas da atividade.<\/p>\n<p>Atualmente, Mato Grosso do Sul conta com mais de 300 granjas em opera\u00e7\u00e3o, cerca de 121 mil matrizes e aproximadamente 3,6 milh\u00f5es de su\u00ednos abatidos por ano. A cadeia gera cerca de 32 mil empregos diretos e movimenta setores como gr\u00e3os, gen\u00e9tica e servi\u00e7os.<\/p>\n<p>No mercado internacional, o desempenho tamb\u00e9m \u00e9 positivo: as exporta\u00e7\u00f5es superam 20 mil toneladas de carne su\u00edna, com crescimento de 11% em rela\u00e7\u00e3o ao ano anterior. Entre os principais destinos est\u00e3o Singapura, Filipinas e Emirados \u00c1rabes Unidos.<\/p>\n<p>Outro fator estrat\u00e9gico para o avan\u00e7o do setor \u00e9 a Rota Bioce\u00e2nica, que deve reduzir custos log\u00edsticos e ampliar o acesso aos mercados asi\u00e1ticos.<\/p>\n<h4><strong>Ambiente favor\u00e1vel e expans\u00e3o cont\u00ednua<\/strong><\/h4>\n<p><img loading=\"lazy\" data-recalc-dims=\"1\" decoding=\"async\" data-attachment-id=\"185948\" data-permalink=\"https:\/\/opresenterural.com.br\/granjas-novas-velhos-erros-por-que-a-biosseguridade-ainda-falha\/shutterstock_472100659-3\/\" data-orig-file=\"https:\/\/i0.wp.com\/opresenterural.com.br\/wp-content\/uploads\/2025\/06\/shutterstock_472100659.jpg?fit=1400%2C700&amp;ssl=1\" data-orig-size=\"1400,700\" data-comments-opened=\"0\" data-image-meta=\"{&quot;aperture&quot;:&quot;0&quot;,&quot;credit&quot;:&quot;&quot;,&quot;camera&quot;:&quot;&quot;,&quot;caption&quot;:&quot;&quot;,&quot;created_timestamp&quot;:&quot;0&quot;,&quot;copyright&quot;:&quot;&quot;,&quot;focal_length&quot;:&quot;0&quot;,&quot;iso&quot;:&quot;0&quot;,&quot;shutter_speed&quot;:&quot;0&quot;,&quot;title&quot;:&quot;&quot;,&quot;orientation&quot;:&quot;1&quot;}\" data-image-title=\"shutterstock_472100659\" data-image-description data-image-caption =\"&lt;p&gt;granja-granja de porco-su\u00edno-porco. Foto: Shutterstock&lt;\/p&gt;\" data-medium-file=\"https:\/\/i0.wp.com\/opresenterural.com.br\/wp-content\/uploads\/2025\/06\/shutterstock_472100659.jpg?fit=300%2C150&amp;ssl=1\" data-large-file=\"https:\/\/i0.wp.com\/opresenterural.com.br\/wp-content\/uploads\/2025\/06\/shutterstock_472100659.jpg?fit=740%2C370&amp;ssl=1\" class=\"size-medium wp-image-185948\" src=\"https:\/\/i0.wp.com\/opresenterural.com.br\/wp-content\/uploads\/2025\/06\/shutterstock_472100659.jpg?resize=300%2C150&amp;ssl=1\" alt width =\"300\" height=\"150\" srcset=\"https:\/\/i0.wp.com\/opresenterural.com.br\/wp-content\/uploads\/2025\/06\/shutterstock_472100659.jpg?resize=300%2C150&amp;ssl=1 300w, https:\/\/i0.wp.com\/opresenterural.com.br\/wp-content\/uploads\/2025\/06\/shutterstock_472100659.jpg?resize=1024%2C512&amp;ssl=1 1024w, https:\/\/i0.wp.com\/opresenterural.com.br\/wp-content\/uploads\/2025\/06\/shutterstock_472100659.jpg?resize=768%2C384&amp;ssl=1 768w, https:\/\/i0.wp.com\/opresenterural.com.br\/wp-content\/uploads\/2025\/06\/shutterstock_472100659.jpg?resize=600%2C300&amp;ssl=1 600w, https:\/\/i0.wp.com\/opresenterural.com.br\/wp-content\/uploads\/2025\/06\/shutterstock_472100659.jpg?w=1400&amp;ssl=1 1400w\" sizes=\"auto, (max-width: 300px) 100vw, 300px\"><\/p>\n<p>O secret\u00e1rio Artur Falcette destacou que o crescimento da suinocultura est\u00e1 diretamente ligado \u00e0 moderniza\u00e7\u00e3o das cadeias produtivas e \u00e0 atra\u00e7\u00e3o de novos investimentos. \u201cTemos uma cadeia cada vez mais din\u00e2mica, com maior uso de tecnologia e chegada de novas ind\u00fastrias e cooperativas, especialmente da regi\u00e3o Sul do pa\u00eds. Isso fortalece a economia e amplia as oportunidades no Estado\u201d, afirmou.<\/p>\n<p>Segundo ele, mais de R$ 300 milh\u00f5es em incentivos j\u00e1 foram concedidos pelo Governo do Estado desde 2020 aos suinocultores. \u201cProgramas como o Leit\u00e3o Vida ampliam a rentabilidade do produtor e impulsionam toda a cadeia. Nosso objetivo \u00e9 manter esse ambiente favor\u00e1vel, estimulando investimentos e garantindo que a suinocultura continue crescendo nos pr\u00f3ximos anos\u201d, concluiu.<\/p>\n<p>Com pol\u00edticas p\u00fablicas consistentes, ambiente competitivo e crescimento cont\u00ednuo, Mato Grosso do Sul se consolida como um dos principais polos da suinocultura brasileira, com forte potencial de expans\u00e3o e gera\u00e7\u00e3o de renda.<\/p>\n<\/div>\n<h6><em>THE <strong>Bela Cereais<\/strong> works with the best grains on the market in the Central West Region and also keeps you up to date with the latest news and analyses on agribusiness.<br \/>\nDon&#039;t forget to follow our social networks.<\/em><\/h6>\n<p><a href=\"https:\/\/opresenterural.com.br\/producao-de-suinos-cresce-50-em-mato-grosso-do-sul\/\" target=\"_blank\" rel=\"noopener\">Access News Source <\/a><\/p>","protected":false},"excerpt":{"rendered":"<p>Uma produ\u00e7\u00e3o organizada, sustent\u00e1vel e altamente tecnificada. Assim se apresenta a suinocultura de Mato Grosso&hellip;<\/p>","protected":false},"author":1,"featured_media":26803,"comment_status":"","ping_status":"","sticky":false,"template":"","format":"standard","meta":{"footnotes":""},"categories":[90],"tags":[],"class_list":["post-27266","post","type-post","status-publish","format-standard","has-post-thumbnail","hentry","category-centro-oeste"],"_links":{"self":[{"href":"https:\/\/belacereais.com.br\/en\/wp-json\/wp\/v2\/posts\/27266","targetHints":{"allow":["GET"]}}],"collection":[{"href":"https:\/\/belacereais.com.br\/en\/wp-json\/wp\/v2\/posts"}],"about":[{"href":"https:\/\/belacereais.com.br\/en\/wp-json\/wp\/v2\/types\/post"}],"author":[{"embeddable":true,"href":"https:\/\/belacereais.com.br\/en\/wp-json\/wp\/v2\/users\/1"}],"replies":[{"embeddable":true,"href":"https:\/\/belacereais.com.br\/en\/wp-json\/wp\/v2\/comments?post=27266"}],"version-history":[{"count":0,"href":"https:\/\/belacereais.com.br\/en\/wp-json\/wp\/v2\/posts\/27266\/revisions"}],"wp:featuredmedia":[{"embeddable":true,"href":"https:\/\/belacereais.com.br\/en\/wp-json\/wp\/v2\/media\/26803"}],"wp:attachment":[{"href":"https:\/\/belacereais.com.br\/en\/wp-json\/wp\/v2\/media?parent=27266"}],"wp:term":[{"taxonomy":"category","embeddable":true,"href":"https:\/\/belacereais.com.br\/en\/wp-json\/wp\/v2\/categories?post=27266"},{"taxonomy":"post_tag","embeddable":true,"href":"https:\/\/belacereais.com.br\/en\/wp-json\/wp\/v2\/tags?post=27266"}],"curies":[{"name":"wp","href":"https:\/\/api.w.org\/{rel}","templated":true}]}}