{"id":27267,"date":"2026-04-27T10:26:33","date_gmt":"2026-04-27T14:26:33","guid":{"rendered":"https:\/\/belacereais.com.br\/2026\/centro-oeste\/avicultura-de-mato-grosso-do-sul-cresce-em-2026-e-abate-de-frangos-avanca-697\/"},"modified":"2026-04-27T10:26:33","modified_gmt":"2026-04-27T14:26:33","slug":"avicultura-de-mato-grosso-do-sul-cresce-em-2026-e-abate-de-frangos-avanca-697","status":"publish","type":"post","link":"https:\/\/belacereais.com.br\/en\/2026\/centro-oeste\/avicultura-de-mato-grosso-do-sul-cresce-em-2026-e-abate-de-frangos-avanca-697\/","title":{"rendered":"Avicultura de Mato Grosso do Sul cresce em 2026 e abate de frangos avan\u00e7a 6,97%"},"content":{"rendered":"<p><\/p>\n<div class=\"materia\">\n<p>A avicultura de Mato Grosso do Sul iniciou 2026 com desempenho positivo, registrando crescimento no abate de frangos e avan\u00e7o na receita das exporta\u00e7\u00f5es. Segundo dados do boletim Casa Rural Avicultura, da Famasul, o Estado mant\u00e9m ritmo de expans\u00e3o no setor, impulsionado pela valoriza\u00e7\u00e3o da carne de frango no mercado internacional.<\/p>\n<p>No primeiro bimestre de 2026, o abate de frangos em Mato Grosso do Sul somou 30,6 milh\u00f5es de cabe\u00e7as, o que representa um aumento de 6,97% em rela\u00e7\u00e3o ao mesmo per\u00edodo de 2025.<\/p>\n<p>No mercado externo, o Estado exportou aproximadamente 28 mil toneladas de carne de frango, gerando uma receita de US$ 62,8 milh\u00f5es. Apesar de uma leve retra\u00e7\u00e3o no volume embarcado, o faturamento apresentou crescimento de 9,1%, refletindo a valoriza\u00e7\u00e3o do produto.<\/p>\n<p>De acordo com o boletim da Famasul, o desempenho das exporta\u00e7\u00f5es est\u00e1 ligado \u00e0 demanda de importantes mercados internacionais, com destaque para pa\u00edses como China e Jap\u00e3o, que seguem entre os principais destinos da prote\u00edna brasileira.<\/p>\n<div id=\"uolpd-video-inarticle\"><\/div>\n<p>Os dados tamb\u00e9m indicam a relev\u00e2ncia do agroneg\u00f3cio para a economia sul-mato-grossense. No per\u00edodo analisado, o setor respondeu por 94,5% das exporta\u00e7\u00f5es totais do Estado, refor\u00e7ando o protagonismo das cadeias produtivas, especialmente a de prote\u00ednas animais.<\/p>\n<p><strong>Perspectiva<\/strong><\/p>\n<p>O cen\u00e1rio observado no in\u00edcio de 2026 refor\u00e7a a import\u00e2ncia da avicultura dentro do agroneg\u00f3cio de Mato Grosso do Sul, com resultados sustentados pela valoriza\u00e7\u00e3o no mercado externo e pela manuten\u00e7\u00e3o da demanda internacional.<\/p>\n<\/p><\/div>\n<h6><em>THE <strong>Bela Cereais<\/strong> works with the best grains on the market in the Central West Region and also keeps you up to date with the latest news and analyses on agribusiness.<br \/>\nDon&#039;t forget to follow our social networks.<\/em><\/h6>\n<p><a href=\"https:\/\/www.noticiasagricolas.com.br\/noticias\/granjeiros\/419692-avicultura-de-mato-grosso-do-sul-cresce-em-2026-e-abate-de-frangos-avanca-6-97.html?utm_source=parceiros&#038;utm_medium=rss\" target=\"_blank\" rel=\"noopener\">Access News Source <\/a><\/p>","protected":false},"excerpt":{"rendered":"<p>A avicultura de Mato Grosso do Sul iniciou 2026 com desempenho positivo, registrando crescimento no&hellip;<\/p>","protected":false},"author":1,"featured_media":27268,"comment_status":"","ping_status":"","sticky":false,"template":"","format":"standard","meta":{"footnotes":""},"categories":[90],"tags":[240,239,836,837,238,830],"class_list":["post-27267","post","type-post","status-publish","format-standard","has-post-thumbnail","hentry","category-centro-oeste","tag-agricultura","tag-agronegocio","tag-avicultura","tag-cenario","tag-granjeiros","tag-ms"],"_links":{"self":[{"href":"https:\/\/belacereais.com.br\/en\/wp-json\/wp\/v2\/posts\/27267","targetHints":{"allow":["GET"]}}],"collection":[{"href":"https:\/\/belacereais.com.br\/en\/wp-json\/wp\/v2\/posts"}],"about":[{"href":"https:\/\/belacereais.com.br\/en\/wp-json\/wp\/v2\/types\/post"}],"author":[{"embeddable":true,"href":"https:\/\/belacereais.com.br\/en\/wp-json\/wp\/v2\/users\/1"}],"replies":[{"embeddable":true,"href":"https:\/\/belacereais.com.br\/en\/wp-json\/wp\/v2\/comments?post=27267"}],"version-history":[{"count":0,"href":"https:\/\/belacereais.com.br\/en\/wp-json\/wp\/v2\/posts\/27267\/revisions"}],"wp:featuredmedia":[{"embeddable":true,"href":"https:\/\/belacereais.com.br\/en\/wp-json\/wp\/v2\/media\/27268"}],"wp:attachment":[{"href":"https:\/\/belacereais.com.br\/en\/wp-json\/wp\/v2\/media?parent=27267"}],"wp:term":[{"taxonomy":"category","embeddable":true,"href":"https:\/\/belacereais.com.br\/en\/wp-json\/wp\/v2\/categories?post=27267"},{"taxonomy":"post_tag","embeddable":true,"href":"https:\/\/belacereais.com.br\/en\/wp-json\/wp\/v2\/tags?post=27267"}],"curies":[{"name":"wp","href":"https:\/\/api.w.org\/{rel}","templated":true}]}}