{"id":27270,"date":"2026-04-27T14:29:09","date_gmt":"2026-04-27T18:29:09","guid":{"rendered":"https:\/\/belacereais.com.br\/2026\/safra\/clima-favorece-desenvolvimento-da-soja-na-maior-parte-do-brasil-aponta-conab\/"},"modified":"2026-04-27T14:29:09","modified_gmt":"2026-04-27T18:29:09","slug":"clima-favorece-desenvolvimento-da-soja-na-maior-parte-do-brasil-aponta-conab","status":"publish","type":"post","link":"https:\/\/belacereais.com.br\/en\/2026\/safra\/clima-favorece-desenvolvimento-da-soja-na-maior-parte-do-brasil-aponta-conab\/","title":{"rendered":"Clima favorece desenvolvimento da soja na maior parte do Brasil, aponta Conab"},"content":{"rendered":"<p><\/p>\n<div id=\"mvp-content-main\" class=\"left relative\">\n<p>Omonitoramento agr\u00edcola dos cultivos de ver\u00e3o aponta condi\u00e7\u00f5es favor\u00e1veis para o desenvolvimento da soja na maior parte das regi\u00f5es produtoras do pa\u00eds. Os dados est\u00e3o reunidos no \u00faltimo Boletim de Monitoramento Agr\u00edcola (BMA), divulgado pela Companhia Nacional de Abastecimento (Conab) na sexta-feira (24). O documento avalia as condi\u00e7\u00f5es meteorol\u00f3gicas e o \u00edndice de vegeta\u00e7\u00e3o (IV) das principais lavouras brasileiras no per\u00edodo entre 01 e 21 de abril.<\/p>\n<p>Segundo o Boletim, os maiores volumes de chuva da temporada foram registrados na regi\u00e3o Norte e na faixa norte da regi\u00e3o Nordeste, incluindo tamb\u00e9m o leste do Rio Grande do Norte e da Para\u00edba. Com a eleva\u00e7\u00e3o da umidade do solo nessas \u00e1reas, o desenvolvimento das lavouras de gr\u00e3os foi favorecido.<\/p>\n<div id=\"attachment_207212\" style=\"width: 310px\" class=\"wp-caption alignright\"><img fetchpriority=\"high\" data-recalc-dims=\"1\" decoding=\"async\" aria-describedby=\"caption-attachment-207212\" data-attachment-id=\"207212\" data-permalink=\"https:\/\/opresenterural.com.br\/mato-grosso-se-consolida-como-maior-produtor-de-etanol-de-milho-do-brasil\/ed12a45a-69b7-4ba7-a158-2b36ab3ff15a\/\" data-orig-file=\"https:\/\/i0.wp.com\/opresenterural.com.br\/wp-content\/uploads\/2026\/04\/ed12a45a-69b7-4ba7-a158-2b36ab3ff15a.jpeg?fit=1400%2C933&amp;ssl=1\" data-orig-size=\"1400,933\" data-comments-opened=\"0\" data-image-meta=\"{&quot;aperture&quot;:&quot;0&quot;,&quot;credit&quot;:&quot;&quot;,&quot;camera&quot;:&quot;&quot;,&quot;caption&quot;:&quot;&quot;,&quot;created_timestamp&quot;:&quot;0&quot;,&quot;copyright&quot;:&quot;&quot;,&quot;focal_length&quot;:&quot;0&quot;,&quot;iso&quot;:&quot;0&quot;,&quot;shutter_speed&quot;:&quot;0&quot;,&quot;title&quot;:&quot;&quot;,&quot;orientation&quot;:&quot;0&quot;}\" data-image-title=\"soja\" data-image-description data-image-caption=\"&lt;p&gt;Foto: Divulga\u00e7\u00e3o\/Aprosoja MT&lt;\/p&gt;\" data-medium-file=\"https:\/\/i0.wp.com\/opresenterural.com.br\/wp-content\/uploads\/2026\/04\/ed12a45a-69b7-4ba7-a158-2b36ab3ff15a.jpeg?fit=300%2C200&amp;ssl=1\" data-large-file=\"https:\/\/i0.wp.com\/opresenterural.com.br\/wp-content\/uploads\/2026\/04\/ed12a45a-69b7-4ba7-a158-2b36ab3ff15a.jpeg?fit=740%2C493&amp;ssl=1\" class=\"size-medium wp-image-207212\" src=\"https:\/\/i0.wp.com\/opresenterural.com.br\/wp-content\/uploads\/2026\/04\/ed12a45a-69b7-4ba7-a158-2b36ab3ff15a.jpeg?resize=300%2C200&amp;ssl=1\" alt width=\"300\" height=\"200\" srcset=\"https:\/\/i0.wp.com\/opresenterural.com.br\/wp-content\/uploads\/2026\/04\/ed12a45a-69b7-4ba7-a158-2b36ab3ff15a.jpeg?resize=300%2C200&amp;ssl=1 300w, https:\/\/i0.wp.com\/opresenterural.com.br\/wp-content\/uploads\/2026\/04\/ed12a45a-69b7-4ba7-a158-2b36ab3ff15a.jpeg?resize=1024%2C682&amp;ssl=1 1024w, https:\/\/i0.wp.com\/opresenterural.com.br\/wp-content\/uploads\/2026\/04\/ed12a45a-69b7-4ba7-a158-2b36ab3ff15a.jpeg?resize=768%2C512&amp;ssl=1 768w, https:\/\/i0.wp.com\/opresenterural.com.br\/wp-content\/uploads\/2026\/04\/ed12a45a-69b7-4ba7-a158-2b36ab3ff15a.jpeg?resize=600%2C400&amp;ssl=1 600w, https:\/\/i0.wp.com\/opresenterural.com.br\/wp-content\/uploads\/2026\/04\/ed12a45a-69b7-4ba7-a158-2b36ab3ff15a.jpeg?w=1400&amp;ssl=1 1400w\" sizes=\"(max-width: 300px) 100vw, 300px\"><\/p>\n<p id=\"caption-attachment-207212\" class=\"wp-caption-text\">Foto: Divulga\u00e7\u00e3o\/Aprosoja MT<\/p>\n<\/div>\n<p>No Norte, os maiores acumulados foram verificados no Par\u00e1, no leste do Amazonas e no Amap\u00e1. Se por um lado o regime h\u00eddrico atrasou a colheita da soja no Par\u00e1 e do arroz no Tocantins, por outro, a segunda safra de milho foi beneficiada. J\u00e1 no interior do Nordeste, a redu\u00e7\u00e3o das chuvas, t\u00edpica do per\u00edodo, interferiu no desenvolvimento de alguns cultivos na Bahia, no Piau\u00ed e no Sert\u00e3o de Pernambuco. Apesar do d\u00e9ficit h\u00eddrico localizado, as condi\u00e7\u00f5es gerais da regi\u00e3o foram favor\u00e1veis.<\/p>\n<p>A umidade do solo tamb\u00e9m se manteve suficiente no Centro-Oeste e no Sudeste, embora tenha sido observada redu\u00e7\u00e3o no armazenamento h\u00eddrico no final do per\u00edodo analisado. Na maior regi\u00e3o produtora de gr\u00e3os no pa\u00eds, os \u00edndices pluviom\u00e9tricos mais elevados foram verificados em Mato Grosso, contribuindo para o milho segunda safra. Entretanto, o documento aponta diminui\u00e7\u00e3o na reserva h\u00eddrica do solo em \u00e1reas de Mato Grosso do Sul e Goi\u00e1s, tamb\u00e9m constatada na regi\u00e3o Sudeste, nos estados de Minas Gerais e de S\u00e3o Paulo, o que pode afetar o desenvolvimento do cereal.<\/p>\n<p>No Sul, com a irregularidade na distribui\u00e7\u00e3o das chuvas, o alerta foi para o Paran\u00e1, que teve restri\u00e7\u00e3o h\u00eddrica especialmente na por\u00e7\u00e3o norte. O per\u00edodo curto de chuvas intensas ainda impactou a colheita da soja e do arroz no Rio Grande do Sul e em Santa Catarina. Apesar da din\u00e2mica, no estado ga\u00facho o IV da safra atual foi superior ao das anteriores.<\/p>\n<p>O panorama da evolu\u00e7\u00e3o do IV aponta, de forma geral, um bom desenvolvimento das lavouras, com valores pr\u00f3ximos aos das safras antecedentes de soja e milho. Al\u00e9m desses cultivos, o Boletim tamb\u00e9m apresenta o progresso dos plantios de algod\u00e3o e arroz nos principais estados produtores.<\/p>\n<h4><strong>BMA<\/strong><\/h4>\n<div id=\"attachment_203049\" style=\"width: 310px\" class=\"wp-caption alignleft\"><img data-recalc-dims=\"1\" decoding=\"async\" aria-describedby=\"caption-attachment-203049\" data-attachment-id=\"203049\" data-permalink=\"https:\/\/opresenterural.com.br\/tecnologias-da-embrapa-mostram-como-soja-ampliou-producao-poupando-area-agricola\/article-63-2\/\" data-orig-file=\"https:\/\/i0.wp.com\/opresenterural.com.br\/wp-content\/uploads\/2026\/02\/article-63.jpg?fit=850%2C425&amp;ssl=1\" data-orig-size=\"850,425\" data-comments-opened=\"0\" data-image-meta=\"{&quot;aperture&quot;:&quot;11&quot;,&quot;credit&quot;:&quot;Ronaldo Ronan Rufino&quot;,&quot;camera&quot;:&quot;Canon EOS-1D Mark III&quot;,&quot;caption&quot;:&quot;&quot;,&quot;created_timestamp&quot;:&quot;1264433698&quot;,&quot;copyright&quot;:&quot;\\u00a9 R.R.Rufino&quot;,&quot;focal_length&quot;:&quot;63&quot;,&quot;iso&quot;:&quot;200&quot;,&quot;shutter_speed&quot;:&quot;0.005&quot;,&quot;title&quot;:&quot;&quot;,&quot;orientation&quot;:&quot;1&quot;}\" data-image-title=\"soja\" data-image-description data-image-caption=\"&lt;p&gt;Foto: RRRufino&lt;\/p&gt;\" data-medium-file=\"https:\/\/i0.wp.com\/opresenterural.com.br\/wp-content\/uploads\/2026\/02\/article-63.jpg?fit=300%2C150&amp;ssl=1\" data-large-file=\"https:\/\/i0.wp.com\/opresenterural.com.br\/wp-content\/uploads\/2026\/02\/article-63.jpg?fit=740%2C370&amp;ssl=1\" class=\"size-medium wp-image-203049\" src=\"https:\/\/i0.wp.com\/opresenterural.com.br\/wp-content\/uploads\/2026\/02\/article-63.jpg?resize=300%2C150&amp;ssl=1\" alt width=\"300\" height=\"150\" srcset=\"https:\/\/i0.wp.com\/opresenterural.com.br\/wp-content\/uploads\/2026\/02\/article-63.jpg?resize=300%2C150&amp;ssl=1 300w, https:\/\/i0.wp.com\/opresenterural.com.br\/wp-content\/uploads\/2026\/02\/article-63.jpg?resize=768%2C384&amp;ssl=1 768w, https:\/\/i0.wp.com\/opresenterural.com.br\/wp-content\/uploads\/2026\/02\/article-63.jpg?resize=600%2C300&amp;ssl=1 600w, https:\/\/i0.wp.com\/opresenterural.com.br\/wp-content\/uploads\/2026\/02\/article-63.jpg?w=850&amp;ssl=1 850w\" sizes=\"(max-width: 300px) 100vw, 300px\"><\/p>\n<p id=\"caption-attachment-203049\" class=\"wp-caption-text\">Foto: RRRufino<\/p>\n<\/div>\n<p>Produzido em parceria entre a Conab, o Instituto Nacional de Meteorologia (Inmet) e o Grupo de Monitoramento Global da Agricultura (Glam), o Boletim tem como objetivo divulgar informa\u00e7\u00f5es sobre as condi\u00e7\u00f5es agrometeorol\u00f3gicas e sobre o monitoramento\u00a0 das lavouras, avaliado por meio de imagens de sat\u00e9lite e dados de campo. As informa\u00e7\u00f5es s\u00e3o disponibilizadas periodicamente, considerando ainda a diversidade de cultivos e de manejo em diferentes regi\u00f5es do territ\u00f3rio nacional.<\/p>\n<p>As informa\u00e7\u00f5es completas sobre regime de chuvas e \u00edndice de vegeta\u00e7\u00e3o das safras de ver\u00e3o est\u00e3o dispon\u00edveis na edi\u00e7\u00e3o de abril do\u00a0<a href=\"https:\/\/www.gov.br\/conab\/pt-br\/atuacao\/informacoes-agropecuarias\/safras\/safra-de-graos\/monitoramento-agricola\" target=\"_blank\" rel=\"noopener\">Boletim de Monitoramento Agr\u00edcola<\/a>.<\/p>\n<\/div>\n<h6><em>THE <strong>Bela Cereais<\/strong> works with the best grains on the market and also keeps you up to date with the latest news and analyses on agribusiness.<br \/>\nDon&#039;t forget to follow our social networks.<\/em><\/h6>\n<p><a href=\"https:\/\/opresenterural.com.br\/clima-favorece-desenvolvimento-da-soja-na-maior-parte-do-brasil-aponta-conab\/\" target=\"_blank\" rel=\"noopener\">Access News Source <\/a><\/p>","protected":false},"excerpt":{"rendered":"<p>Omonitoramento agr\u00edcola dos cultivos de ver\u00e3o aponta condi\u00e7\u00f5es favor\u00e1veis para o desenvolvimento da soja na&hellip;<\/p>","protected":false},"author":1,"featured_media":26595,"comment_status":"","ping_status":"","sticky":false,"template":"","format":"standard","meta":{"footnotes":""},"categories":[258],"tags":[],"class_list":["post-27270","post","type-post","status-publish","format-standard","has-post-thumbnail","hentry","category-safra"],"_links":{"self":[{"href":"https:\/\/belacereais.com.br\/en\/wp-json\/wp\/v2\/posts\/27270","targetHints":{"allow":["GET"]}}],"collection":[{"href":"https:\/\/belacereais.com.br\/en\/wp-json\/wp\/v2\/posts"}],"about":[{"href":"https:\/\/belacereais.com.br\/en\/wp-json\/wp\/v2\/types\/post"}],"author":[{"embeddable":true,"href":"https:\/\/belacereais.com.br\/en\/wp-json\/wp\/v2\/users\/1"}],"replies":[{"embeddable":true,"href":"https:\/\/belacereais.com.br\/en\/wp-json\/wp\/v2\/comments?post=27270"}],"version-history":[{"count":0,"href":"https:\/\/belacereais.com.br\/en\/wp-json\/wp\/v2\/posts\/27270\/revisions"}],"wp:featuredmedia":[{"embeddable":true,"href":"https:\/\/belacereais.com.br\/en\/wp-json\/wp\/v2\/media\/26595"}],"wp:attachment":[{"href":"https:\/\/belacereais.com.br\/en\/wp-json\/wp\/v2\/media?parent=27270"}],"wp:term":[{"taxonomy":"category","embeddable":true,"href":"https:\/\/belacereais.com.br\/en\/wp-json\/wp\/v2\/categories?post=27270"},{"taxonomy":"post_tag","embeddable":true,"href":"https:\/\/belacereais.com.br\/en\/wp-json\/wp\/v2\/tags?post=27270"}],"curies":[{"name":"wp","href":"https:\/\/api.w.org\/{rel}","templated":true}]}}