{"id":27280,"date":"2026-04-29T08:17:52","date_gmt":"2026-04-29T12:17:52","guid":{"rendered":"https:\/\/belacereais.com.br\/2026\/safra\/cna-entrega-propostas-para-o-plano-safra-2026-27\/"},"modified":"2026-04-29T08:17:52","modified_gmt":"2026-04-29T12:17:52","slug":"cna-entrega-propostas-para-o-plano-safra-2026-27","status":"publish","type":"post","link":"https:\/\/belacereais.com.br\/en\/2026\/safra\/cna-entrega-propostas-para-o-plano-safra-2026-27\/","title":{"rendered":"CNA entrega propostas para o Plano Safra 2026\/27"},"content":{"rendered":"<p><\/p>\n<div id=\"mvp-content-main\" class=\"left relative\">\n<p>O ministro da Agricultura e Pecu\u00e1ria, Andr\u00e9 de Paula, participou, na ter\u00e7a-feira (28), de reuni\u00e3o na sede da Confedera\u00e7\u00e3o da Agricultura e Pecu\u00e1ria do Brasil (CNA), em Bras\u00edlia (DF), com o presidente da entidade, Jo\u00e3o Martins. Na ocasi\u00e3o, o ministro recebeu as dez propostas da Confedera\u00e7\u00e3o para o Plano Agr\u00edcola e Pecu\u00e1rio (PAP) 2026\/2027.<\/p>\n<p>Durante o encontro, o ministro destacou a import\u00e2ncia do di\u00e1logo permanente entre o governo federal e as entidades representativas do setor agropecu\u00e1rio. \u201cQuero marcar minha passagem como um ministro que buscou compreender, dialogar e contribuir para o fortalecimento do setor. Essa \u00e9 uma parceria permanente, org\u00e2nica e necess\u00e1ria, e me coloco \u00e0 disposi\u00e7\u00e3o para avan\u00e7armos juntos\u201d, afirmou.<\/p>\n<div id=\"attachment_208649\" style=\"width: 310px\" class=\"wp-caption alignleft\"><img fetchpriority=\"high\" data-recalc-dims=\"1\" decoding=\"async\" aria-describedby=\"caption-attachment-208649\" data-attachment-id=\"208649\" data-permalink=\"https:\/\/opresenterural.com.br\/cna-entrega-propostas-para-o-plano-safra-2026-27\/01501936-14bb-46fc-8350-b3e0b5c3527a\/\" data-orig-file=\"https:\/\/i0.wp.com\/opresenterural.com.br\/wp-content\/uploads\/2026\/04\/01501936-14bb-46fc-8350-b3e0b5c3527a.jpg?fit=768%2C467&amp;ssl=1\" data-orig-size=\"768,467\" data-comments-opened=\"0\" data-image-meta=\"{&quot;aperture&quot;:&quot;0&quot;,&quot;credit&quot;:&quot;&quot;,&quot;camera&quot;:&quot;&quot;,&quot;caption&quot;:&quot;&quot;,&quot;created_timestamp&quot;:&quot;0&quot;,&quot;copyright&quot;:&quot;&quot;,&quot;focal_length&quot;:&quot;0&quot;,&quot;iso&quot;:&quot;0&quot;,&quot;shutter_speed&quot;:&quot;0&quot;,&quot;title&quot;:&quot;&quot;,&quot;orientation&quot;:&quot;0&quot;}\" data-image-title=\"01501936-14bb-46fc-8350-b3e0b5c3527a\" data-image-description data-image-caption=\"&lt;p&gt;(Foto: Caio Aquino\/Mapa)&lt;\/p&gt;\" data-medium-file=\"https:\/\/i0.wp.com\/opresenterural.com.br\/wp-content\/uploads\/2026\/04\/01501936-14bb-46fc-8350-b3e0b5c3527a.jpg?fit=300%2C182&amp;ssl=1\" data-large-file=\"https:\/\/i0.wp.com\/opresenterural.com.br\/wp-content\/uploads\/2026\/04\/01501936-14bb-46fc-8350-b3e0b5c3527a.jpg?fit=740%2C450&amp;ssl=1\" class=\"size-medium wp-image-208649\" src=\"https:\/\/i0.wp.com\/opresenterural.com.br\/wp-content\/uploads\/2026\/04\/01501936-14bb-46fc-8350-b3e0b5c3527a.jpg?resize=300%2C182&amp;ssl=1\" alt width=\"300\" height=\"182\" srcset=\"https:\/\/i0.wp.com\/opresenterural.com.br\/wp-content\/uploads\/2026\/04\/01501936-14bb-46fc-8350-b3e0b5c3527a.jpg?resize=300%2C182&amp;ssl=1 300w, https:\/\/i0.wp.com\/opresenterural.com.br\/wp-content\/uploads\/2026\/04\/01501936-14bb-46fc-8350-b3e0b5c3527a.jpg?resize=600%2C365&amp;ssl=1 600w, https:\/\/i0.wp.com\/opresenterural.com.br\/wp-content\/uploads\/2026\/04\/01501936-14bb-46fc-8350-b3e0b5c3527a.jpg?w=768&amp;ssl=1 768w\" sizes=\"(max-width: 300px) 100vw, 300px\"><\/p>\n<p id=\"caption-attachment-208649\" class=\"wp-caption-text\">(Foto: Caio Aquino\/Mapa)<\/p>\n<\/div>\n<p>O presidente da Confedera\u00e7\u00e3o, Jo\u00e3o Martins, ressaltou a relev\u00e2ncia da atua\u00e7\u00e3o conjunta entre o setor produtivo e o governo federal. \u201cA CNA e o Senar sempre estiveram abertos \u00e0 parceria em benef\u00edcio do produtor rural. Precisamos trabalhar em conjunto, propor solu\u00e7\u00f5es e buscar a\u00e7\u00f5es que realmente sejam impactantes. Este \u00e9 um momento importante, de deixar uma marca\u201d, disse.<\/p>\n<p>Na ocasi\u00e3o, foram apresentadas as propostas da entidade para o Plano Safra 2026\/2027. O documento foi elaborado com base em reuni\u00f5es regionais realizadas com produtores, federa\u00e7\u00f5es, associa\u00e7\u00f5es e institui\u00e7\u00f5es financeiras nas cinco regi\u00f5es do pa\u00eds. A edi\u00e7\u00e3o adota formato plurianual, medida que busca ampliar a racionalidade, a previsibilidade e a capacidade de planejamento da pol\u00edtica agr\u00edcola brasileira.<\/p>\n<p>Entre os pontos priorit\u00e1rios apresentados pela CNA est\u00e3o a previsibilidade or\u00e7ament\u00e1ria, o planejamento plurianual, o fortalecimento da sa\u00fade financeira do produtor rural, o aprimoramento dos instrumentos de renegocia\u00e7\u00e3o de d\u00edvidas, a amplia\u00e7\u00e3o do acesso ao cr\u00e9dito e o refor\u00e7o de recursos para o seguro rural.<\/p>\n<p>As propostas t\u00eam como objetivo contribuir para a sustentabilidade econ\u00f4mica do setor e para a manuten\u00e7\u00e3o do papel estrat\u00e9gico do Brasil como um dos principais produtores e fornecedores de alimentos do mundo.<\/p>\n<p>Al\u00e9m disso, representantes e presidentes de federa\u00e7\u00f5es de agricultura presentes \u00e0 reuni\u00e3o apresentaram temas considerados priorit\u00e1rios para o setor, como securitiza\u00e7\u00e3o, fundo fitossanit\u00e1rio para a fruticultura, defesa agropecu\u00e1ria, sustentabilidade e sequestro de carbono, cadeia produtiva do arroz e o Programa de Monitoramento do Desmatamento por Sat\u00e9lite (Prodes).<\/p>\n<\/div>\n<h6><em>THE <strong>Bela Cereais<\/strong> works with the best grains on the market and also keeps you up to date with the latest news and analyses on agribusiness.<br \/>\nDon&#039;t forget to follow our social networks.<\/em><\/h6>\n<p><a href=\"https:\/\/opresenterural.com.br\/cna-entrega-propostas-para-o-plano-safra-2026-27\/\" target=\"_blank\" rel=\"noopener\">Access News Source <\/a><\/p>","protected":false},"excerpt":{"rendered":"<p>O ministro da Agricultura e Pecu\u00e1ria, Andr\u00e9 de Paula, participou, na ter\u00e7a-feira (28), de reuni\u00e3o&hellip;<\/p>","protected":false},"author":1,"featured_media":27238,"comment_status":"","ping_status":"","sticky":false,"template":"","format":"standard","meta":{"footnotes":""},"categories":[258],"tags":[],"class_list":["post-27280","post","type-post","status-publish","format-standard","has-post-thumbnail","hentry","category-safra"],"_links":{"self":[{"href":"https:\/\/belacereais.com.br\/en\/wp-json\/wp\/v2\/posts\/27280","targetHints":{"allow":["GET"]}}],"collection":[{"href":"https:\/\/belacereais.com.br\/en\/wp-json\/wp\/v2\/posts"}],"about":[{"href":"https:\/\/belacereais.com.br\/en\/wp-json\/wp\/v2\/types\/post"}],"author":[{"embeddable":true,"href":"https:\/\/belacereais.com.br\/en\/wp-json\/wp\/v2\/users\/1"}],"replies":[{"embeddable":true,"href":"https:\/\/belacereais.com.br\/en\/wp-json\/wp\/v2\/comments?post=27280"}],"version-history":[{"count":0,"href":"https:\/\/belacereais.com.br\/en\/wp-json\/wp\/v2\/posts\/27280\/revisions"}],"wp:featuredmedia":[{"embeddable":true,"href":"https:\/\/belacereais.com.br\/en\/wp-json\/wp\/v2\/media\/27238"}],"wp:attachment":[{"href":"https:\/\/belacereais.com.br\/en\/wp-json\/wp\/v2\/media?parent=27280"}],"wp:term":[{"taxonomy":"category","embeddable":true,"href":"https:\/\/belacereais.com.br\/en\/wp-json\/wp\/v2\/categories?post=27280"},{"taxonomy":"post_tag","embeddable":true,"href":"https:\/\/belacereais.com.br\/en\/wp-json\/wp\/v2\/tags?post=27280"}],"curies":[{"name":"wp","href":"https:\/\/api.w.org\/{rel}","templated":true}]}}