{"id":27289,"date":"2026-05-01T07:09:33","date_gmt":"2026-05-01T11:09:33","guid":{"rendered":"https:\/\/belacereais.com.br\/2026\/soja\/encontro-nacional-reune-setor-de-sementes-de-soja-em-maio-no-parana\/"},"modified":"2026-05-01T07:09:33","modified_gmt":"2026-05-01T11:09:33","slug":"encontro-nacional-reune-setor-de-sementes-de-soja-em-maio-no-parana","status":"publish","type":"post","link":"https:\/\/belacereais.com.br\/en\/2026\/soja\/encontro-nacional-reune-setor-de-sementes-de-soja-em-maio-no-parana\/","title":{"rendered":"Encontro nacional re\u00fane setor de sementes de soja em maio no Paran\u00e1"},"content":{"rendered":"<p><\/p>\n<div id=\"mvp-content-main\" class=\"left relative\">\n<p class=\"v1MsoNormal\">O setor de sementes de soja volta a se reunir em maio de 2026 para discutir os principais temas que impactam a produ\u00e7\u00e3o e o mercado no pa\u00eds. A quarta edi\u00e7\u00e3o do Encontro Nacional dos Produtores de Sementes de Soja (Enssoja) ser\u00e1 realizada na pr\u00f3xima semana, entre quarta (06) e quinta-feira (07), em Foz do Igua\u00e7u (PR), com a presen\u00e7a de multiplicadores, empresas e representantes da cadeia produtiva.<\/p>\n<div id=\"attachment_206660\" style=\"width: 310px\" class=\"wp-caption alignleft\"><img fetchpriority=\"high\" data-recalc-dims=\"1\" decoding=\"async\" aria-describedby=\"caption-attachment-206660\" data-attachment-id=\"206660\" data-permalink=\"https:\/\/opresenterural.com.br\/embrapa-apresenta-nova-soja-zarc-niveis-de-manejo-e-tecnologias-de-integracao-na-tecnoshow\/soja-65\/\" data-orig-file=\"https:\/\/i0.wp.com\/opresenterural.com.br\/wp-content\/uploads\/2026\/03\/soja.jpg?fit=640%2C425&amp;ssl=1\" data-orig-size=\"640,425\" data-comments-opened=\"0\" data-image-meta=\"{&quot;aperture&quot;:&quot;18&quot;,&quot;credit&quot;:&quot;R | R | RUFINO \\\/ Studio 407 Foto&quot;,&quot;camera&quot;:&quot;Canon EOS-1DS&quot;,&quot;caption&quot;:&quot;&quot;,&quot;created_timestamp&quot;:&quot;1080567861&quot;,&quot;copyright&quot;:&quot;\\u00a9 R.R.Rufino&quot;,&quot;focal_length&quot;:&quot;100&quot;,&quot;iso&quot;:&quot;200&quot;,&quot;shutter_speed&quot;:&quot;0.008&quot;,&quot;title&quot;:&quot;&quot;,&quot;orientation&quot;:&quot;1&quot;}\" data-image-title=\"soja\" data-image-description data-image-caption=\"&lt;p&gt;Foto: R.R.Rufino\/Embrapa&lt;\/p&gt;\" data-medium-file=\"https:\/\/i0.wp.com\/opresenterural.com.br\/wp-content\/uploads\/2026\/03\/soja.jpg?fit=300%2C199&amp;ssl=1\" data-large-file=\"https:\/\/i0.wp.com\/opresenterural.com.br\/wp-content\/uploads\/2026\/03\/soja.jpg?fit=640%2C425&amp;ssl=1\" class=\"size-medium wp-image-206660\" src=\"https:\/\/i0.wp.com\/opresenterural.com.br\/wp-content\/uploads\/2026\/03\/soja.jpg?resize=300%2C199&amp;ssl=1\" alt width=\"300\" height=\"199\" srcset=\"https:\/\/i0.wp.com\/opresenterural.com.br\/wp-content\/uploads\/2026\/03\/soja.jpg?resize=300%2C199&amp;ssl=1 300w, https:\/\/i0.wp.com\/opresenterural.com.br\/wp-content\/uploads\/2026\/03\/soja.jpg?resize=600%2C398&amp;ssl=1 600w, https:\/\/i0.wp.com\/opresenterural.com.br\/wp-content\/uploads\/2026\/03\/soja.jpg?w=640&amp;ssl=1 640w\" sizes=\"(max-width: 300px) 100vw, 300px\"><\/p>\n<p id=\"caption-attachment-206660\" class=\"wp-caption-text\">Foto: R.R.Rufino\/Embrapa<\/p>\n<\/div>\n<p class=\"v1MsoNormal\">Organizado pela Associa\u00e7\u00e3o Brasileira dos Produtores de Sementes de Soja, o evento concentra debates sobre fatores econ\u00f4micos, tecnol\u00f3gicos e institucionais que influenciam o segmento. A programa\u00e7\u00e3o inclui an\u00e1lises de cen\u00e1rio macroecon\u00f4mico e geopol\u00edtico, al\u00e9m de perspectivas para a safra 2026\/27.<\/p>\n<p class=\"v1MsoNormal\">Entre os temas previstos est\u00e3o inova\u00e7\u00e3o na produ\u00e7\u00e3o, sustentabilidade e desafios regulat\u00f3rios. A agenda tamb\u00e9m contempla discuss\u00f5es sobre biocombust\u00edveis, certifica\u00e7\u00e3o de processos e ambiente pol\u00edtico ligado ao agroneg\u00f3cio.<\/p>\n<p class=\"v1MsoNormal\">Participam da programa\u00e7\u00e3o especialistas em economia e rela\u00e7\u00f5es internacionais, al\u00e9m de representantes do setor produtivo e do Legislativo, ampliando o debate sobre os rumos da cadeia de sementes no Brasil.<\/p>\n<p class=\"v1MsoNormal\"><b>Setor busca alinhamento diante de novos desafios<\/b><\/p>\n<div id=\"attachment_205419\" style=\"width: 310px\" class=\"wp-caption alignright\"><img data-recalc-dims=\"1\" decoding=\"async\" aria-describedby=\"caption-attachment-205419\" data-attachment-id=\"205419\" data-permalink=\"https:\/\/opresenterural.com.br\/safra-de-graos-do-parana-pode-ter-aumento-de-306-mil-toneladas-aponta-ibge\/plano-safra-soja-5\/\" data-orig-file=\"https:\/\/i0.wp.com\/opresenterural.com.br\/wp-content\/uploads\/2026\/03\/soja-graos-foto-Geraldo-Bubniak-AEN.jpg?fit=1400%2C933&amp;ssl=1\" data-orig-size=\"1400,933\" data-comments-opened=\"0\" data-image-meta=\"{&quot;aperture&quot;:&quot;3.5&quot;,&quot;credit&quot;:&quot;Geraldo Bubniak&quot;,&quot;camera&quot;:&quot;Canon EOS-1D X&quot;,&quot;caption&quot;:&quot;Soja.   Curitiba, 26\\\/06\\\/2019 -  Foto: Geraldo Bubniak\\\/ANPr&quot;,&quot;created_timestamp&quot;:&quot;1561624616&quot;,&quot;copyright&quot;:&quot;Foto: Geraldo Bubniak&quot;,&quot;focal_length&quot;:&quot;35&quot;,&quot;iso&quot;:&quot;2000&quot;,&quot;shutter_speed&quot;:&quot;0.0125&quot;,&quot;title&quot;:&quot;Plano Safra -soja&quot;,&quot;orientation&quot;:&quot;1&quot;}\" data-image-title=\"Plano Safra -soja\" data-image-description data-image-caption=\"&lt;p&gt;Foto: Geraldo Bubniak\/AEN&lt;\/p&gt;\" data-medium-file=\"https:\/\/i0.wp.com\/opresenterural.com.br\/wp-content\/uploads\/2026\/03\/soja-graos-foto-Geraldo-Bubniak-AEN.jpg?fit=300%2C200&amp;ssl=1\" data-large-file=\"https:\/\/i0.wp.com\/opresenterural.com.br\/wp-content\/uploads\/2026\/03\/soja-graos-foto-Geraldo-Bubniak-AEN.jpg?fit=740%2C493&amp;ssl=1\" class=\"size-medium wp-image-205419\" src=\"https:\/\/i0.wp.com\/opresenterural.com.br\/wp-content\/uploads\/2026\/03\/soja-graos-foto-Geraldo-Bubniak-AEN.jpg?resize=300%2C200&amp;ssl=1\" alt width=\"300\" height=\"200\" srcset=\"https:\/\/i0.wp.com\/opresenterural.com.br\/wp-content\/uploads\/2026\/03\/soja-graos-foto-Geraldo-Bubniak-AEN.jpg?resize=300%2C200&amp;ssl=1 300w, https:\/\/i0.wp.com\/opresenterural.com.br\/wp-content\/uploads\/2026\/03\/soja-graos-foto-Geraldo-Bubniak-AEN.jpg?resize=1024%2C682&amp;ssl=1 1024w, https:\/\/i0.wp.com\/opresenterural.com.br\/wp-content\/uploads\/2026\/03\/soja-graos-foto-Geraldo-Bubniak-AEN.jpg?resize=768%2C512&amp;ssl=1 768w, https:\/\/i0.wp.com\/opresenterural.com.br\/wp-content\/uploads\/2026\/03\/soja-graos-foto-Geraldo-Bubniak-AEN.jpg?resize=600%2C400&amp;ssl=1 600w, https:\/\/i0.wp.com\/opresenterural.com.br\/wp-content\/uploads\/2026\/03\/soja-graos-foto-Geraldo-Bubniak-AEN.jpg?w=1400&amp;ssl=1 1400w\" sizes=\"(max-width: 300px) 100vw, 300px\"><\/p>\n<p id=\"caption-attachment-205419\" class=\"wp-caption-text\">Foto: Geraldo Bubniak\/AEN<\/p>\n<\/div>\n<p class=\"v1MsoNormal\">O encontro ocorre em um momento em que a produ\u00e7\u00e3o de soja enfrenta mudan\u00e7as no ambiente de mercado e maior exig\u00eancia por qualidade e rastreabilidade. A troca de informa\u00e7\u00f5es entre produtores e empresas \u00e9 apontada como um dos principais objetivos do evento.<\/p>\n<p class=\"v1MsoNormal\">Al\u00e9m das discuss\u00f5es t\u00e9cnicas, a programa\u00e7\u00e3o inclui espa\u00e7os voltados \u00e0 integra\u00e7\u00e3o entre os participantes, com foco no alinhamento de estrat\u00e9gias e no acompanhamento das transforma\u00e7\u00f5es do setor.<\/p>\n<p class=\"v1MsoNormal\"><b>Programa\u00e7\u00e3o Enssoja 2026<\/b><\/p>\n<p class=\"v1MsoNormal\"><b>Quarta-feira (06\/05)<\/b><\/p>\n<p class=\"v1MsoNormal\">14h \u2013 Check in no Bourbon Cataratas<\/p>\n<p class=\"v1MsoNormal\">17h30 \u00e0s 18h30 \u2013 Abertura do Enssoja<\/p>\n<p class=\"v1MsoNormal\">18h30 \u00e0s 19h50 \u2013 Palestra Tecnologia e o progresso da soja no Brasil, com Fabiano Oliveira.<\/p>\n<p class=\"v1MsoNormal\">18h50 \u00e0s 19h50 \u2013 Palestra sobre Cen\u00e1rios da Macroecon\u00f4mia e Geopol\u00edtica, com o pesquisador Oliver Della Costa Stuenkel.<\/p>\n<p class=\"v1MsoNormal\">20h \u2013 Jantar<\/p>\n<p class=\"v1MsoNormal\"><b>Quinta-feira (07\/05)<\/b><\/p>\n<p class=\"v1MsoNormal\">08h30 \u00e0s 09h30 \u2013 Cen\u00e1rios Agroconsult para os mercados de soja, milho e algod\u00e3o \u2013 Safra 2026\/2027, com Andr\u00e9 Pessoa.<\/p>\n<p class=\"v1MsoNormal\">09h30 \u00e0s 10h30 \u2013 Painel Desafios institucionais do setor de sementes de soja<\/p>\n<p class=\"v1MsoNormal\">Mediador: ABRASS<\/p>\n<p class=\"v1MsoNormal\">Entidades: Participa\u00e7\u00e3o de representantes do Mapa, Aprosoja BR, Croplife e C\u00e2mara de Germoplasma da Croplife.<\/p>\n<p class=\"v1MsoNormal\">10h30 \u00e0s 11h \u2013 Coffee break e visita\u00e7\u00e3o aos estandes<\/p>\n<p class=\"v1MsoNormal\">11h \u00e0s 11h50 \u2013 Painel Inova\u00e7\u00e3o e tecnologia na soja: caminhos da alta produtividade<\/p>\n<p class=\"v1MsoNormal\">Moderador: ABRASS<\/p>\n<p class=\"v1MsoNormal\">Empresas: Participa\u00e7\u00e3o de representantes da Corteva, Syngenta, Stine e Sumitomo.<\/p>\n<p class=\"v1MsoNormal\">12h \u00e0s 13h30 \u2013 Almo\u00e7o<\/p>\n<p class=\"v1MsoNormal\"><b>Sexta-feira (08\/05)<\/b><\/p>\n<p class=\"v1MsoNormal\">12h Check out Bourbon Cataratas<\/p>\n<\/div>\n<h6><em>THE <strong>Bela Cereais<\/strong> works with the best grains on the market and also keeps you up to date with the latest news and analyses on agribusiness.<br \/>\nDon&#039;t forget to follow our social networks.<\/em><\/h6>\n<p><a href=\"https:\/\/opresenterural.com.br\/encontro-nacional-reune-setor-de-sementes-de-soja-em-maio-no-parana\/\" target=\"_blank\" rel=\"noopener\">Access News Source <\/a><\/p>","protected":false},"excerpt":{"rendered":"<p>O setor de sementes de soja volta a se reunir em maio de 2026 para&hellip;<\/p>","protected":false},"author":1,"featured_media":27290,"comment_status":"","ping_status":"","sticky":false,"template":"","format":"standard","meta":{"footnotes":""},"categories":[259],"tags":[],"class_list":["post-27289","post","type-post","status-publish","format-standard","has-post-thumbnail","hentry","category-soja"],"_links":{"self":[{"href":"https:\/\/belacereais.com.br\/en\/wp-json\/wp\/v2\/posts\/27289","targetHints":{"allow":["GET"]}}],"collection":[{"href":"https:\/\/belacereais.com.br\/en\/wp-json\/wp\/v2\/posts"}],"about":[{"href":"https:\/\/belacereais.com.br\/en\/wp-json\/wp\/v2\/types\/post"}],"author":[{"embeddable":true,"href":"https:\/\/belacereais.com.br\/en\/wp-json\/wp\/v2\/users\/1"}],"replies":[{"embeddable":true,"href":"https:\/\/belacereais.com.br\/en\/wp-json\/wp\/v2\/comments?post=27289"}],"version-history":[{"count":0,"href":"https:\/\/belacereais.com.br\/en\/wp-json\/wp\/v2\/posts\/27289\/revisions"}],"wp:featuredmedia":[{"embeddable":true,"href":"https:\/\/belacereais.com.br\/en\/wp-json\/wp\/v2\/media\/27290"}],"wp:attachment":[{"href":"https:\/\/belacereais.com.br\/en\/wp-json\/wp\/v2\/media?parent=27289"}],"wp:term":[{"taxonomy":"category","embeddable":true,"href":"https:\/\/belacereais.com.br\/en\/wp-json\/wp\/v2\/categories?post=27289"},{"taxonomy":"post_tag","embeddable":true,"href":"https:\/\/belacereais.com.br\/en\/wp-json\/wp\/v2\/tags?post=27289"}],"curies":[{"name":"wp","href":"https:\/\/api.w.org\/{rel}","templated":true}]}}