{"id":27293,"date":"2026-05-01T08:10:21","date_gmt":"2026-05-01T12:10:21","guid":{"rendered":"https:\/\/belacereais.com.br\/2026\/soja\/monitoramento-da-ferrugem-asiatica-da-soja-e-encerrado-no-rio-grande-do-sul\/"},"modified":"2026-05-01T08:10:21","modified_gmt":"2026-05-01T12:10:21","slug":"monitoramento-da-ferrugem-asiatica-da-soja-e-encerrado-no-rio-grande-do-sul","status":"publish","type":"post","link":"https:\/\/belacereais.com.br\/en\/2026\/soja\/monitoramento-da-ferrugem-asiatica-da-soja-e-encerrado-no-rio-grande-do-sul\/","title":{"rendered":"Monitoramento da ferrugem asi\u00e1tica da soja \u00e9 encerrado no Rio Grande do Sul"},"content":{"rendered":"<p><\/p>\n<div id=\"mvp-content-main\" class=\"left relative\">\n<p class=\"v1MsoNormal\">THE <a href=\"https:\/\/www.emater.tche.br\/site\/monitora-ferrugem-rs\/home\" target=\"_blank\" rel=\"noopener\">programa Monitora Ferrugem RS<\/a> encerrou o acompanhamento da ferrugem asi\u00e1tica da soja na safra 2025\/2026 ap\u00f3s 23 semanas de monitoramento. A rede operou em 95 munic\u00edpios do Rio Grande do Sul, com amplia\u00e7\u00e3o da estrutura por meio da instala\u00e7\u00e3o de 20 novos coletores de esporos do fungo Phakopsora pachyrhizi.<\/p>\n<div id=\"attachment_122854\" style=\"width: 310px\" class=\"wp-caption alignleft\"><img fetchpriority=\"high\" data-recalc-dims=\"1\" decoding=\"async\" aria-describedby=\"caption-attachment-122854\" data-attachment-id=\"122854\" data-permalink=\"https:\/\/opresenterural.com.br\/vazio-sanitario-da-soja-tem-inicio-no-brasil\/folha-de-soja-com-ferrugem-asiatica-foto-aneto-arquivo-embrapa-soja\/\" data-orig-file=\"https:\/\/i0.wp.com\/opresenterural.com.br\/wp-content\/uploads\/2023\/06\/Folha-de-soja-com-ferrugem-asi%C3%A1tica-foto-ANeto-Arquivo-Embrapa-Soja.jpg?fit=850%2C567&amp;ssl=1\" data-orig-size=\"850,567\" data-comments-opened=\"1\" data-image-meta=\"{&quot;aperture&quot;:&quot;0&quot;,&quot;credit&quot;:&quot;&quot;,&quot;camera&quot;:&quot;&quot;,&quot;caption&quot;:&quot;&quot;,&quot;created_timestamp&quot;:&quot;0&quot;,&quot;copyright&quot;:&quot;&quot;,&quot;focal_length&quot;:&quot;0&quot;,&quot;iso&quot;:&quot;0&quot;,&quot;shutter_speed&quot;:&quot;0&quot;,&quot;title&quot;:&quot;&quot;,&quot;orientation&quot;:&quot;0&quot;}\" data-image-title=\"Folha de soja com ferrugem-asi\u00e1tica \u2013 foto \u00a0ANeto Arquivo Embrapa Soja\" data-image-description data-image-caption=\"&lt;p&gt;Foto:\u00a0Neto Arquivo\/Embrapa Soja&lt;\/p&gt;\" data-medium-file=\"https:\/\/i0.wp.com\/opresenterural.com.br\/wp-content\/uploads\/2023\/06\/Folha-de-soja-com-ferrugem-asi%C3%A1tica-foto-ANeto-Arquivo-Embrapa-Soja.jpg?fit=300%2C200&amp;ssl=1\" data-large-file=\"https:\/\/i0.wp.com\/opresenterural.com.br\/wp-content\/uploads\/2023\/06\/Folha-de-soja-com-ferrugem-asi%C3%A1tica-foto-ANeto-Arquivo-Embrapa-Soja.jpg?fit=740%2C494&amp;ssl=1\" class=\"size-medium wp-image-122854\" src=\"https:\/\/i0.wp.com\/opresenterural.com.br\/wp-content\/uploads\/2023\/06\/Folha-de-soja-com-ferrugem-asi%C3%A1tica-foto-ANeto-Arquivo-Embrapa-Soja.jpg?resize=300%2C200&amp;ssl=1\" alt width=\"300\" height=\"200\" srcset=\"https:\/\/i0.wp.com\/opresenterural.com.br\/wp-content\/uploads\/2023\/06\/Folha-de-soja-com-ferrugem-asi%C3%A1tica-foto-ANeto-Arquivo-Embrapa-Soja.jpg?resize=300%2C200&amp;ssl=1 300w, https:\/\/i0.wp.com\/opresenterural.com.br\/wp-content\/uploads\/2023\/06\/Folha-de-soja-com-ferrugem-asi%C3%A1tica-foto-ANeto-Arquivo-Embrapa-Soja.jpg?resize=768%2C512&amp;ssl=1 768w, https:\/\/i0.wp.com\/opresenterural.com.br\/wp-content\/uploads\/2023\/06\/Folha-de-soja-com-ferrugem-asi%C3%A1tica-foto-ANeto-Arquivo-Embrapa-Soja.jpg?resize=600%2C400&amp;ssl=1 600w, https:\/\/i0.wp.com\/opresenterural.com.br\/wp-content\/uploads\/2023\/06\/Folha-de-soja-com-ferrugem-asi%C3%A1tica-foto-ANeto-Arquivo-Embrapa-Soja.jpg?w=850&amp;ssl=1 850w\" sizes=\"(max-width: 300px) 100vw, 300px\"><\/p>\n<p id=\"caption-attachment-122854\" class=\"wp-caption-text\">Foto:\u00a0Neto Arquivo\/Embrapa Soja<\/p>\n<\/div>\n<p class=\"v1MsoNormal\">O monitoramento teve in\u00edcio em outubro de 2025, alinhado ao calend\u00e1rio de semeadura da cultura. Durante o per\u00edodo, o programa divulgou semanalmente mapas com a distribui\u00e7\u00e3o de ured\u00f3sporos e an\u00e1lises de risco clim\u00e1tico para ocorr\u00eancia da doen\u00e7a.<\/p>\n<p class=\"v1MsoNormal\">A din\u00e2mica da ferrugem asi\u00e1tica est\u00e1 diretamente ligada \u00e0s condi\u00e7\u00f5es ambientais. O desenvolvimento do fungo depende de \u00e1gua livre nas folhas e temperaturas entre 15\u00b0C e 25\u00b0C. Na safra analisada, o estado registrou chuvas acima da m\u00e9dia em setembro e temperaturas elevadas na primavera. Em dezembro, o volume de precipita\u00e7\u00f5es foi alto em praticamente todo o territ\u00f3rio ga\u00facho.<\/p>\n<p class=\"v1MsoNormal\">Nos meses seguintes, no entanto, a redu\u00e7\u00e3o das chuvas em janeiro e fevereiro, associada a temperaturas elevadas, limitou o avan\u00e7o da doen\u00e7a. Segundo a pesquisadora Andr\u00e9ia Mara Rotta de Oliveira, do Departamento de Diagn\u00f3stico e Pesquisa Agropecu\u00e1ria (DDPA\/Seapi), a sequ\u00eancia de dias secos contribuiu para conter os focos de ferrugem no estado.<\/p>\n<div id=\"attachment_203049\" style=\"width: 310px\" class=\"wp-caption alignright\"><img data-recalc-dims=\"1\" decoding=\"async\" aria-describedby=\"caption-attachment-203049\" data-attachment-id=\"203049\" data-permalink=\"https:\/\/opresenterural.com.br\/tecnologias-da-embrapa-mostram-como-soja-ampliou-producao-poupando-area-agricola\/article-63-2\/\" data-orig-file=\"https:\/\/i0.wp.com\/opresenterural.com.br\/wp-content\/uploads\/2026\/02\/article-63.jpg?fit=850%2C425&amp;ssl=1\" data-orig-size=\"850,425\" data-comments-opened=\"0\" data-image-meta=\"{&quot;aperture&quot;:&quot;11&quot;,&quot;credit&quot;:&quot;Ronaldo Ronan Rufino&quot;,&quot;camera&quot;:&quot;Canon EOS-1D Mark III&quot;,&quot;caption&quot;:&quot;&quot;,&quot;created_timestamp&quot;:&quot;1264433698&quot;,&quot;copyright&quot;:&quot;\\u00a9 R.R.Rufino&quot;,&quot;focal_length&quot;:&quot;63&quot;,&quot;iso&quot;:&quot;200&quot;,&quot;shutter_speed&quot;:&quot;0.005&quot;,&quot;title&quot;:&quot;&quot;,&quot;orientation&quot;:&quot;1&quot;}\" data-image-title=\"soja\" data-image-description data-image-caption=\"&lt;p&gt;Foto: RRRufino&lt;\/p&gt;\" data-medium-file=\"https:\/\/i0.wp.com\/opresenterural.com.br\/wp-content\/uploads\/2026\/02\/article-63.jpg?fit=300%2C150&amp;ssl=1\" data-large-file=\"https:\/\/i0.wp.com\/opresenterural.com.br\/wp-content\/uploads\/2026\/02\/article-63.jpg?fit=740%2C370&amp;ssl=1\" class=\"size-medium wp-image-203049\" src=\"https:\/\/i0.wp.com\/opresenterural.com.br\/wp-content\/uploads\/2026\/02\/article-63.jpg?resize=300%2C150&amp;ssl=1\" alt width=\"300\" height=\"150\" srcset=\"https:\/\/i0.wp.com\/opresenterural.com.br\/wp-content\/uploads\/2026\/02\/article-63.jpg?resize=300%2C150&amp;ssl=1 300w, https:\/\/i0.wp.com\/opresenterural.com.br\/wp-content\/uploads\/2026\/02\/article-63.jpg?resize=768%2C384&amp;ssl=1 768w, https:\/\/i0.wp.com\/opresenterural.com.br\/wp-content\/uploads\/2026\/02\/article-63.jpg?resize=600%2C300&amp;ssl=1 600w, https:\/\/i0.wp.com\/opresenterural.com.br\/wp-content\/uploads\/2026\/02\/article-63.jpg?w=850&amp;ssl=1 850w\" sizes=\"(max-width: 300px) 100vw, 300px\"><\/p>\n<p id=\"caption-attachment-203049\" class=\"wp-caption-text\">Foto: RRRufino<\/p>\n<\/div>\n<p class=\"v1MsoNormal\">Os dados coletados est\u00e3o em fase de sistematiza\u00e7\u00e3o e devem embasar uma circular t\u00e9cnica com os resultados da safra.<\/p>\n<p class=\"v1MsoNormal\">O Rio Grande do Sul entra no per\u00edodo de vazio sanit\u00e1rio da soja entre 3 de julho e 30 de setembro, intervalo em que \u00e9 proibida a presen\u00e7a de plantas vivas da cultura no campo. A medida tem como objetivo reduzir a sobreviv\u00eancia do fungo entre safras.<\/p>\n<p class=\"v1MsoNormal\">Criado em 2019, o Monitora Ferrugem RS \u00e9 conduzido pela Secretaria da Agricultura do estado em parceria com a Emater\/RS-Ascar e realiza diagn\u00f3stico regional do risco da doen\u00e7a com base em dados clim\u00e1ticos e presen\u00e7a de esporos.<\/p>\n<\/div>\n<h6><em>THE <strong>Bela Cereais<\/strong> works with the best grains on the market and also keeps you up to date with the latest news and analyses on agribusiness.<br \/>\nDon&#039;t forget to follow our social networks.<\/em><\/h6>\n<p><a href=\"https:\/\/opresenterural.com.br\/monitoramento-da-ferrugem-asiatica-da-soja-e-encerrado-no-rio-grande-do-sul\/\" target=\"_blank\" rel=\"noopener\">Access News Source <\/a><\/p>","protected":false},"excerpt":{"rendered":"<p>O programa Monitora Ferrugem RS encerrou o acompanhamento da ferrugem asi\u00e1tica da soja na safra&hellip;<\/p>","protected":false},"author":1,"featured_media":25787,"comment_status":"","ping_status":"","sticky":false,"template":"","format":"standard","meta":{"footnotes":""},"categories":[259],"tags":[],"class_list":["post-27293","post","type-post","status-publish","format-standard","has-post-thumbnail","hentry","category-soja"],"_links":{"self":[{"href":"https:\/\/belacereais.com.br\/en\/wp-json\/wp\/v2\/posts\/27293","targetHints":{"allow":["GET"]}}],"collection":[{"href":"https:\/\/belacereais.com.br\/en\/wp-json\/wp\/v2\/posts"}],"about":[{"href":"https:\/\/belacereais.com.br\/en\/wp-json\/wp\/v2\/types\/post"}],"author":[{"embeddable":true,"href":"https:\/\/belacereais.com.br\/en\/wp-json\/wp\/v2\/users\/1"}],"replies":[{"embeddable":true,"href":"https:\/\/belacereais.com.br\/en\/wp-json\/wp\/v2\/comments?post=27293"}],"version-history":[{"count":0,"href":"https:\/\/belacereais.com.br\/en\/wp-json\/wp\/v2\/posts\/27293\/revisions"}],"wp:featuredmedia":[{"embeddable":true,"href":"https:\/\/belacereais.com.br\/en\/wp-json\/wp\/v2\/media\/25787"}],"wp:attachment":[{"href":"https:\/\/belacereais.com.br\/en\/wp-json\/wp\/v2\/media?parent=27293"}],"wp:term":[{"taxonomy":"category","embeddable":true,"href":"https:\/\/belacereais.com.br\/en\/wp-json\/wp\/v2\/categories?post=27293"},{"taxonomy":"post_tag","embeddable":true,"href":"https:\/\/belacereais.com.br\/en\/wp-json\/wp\/v2\/tags?post=27293"}],"curies":[{"name":"wp","href":"https:\/\/api.w.org\/{rel}","templated":true}]}}