{"id":27907,"date":"2026-08-30T11:51:20","date_gmt":"2026-08-30T15:51:20","guid":{"rendered":"https:\/\/belacereais.com.br\/2026\/feijao\/feijao-erro-no-espacamento-pode-comprometer-a-produtividade\/"},"modified":"2026-08-30T11:51:20","modified_gmt":"2026-08-30T15:51:20","slug":"feijao-erro-no-espacamento-pode-comprometer-a-produtividade","status":"publish","type":"post","link":"https:\/\/belacereais.com.br\/en\/2026\/feijao\/feijao-erro-no-espacamento-pode-comprometer-a-produtividade\/","title":{"rendered":"Beans: Spacing errors can compromise productivity."},"content":{"rendered":"<p><img decoding=\"async\" src=\"http:\/\/www.agrolink.com.br\/upload\/imagens-resizes\/11a7ba4a98b148329213dcc48c122c46_858x483.jpg\" \/><\/p>\n<div class=\"section-description section-description-noticias mt-3\">\n<p style=\"text-align:justify\">O plantio do <a href=\"https:\/\/www.agrolink.com.br\/culturas\/feijao\/?utm_source=agrolink-detalhe-noticia&amp;utm_medium=detalhe-noticia&amp;utm_campaign=links-internos\" target=\"_blank\" rel=\"noopener\">bean<\/a> exige aten\u00e7\u00e3o ao espa\u00e7amento entre linhas e \u00e0 popula\u00e7\u00e3o de plantas para equilibrar produtividade, aproveitamento de insumos e riscos de acamamento e doen\u00e7as. Segundo dados divulgados pela Embrapa e pelas refer\u00eancias t\u00e9cnicas citadas no material, a defini\u00e7\u00e3o do arranjo deve considerar cultivar, clima, fertilidade do solo, disponibilidade de \u00e1gua e sistema de mecaniza\u00e7\u00e3o, independentemente da \u00e9poca de cultivo.\n<\/p>\n<div id=\"agk_14000_pos_3_sidebar_mobile\" style=\"text-align: center;\" class=\"mb-4\">\n<\/div>\n<div id=\"agk_14000_pos_4_conteudo_desktop\" style=\"text-align: center;\" class=\"d-none d-lg-block mb-md-4\">\n<\/div>\n<p style=\"text-align:justify\">O feij\u00e3o \u00e9 cultivado em diferentes regi\u00f5es brasileiras e em sistemas de sequeiro e irrigado. Por isso, uma mesma cultivar pode exigir ajustes no espa\u00e7amento e na popula\u00e7\u00e3o conforme o ambiente e a \u00e9poca de plantio. O arranjo de plantas interfere no aproveitamento da radia\u00e7\u00e3o solar, no fechamento das entrelinhas, na competi\u00e7\u00e3o com plantas daninhas e no microclima formado dentro do dossel. Tamb\u00e9m influencia o risco de acamamento, a distribui\u00e7\u00e3o de plantas e vagens por \u00e1rea e a viabilidade das opera\u00e7\u00f5es mecanizadas de semeadura, tratos culturais e colheita.<\/p>\n<p style=\"text-align:justify\">O porte e o h\u00e1bito de crescimento do feijoeiro est\u00e3o entre os principais fatores para definir a dist\u00e2ncia entre as linhas. Cultivares de porte ereto ou semiereto tendem a tolerar espa\u00e7amentos menores, enquanto materiais prostrados ou muito vigorosos podem exigir maior dist\u00e2ncia. O objetivo \u00e9 reduzir o risco de acamamento e favorecer a circula\u00e7\u00e3o de ar entre as plantas. Cultivares de ciclo mais longo tamb\u00e9m podem demandar ajustes na popula\u00e7\u00e3o em ambientes de alta fertilidade e boa disponibilidade h\u00eddrica. Nessas condi\u00e7\u00f5es, uma ligeira redu\u00e7\u00e3o da popula\u00e7\u00e3o pode ajudar a diminuir o risco de acamamento.<\/p>\n<p style=\"text-align:justify\"><strong>Sequeiro e irriga\u00e7\u00e3o exigem estrat\u00e9gias diferentes<\/strong><\/p>\n<p style=\"text-align:justify\">Em \u00e1reas irrigadas ou regi\u00f5es com chuvas bem distribu\u00eddas, o produtor pode trabalhar com popula\u00e7\u00f5es um pouco mais elevadas, desde que a fertilidade do solo seja adequada. J\u00e1 em sistemas de sequeiro, principalmente em ambientes sujeitos a veranicos, popula\u00e7\u00f5es excessivamente altas aumentam a competi\u00e7\u00e3o por \u00e1gua e podem reduzir o pegamento de vagens.<\/p>\n<p style=\"text-align:justify\">A \u00e9poca de plantio tamb\u00e9m interfere. Em per\u00edodos mais quentes e \u00famidos, o crescimento vegetativo tende a ser mais intenso, e popula\u00e7\u00f5es muito altas podem favorecer doen\u00e7as foliares. Em safras de outono\/inverno e safrinha, com irriga\u00e7\u00e3o ou chuvas mais limitadas, o crescimento pode ser mais moderado, permitindo algum adensamento quando houver \u00e1gua e nutrientes suficientes.<\/p>\n<p style=\"text-align:justify\"><strong>Fertilidade do solo tamb\u00e9m pesa na decis\u00e3o<\/strong><\/p>\n<p style=\"text-align:justify\">Solos corrigidos, com boa disponibilidade de f\u00f3sforo, pot\u00e1ssio e mat\u00e9ria org\u00e2nica, podem sustentar popula\u00e7\u00f5es mais elevadas, desde que o manejo de pragas e doen\u00e7as acompanhe o aumento do vigor das plantas.<\/p>\n<p style=\"text-align:justify\">Em solos de baixa fertilidade, popula\u00e7\u00f5es altas podem intensificar a competi\u00e7\u00e3o por nutrientes. Nesse cen\u00e1rio, popula\u00e7\u00f5es intermedi\u00e1rias tendem a ser uma alternativa mais segura at\u00e9 que a fertilidade seja corrigida. Segundo dados divulgados pelas refer\u00eancias t\u00e9cnicas citadas no material, o planejamento deve considerar a an\u00e1lise de solo e o hist\u00f3rico da \u00e1rea antes da defini\u00e7\u00e3o do arranjo.<\/p>\n<p style=\"text-align:justify\"><strong>Como espa\u00e7amento e popula\u00e7\u00e3o afetam a produtividade<\/strong><\/p>\n<p style=\"text-align:justify\">A produ\u00e7\u00e3o de gr\u00e3os por \u00e1rea resulta principalmente da combina\u00e7\u00e3o entre n\u00famero de plantas, quantidade de vagens por planta, n\u00famero de gr\u00e3os por vagem e peso de 100 gr\u00e3os.<\/p>\n<p style=\"text-align:justify\">Quando a popula\u00e7\u00e3o aumenta, a competi\u00e7\u00e3o por luz, \u00e1gua e nutrientes tende a crescer. Com isso, o n\u00famero de vagens por planta pode diminuir. At\u00e9 determinado limite, entretanto, o aumento da popula\u00e7\u00e3o pode elevar a produ\u00e7\u00e3o por \u00e1rea. A partir de uma densidade cr\u00edtica, a competi\u00e7\u00e3o pode se tornar excessiva, fazendo a produtividade estabilizar ou at\u00e9 cair.<\/p>\n<p style=\"text-align:justify\">Por outro lado, popula\u00e7\u00f5es muito baixas podem permitir maior produ\u00e7\u00e3o por planta, mas deixam a \u00e1rea subaproveitada e reduzem o rendimento por hectare.O objetivo \u00e9 encontrar uma faixa que permita boa cobertura do solo e aproveitamento da luz, sem elevar excessivamente os riscos de acamamento e doen\u00e7as.<\/p>\n<p style=\"text-align:justify\"><strong>Linhas estreitas aceleram o fechamento do dossel<\/strong><\/p>\n<p style=\"text-align:justify\">Espa\u00e7amentos menores entre linhas tendem a acelerar o fechamento do dossel, aumentar o sombreamento das plantas daninhas e melhorar o aproveitamento da radia\u00e7\u00e3o solar. O adensamento excessivo, por\u00e9m, pode aumentar a umidade dentro do dossel e favorecer doen\u00e7as foliares quando a aera\u00e7\u00e3o e o manejo fitossanit\u00e1rio n\u00e3o s\u00e3o adequados.\n<\/p>\n<div id=\"agk_14000_pos_4_conteudo_mobile\" style=\"text-align: center;\" class=\"mb-4\">\n<\/div>\n<div id=\"agk_14000_pos_5_conteudo_desktop\" style=\"text-align: center;\" class=\"d-none d-lg-block mb-md-4\">\n<\/div>\n<p style=\"text-align:justify\">J\u00e1 linhas mais largas facilitam o tr\u00e2nsito de m\u00e1quinas e podem reduzir o risco de acamamento em cultivares prostradas. Em contrapartida, o fechamento das entrelinhas ocorre mais lentamente, o que pode aumentar a press\u00e3o de plantas daninhas nas primeiras semanas ap\u00f3s a emerg\u00eancia.<\/p>\n<p style=\"text-align:justify\"><strong>Conta simples ajuda a estimar a popula\u00e7\u00e3o<\/strong><\/p>\n<p style=\"text-align:justify\">Um hectare possui 10.000 metros quadrados. A partir do espa\u00e7amento entre linhas, \u00e9 poss\u00edvel estimar quantas linhas cabem na \u00e1rea. A conta considera a divis\u00e3o de 10.000 pelo espa\u00e7amento entre linhas, em metros. Em seguida, o n\u00famero de linhas por hectare \u00e9 multiplicado pela quantidade desejada de plantas por metro.<\/p>\n<p style=\"text-align:justify\">Esse c\u00e1lculo permite estimar a popula\u00e7\u00e3o final de plantas e orientar a quantidade de sementes por metro. Por\u00e9m, \u00e9 necess\u00e1rio considerar a germina\u00e7\u00e3o, o vigor do lote e as perdas esperadas durante o plantio. O objetivo deve ser alcan\u00e7ar a popula\u00e7\u00e3o final planejada, e n\u00e3o simplesmente definir a quantidade de sementes colocadas no sulco.<\/p>\n<p style=\"text-align:justify\"><strong>Ajuste muda conforme a \u00e9poca de plantio<\/strong><\/p>\n<p style=\"text-align:justify\">Nas safras de ver\u00e3o, caracterizadas por maior calor e umidade em determinadas regi\u00f5es, o crescimento vegetativo tende a ser mais intenso. Em ambientes muito f\u00e9rteis e \u00famidos, popula\u00e7\u00f5es excessivamente altas devem ser evitadas para reduzir os riscos de acamamento e doen\u00e7as foliares.<\/p>\n<p style=\"text-align:justify\">Nas safras de outono\/inverno e safrinha, o crescimento vegetativo pode ser mais moderado. Quando h\u00e1 disponibilidade de \u00e1gua e nutrientes, isso permite algum adensamento. No cultivo irrigado, a popula\u00e7\u00e3o deve ser planejada conjuntamente com o manejo das l\u00e2minas de irriga\u00e7\u00e3o, evitando tanto o estresse h\u00eddrico quanto o encharcamento.<\/p>\n<p style=\"text-align:justify\"><strong>Popula\u00e7\u00e3o excessiva pode elevar doen\u00e7as e acamamento<\/strong><\/p>\n<p style=\"text-align:justify\">Uma popula\u00e7\u00e3o acima do adequado aumenta a competi\u00e7\u00e3o interna por luz, \u00e1gua e nutrientes. O resultado pode ser maior altura das plantas, favorecendo o acamamento. O dossel tamb\u00e9m pode ficar excessivamente fechado, elevando a umidade relativa e criando condi\u00e7\u00f5es mais favor\u00e1veis ao desenvolvimento de doen\u00e7as foliares.<\/p>\n<p style=\"text-align:justify\">Al\u00e9m disso, popula\u00e7\u00f5es maiores podem exigir maior aten\u00e7\u00e3o \u00e0 corre\u00e7\u00e3o e \u00e0 aduba\u00e7\u00e3o do solo para sustentar o potencial produtivo da lavoura. No extremo oposto, uma popula\u00e7\u00e3o muito baixa reduz o aproveitamento da \u00e1rea, diminui o sombreamento das entrelinhas e favorece o crescimento de plantas daninhas.<\/p>\n<p style=\"text-align:justify\"><strong>Espa\u00e7amento precisa acompanhar a mecaniza\u00e7\u00e3o<\/strong><\/p>\n<p style=\"text-align:justify\">A defini\u00e7\u00e3o da dist\u00e2ncia entre linhas tamb\u00e9m deve considerar as m\u00e1quinas dispon\u00edveis na propriedade. Semeadoras podem apresentar limita\u00e7\u00f5es de regulagem para espa\u00e7amentos muito estreitos. Na colheita mecanizada, o arranjo precisa favorecer a alimenta\u00e7\u00e3o da colhedora e reduzir as perdas. A escolha do espa\u00e7amento deve, portanto, integrar as opera\u00e7\u00f5es de semeadura, tratos culturais e colheita, evitando que uma decis\u00e3o feita no plantio dificulte as etapas seguintes.\n<\/p>\n<div id=\"agk_14000_pos_5_conteudo_mobile\" style=\"text-align: center;\" class=\"mb-4\">\n<\/div>\n<p style=\"text-align:justify\"><strong>Manejo integrado evita problemas no ciclo<\/strong><\/p>\n<p style=\"text-align:justify\">O arranjo de plantas n\u00e3o deve ser definido de forma isolada. Segundo dados divulgados pelas refer\u00eancias t\u00e9cnicas presentes no material, a estrat\u00e9gia precisa estar integrada \u00e0 corre\u00e7\u00e3o e \u00e0 aduba\u00e7\u00e3o do solo, ao manejo da irriga\u00e7\u00e3o, ao controle de plantas daninhas e ao monitoramento de pragas e doen\u00e7as.<\/p>\n<p style=\"text-align:justify\">Em popula\u00e7\u00f5es mais altas, o consumo de \u00e1gua tende a aumentar, exigindo aten\u00e7\u00e3o ao manejo da irriga\u00e7\u00e3o. O adensamento tamb\u00e9m pode acelerar o fechamento do dossel e contribuir para o controle de plantas daninhas por sombreamento, mas exige aten\u00e7\u00e3o ao microclima e \u00e0 ocorr\u00eancia de doen\u00e7as foliares.<\/p>\n<p style=\"text-align:justify\"><strong>Passo a passo para definir o arranjo de plantas<\/strong><\/p>\n<p style=\"text-align:justify\">Antes do plantio, o produtor deve identificar as caracter\u00edsticas da cultivar, incluindo porte, ciclo e tend\u00eancia ao acamamento. Tamb\u00e9m precisa avaliar o sistema de cultivo, a fertilidade do solo, o hist\u00f3rico de pragas, doen\u00e7as e plantas daninhas e as condi\u00e7\u00f5es clim\u00e1ticas previstas para o ciclo. A \u00e9poca de plantio deve entrar na decis\u00e3o, especialmente diante da possibilidade de veranicos ou excesso de chuvas durante fases cr\u00edticas, como florescimento e enchimento de gr\u00e3os.<\/p>\n<p style=\"text-align:justify\">Por fim, \u00e9 necess\u00e1rio verificar as limita\u00e7\u00f5es dos equipamentos dispon\u00edveis e planejar o manejo integrado de acordo com o adensamento escolhido.<\/p>\n<p style=\"text-align:justify\"><strong>Cuidados durante o plantio do feij\u00e3o<\/strong><\/p>\n<p style=\"text-align:justify\">O produtor deve utilizar equipamentos de prote\u00e7\u00e3o individual ao manipular sementes tratadas ou produtos qu\u00edmicos empregados na desseca\u00e7\u00e3o e no manejo inicial da lavoura. As instru\u00e7\u00f5es de r\u00f3tulo e bula devem ser respeitadas em qualquer produto utilizado no preparo da \u00e1rea, tratamento de sementes ou controle de plantas daninhas. A interpreta\u00e7\u00e3o da an\u00e1lise de solo e o ajuste do manejo de aduba\u00e7\u00e3o e do arranjo de plantas devem contar com acompanhamento de engenheiro(a) agr\u00f4nomo(a), conforme a orienta\u00e7\u00e3o apresentada no material.<\/p>\n<p style=\"text-align:justify\">Checklist para definir espa\u00e7amento e popula\u00e7\u00e3o<\/p>\n<ul>\n<li style=\"text-align: justify;\">Conhecer o porte, ciclo e tend\u00eancia ao acamamento da cultivar.<\/li>\n<li style=\"text-align: justify;\">Avaliar fertilidade, clima e disponibilidade de \u00e1gua.<\/li>\n<li style=\"text-align: justify;\">Adequar a popula\u00e7\u00e3o ao sistema de sequeiro ou irrigado.<\/li>\n<li style=\"text-align: justify;\">Ajustar o espa\u00e7amento \u00e0s m\u00e1quinas utilizadas na propriedade.<\/li>\n<li style=\"text-align: justify;\">Considerar o manejo de plantas daninhas e doen\u00e7as.<\/li>\n<li style=\"text-align: justify;\">Evitar popula\u00e7\u00f5es excessivamente altas em ambientes de maior risco de acamamento ou doen\u00e7as.<\/li>\n<li style=\"text-align: justify;\">Evitar popula\u00e7\u00f5es muito baixas que deixem a \u00e1rea subaproveitada.<\/li>\n<li style=\"text-align: justify;\">Integrar o planejamento do plantio \u00e0 corre\u00e7\u00e3o e aduba\u00e7\u00e3o do solo.<\/li>\n<li style=\"text-align: justify;\">Buscar assist\u00eancia t\u00e9cnica para adaptar as recomenda\u00e7\u00f5es \u00e0 realidade da lavoura.<\/li>\n<\/ul>\n<p style=\"text-align:justify\"><em>Este conte\u00fado tem car\u00e1ter informativo e n\u00e3o substitui a avalia\u00e7\u00e3o de um(a) engenheiro(a) agr\u00f4nomo(a) em condi\u00e7\u00f5es reais de campo.<\/em><\/p>\n<\/p><\/div>\n<h6><em>THE <strong>Bela Cereais<\/strong> works with the best grains on the market and also keeps you up to date with the latest news and analyses on agribusiness.<br \/>\nDon&#039;t forget to follow our social networks.<\/em><\/h6>\n<p><a href=\"https:\/\/www.agrolink.com.br\/noticias\/feijao--erro-no-espacamento-pode-comprometer-a-produtividade_518346.html\" target=\"_blank\" rel=\"noopener\">Access News Source <\/a><\/p>","protected":false},"excerpt":{"rendered":"<p>O plantio do feij\u00e3o exige aten\u00e7\u00e3o ao espa\u00e7amento entre linhas e \u00e0 popula\u00e7\u00e3o de plantas&hellip;<\/p>","protected":false},"author":1,"featured_media":27777,"comment_status":"","ping_status":"","sticky":false,"template":"","format":"standard","meta":{"footnotes":""},"categories":[219],"tags":[244,248,255,249,254,250,246,247,256,245,253,252,251],"class_list":["post-27907","post","type-post","status-publish","format-standard","has-post-thumbnail","hentry","category-feijao","tag-agrolink","tag-agrotoxicos","tag-artigos-tecnicos","tag-classificados","tag-colunistas","tag-compra","tag-cotacoes","tag-defensivos","tag-eventos","tag-noticias","tag-precos-agricolas","tag-previsao-do-tempo","tag-venda"],"_links":{"self":[{"href":"https:\/\/belacereais.com.br\/en\/wp-json\/wp\/v2\/posts\/27907","targetHints":{"allow":["GET"]}}],"collection":[{"href":"https:\/\/belacereais.com.br\/en\/wp-json\/wp\/v2\/posts"}],"about":[{"href":"https:\/\/belacereais.com.br\/en\/wp-json\/wp\/v2\/types\/post"}],"author":[{"embeddable":true,"href":"https:\/\/belacereais.com.br\/en\/wp-json\/wp\/v2\/users\/1"}],"replies":[{"embeddable":true,"href":"https:\/\/belacereais.com.br\/en\/wp-json\/wp\/v2\/comments?post=27907"}],"version-history":[{"count":0,"href":"https:\/\/belacereais.com.br\/en\/wp-json\/wp\/v2\/posts\/27907\/revisions"}],"wp:featuredmedia":[{"embeddable":true,"href":"https:\/\/belacereais.com.br\/en\/wp-json\/wp\/v2\/media\/27777"}],"wp:attachment":[{"href":"https:\/\/belacereais.com.br\/en\/wp-json\/wp\/v2\/media?parent=27907"}],"wp:term":[{"taxonomy":"category","embeddable":true,"href":"https:\/\/belacereais.com.br\/en\/wp-json\/wp\/v2\/categories?post=27907"},{"taxonomy":"post_tag","embeddable":true,"href":"https:\/\/belacereais.com.br\/en\/wp-json\/wp\/v2\/tags?post=27907"}],"curies":[{"name":"wp","href":"https:\/\/api.w.org\/{rel}","templated":true}]}}