{"id":27910,"date":"2026-08-30T12:52:45","date_gmt":"2026-08-30T16:52:45","guid":{"rendered":"https:\/\/belacereais.com.br\/2026\/feijao\/feijao-mais-produtivo-comeca-com-a-calagem-correta\/"},"modified":"2026-08-30T12:52:45","modified_gmt":"2026-08-30T16:52:45","slug":"feijao-mais-produtivo-comeca-com-a-calagem-correta","status":"publish","type":"post","link":"https:\/\/belacereais.com.br\/en\/2026\/feijao\/feijao-mais-produtivo-comeca-com-a-calagem-correta\/","title":{"rendered":"More productive bean cultivation starts with proper liming."},"content":{"rendered":"<p><img decoding=\"async\" src=\"http:\/\/www.agrolink.com.br\/upload\/imagens-resizes\/e1cec6f49d11486896cde215f4bd777c_858x483.jpg\" \/><\/p>\n<div class=\"section-description section-description-noticias mt-3\">\n<p style=\"text-align:justify\">THE <a href=\"https:\/\/www.agrolink.com.br\/fertilizantes\/calagem-e-gessagem\" target=\"_blank\" rel=\"noopener\">calagem<\/a> para <a href=\"https:\/\/www.agrolink.com.br\/culturas\/feijao\/?utm_source=agrolink-detalhe-noticia&amp;utm_medium=detalhe-noticia&amp;utm_campaign=links-internos\" target=\"_blank\" rel=\"noopener\">bean<\/a> \u00e9 uma das principais pr\u00e1ticas de manejo do solo no pr\u00e9-plantio e pode ser decisiva para a emerg\u00eancia, o desenvolvimento das ra\u00edzes e a produtividade da lavoura. A aplica\u00e7\u00e3o correta do <a href=\"https:\/\/www.agrolink.com.br\/fertilizantes\/calagem-e-gessagem\/calagem---tipos-de-corretivos-de-acidez-do-solo_361442.html?utm_source=agrolink-detalhe-noticia&amp;utm_medium=detalhe-noticia&amp;utm_campaign=links-internos\" target=\"_blank\" rel=\"noopener\">calc\u00e1rio<\/a> deve considerar a an\u00e1lise qu\u00edmica do solo, o sistema de preparo e o hist\u00f3rico da \u00e1rea, evitando tanto a subcorre\u00e7\u00e3o quanto a supercalagem.\n<\/p>\n<div id=\"agk_14000_pos_3_sidebar_mobile\" style=\"text-align: center;\" class=\"mb-4\">\n<\/div>\n<div id=\"agk_14000_pos_4_conteudo_desktop\" style=\"text-align: center;\" class=\"d-none d-lg-block mb-md-4\">\n<\/div>\n<p style=\"text-align:justify\">A pr\u00e1tica pode ser adotada em diferentes \u00e9pocas do ano, de janeiro a dezembro, nos diversos estados brasileiros produtores. O objetivo \u00e9 corrigir a acidez, reduzir a toxicidade do alum\u00ednio e fornecer c\u00e1lcio e magn\u00e9sio, criando melhores condi\u00e7\u00f5es para o aproveitamento dos fertilizantes e o desenvolvimento do feijoeiro.<\/p>\n<p style=\"text-align:justify\">A calagem consiste na aplica\u00e7\u00e3o de corretivos de acidez, principalmente o calc\u00e1rio agr\u00edcola, para elevar o pH, reduzir a satura\u00e7\u00e3o por alum\u00ednio e aumentar a satura\u00e7\u00e3o por bases do solo. No feijoeiro, cultura sens\u00edvel \u00e0 acidez e ao alum\u00ednio, a corre\u00e7\u00e3o adequada favorece o crescimento das ra\u00edzes, a absor\u00e7\u00e3o de nutrientes e a fixa\u00e7\u00e3o biol\u00f3gica de nitrog\u00eanio quando houver inocula\u00e7\u00e3o adequada.<\/p>\n<p style=\"text-align:justify\">Entre os produtos mais utilizados est\u00e3o os calc\u00e1rios calc\u00edtico e dolom\u00edtico. O primeiro apresenta maior concentra\u00e7\u00e3o de c\u00e1lcio, enquanto o segundo possui maior teor de magn\u00e9sio. A escolha do corretivo deve considerar os resultados da an\u00e1lise de solo, os teores de c\u00e1lcio e magn\u00e9sio, a disponibilidade regional e a rela\u00e7\u00e3o custo-benef\u00edcio.<\/p>\n<p style=\"text-align:justify\">Quando reage no solo, o calc\u00e1rio neutraliza a acidez e promove altera\u00e7\u00f5es qu\u00edmicas que favorecem o ambiente radicular. O c\u00e1lcio e o magn\u00e9sio liberados ocupam cargas negativas dos coloides do solo, contribuindo para deslocar elementos como alum\u00ednio e mangan\u00eas em excesso. Entre os efeitos esperados est\u00e3o o maior crescimento das ra\u00edzes em profundidade, a redu\u00e7\u00e3o da toxicidade do alum\u00ednio e a melhoria da disponibilidade de f\u00f3sforo e de alguns micronutrientes dentro de faixas adequadas de pH.<\/p>\n<p style=\"text-align:justify\">A corre\u00e7\u00e3o tamb\u00e9m pode favorecer a atividade microbiana e aumentar a efici\u00eancia do uso de fertilizantes NPK e de corretivos org\u00e2nicos. Por outro lado, elevar excessivamente o pH pode reduzir a disponibilidade de micronutrientes, como zinco e mangan\u00eas. Por isso, a recomenda\u00e7\u00e3o n\u00e3o deve buscar simplesmente o maior pH poss\u00edvel.<\/p>\n<p style=\"text-align:justify\">Em solos muito \u00e1cidos e sem corre\u00e7\u00e3o, o feijoeiro pode apresentar baixa emerg\u00eancia, estande desuniforme e sistema radicular pouco desenvolvido. Tamb\u00e9m podem surgir folhas amareladas e sintomas de defici\u00eancia nutricional, al\u00e9m de maior suscetibilidade ao estresse h\u00eddrico por causa da menor explora\u00e7\u00e3o do solo pelas ra\u00edzes.<\/p>\n<p style=\"text-align:justify\">A limita\u00e7\u00e3o do desenvolvimento radicular pode ainda resultar em menor n\u00famero de vagens por planta e de gr\u00e3os por vagem. Quando a calagem \u00e9 realizada antes do plantio, com dose ajustada pela an\u00e1lise de solo e anteced\u00eancia suficiente para a rea\u00e7\u00e3o do corretivo, a tend\u00eancia \u00e9 de maior uniformidade da lavoura e melhor estabilidade produtiva.\n<\/p>\n<div id=\"agk_14000_pos_4_conteudo_mobile\" style=\"text-align: center;\" class=\"mb-4\">\n<\/div>\n<div id=\"agk_14000_pos_5_conteudo_desktop\" style=\"text-align: center;\" class=\"d-none d-lg-block mb-md-4\">\n<\/div>\n<p style=\"text-align:justify\">A decis\u00e3o sobre a calagem para feij\u00e3o deve partir de uma an\u00e1lise qu\u00edmica representativa da \u00e1rea. A coleta precisa ser realizada com anteced\u00eancia em rela\u00e7\u00e3o \u00e0 semeadura e, normalmente, considera a camada de 0 a 20 cent\u00edmetros. Quando poss\u00edvel, a avalia\u00e7\u00e3o tamb\u00e9m pode incluir a camada de 20 a 40 cent\u00edmetros para um diagn\u00f3stico mais profundo. Entre os principais par\u00e2metros est\u00e3o pH em \u00e1gua ou CaCl\u2082, alum\u00ednio troc\u00e1vel, c\u00e1lcio, magn\u00e9sio, pot\u00e1ssio, capacidade de troca de c\u00e1tions e satura\u00e7\u00e3o por bases. O valor de satura\u00e7\u00e3o por bases desejado deve ser definido conforme os manuais regionais de recomenda\u00e7\u00e3o de aduba\u00e7\u00e3o e calagem, considerando o tipo e a situa\u00e7\u00e3o do solo.<\/p>\n<p style=\"text-align:justify\">Se a an\u00e1lise indicar pH muito baixo, presen\u00e7a de alum\u00ednio na camada ar\u00e1vel e satura\u00e7\u00e3o por bases abaixo do n\u00edvel recomendado, a aplica\u00e7\u00e3o do corretivo pode ser necess\u00e1ria. Em \u00e1reas recentemente corrigidas e com os \u00edndices ainda dentro das faixas adequadas, uma nova aplica\u00e7\u00e3o antes do plantio pode n\u00e3o ser necess\u00e1ria.<\/p>\n<p style=\"text-align:justify\">O c\u00e1lculo pode utilizar m\u00e9todos consagrados nos manuais de recomenda\u00e7\u00e3o, como o da satura\u00e7\u00e3o por bases. A l\u00f3gica \u00e9 estimar a quantidade necess\u00e1ria para elevar a satura\u00e7\u00e3o atual do solo at\u00e9 o n\u00edvel desejado. Para isso, s\u00e3o considerados os resultados da an\u00e1lise de solo e a qualidade do corretivo utilizado. De forma geral, o procedimento envolve obter os valores de c\u00e1lcio, magn\u00e9sio, pot\u00e1ssio, alum\u00ednio, H+Al, CTC e satura\u00e7\u00e3o por bases; consultar a recomenda\u00e7\u00e3o regional; calcular a necessidade de corretivo pelo m\u00e9todo indicado e ajustar a quantidade de acordo com o PRNT.<\/p>\n<p style=\"text-align:justify\">Quanto menor o PRNT do calc\u00e1rio, maior tende a ser a quantidade necess\u00e1ria para alcan\u00e7ar o mesmo efeito de neutraliza\u00e7\u00e3o. A recomenda\u00e7\u00e3o n\u00e3o deve ser baseada em f\u00f3rmulas gen\u00e9ricas isoladas. A dose precisa considerar as recomenda\u00e7\u00f5es t\u00e9cnicas oficiais para o tipo de solo e a regi\u00e3o, com avalia\u00e7\u00e3o de profissional habilitado.<\/p>\n<p style=\"text-align:justify\">O calc\u00e1rio deve ser aplicado com anteced\u00eancia suficiente para que possa reagir no solo. Sempre que o sistema de produ\u00e7\u00e3o permitir, a recomenda\u00e7\u00e3o \u00e9 aproveitar o intervalo entre safras para realizar a corre\u00e7\u00e3o. Como o feij\u00e3o pode ser cultivado em diferentes \u00e9pocas e sob sistemas de sequeiro ou irrigado, o planejamento deve considerar o calend\u00e1rio espec\u00edfico da propriedade.<\/p>\n<p style=\"text-align:justify\">No preparo convencional, o corretivo normalmente \u00e9 distribu\u00eddo a lan\u00e7o e incorporado \u00e0 camada ar\u00e1vel por opera\u00e7\u00f5es como ara\u00e7\u00e3o e gradagem. No plantio direto consolidado, a aplica\u00e7\u00e3o \u00e9 feita superficialmente, com a corre\u00e7\u00e3o ocorrendo gradualmente de cima para baixo.<\/p>\n<p style=\"text-align:justify\">Em \u00e1reas com acidez em profundidade, podem ser necess\u00e1rias estrat\u00e9gias complementares, como o uso de gesso agr\u00edcola, desde que haja recomenda\u00e7\u00e3o t\u00e9cnica espec\u00edfica. Aplicar o calc\u00e1rio imediatamente antes da semeadura, principalmente em solos muito \u00e1cidos, pode limitar a resposta da primeira safra devido ao tempo insuficiente para a rea\u00e7\u00e3o do corretivo.\n<\/p>\n<div id=\"agk_14000_pos_5_conteudo_mobile\" style=\"text-align: center;\" class=\"mb-4\">\n<\/div>\n<p style=\"text-align:justify\">A calagem n\u00e3o substitui a aduba\u00e7\u00e3o. Ela condiciona o ambiente do solo para que os nutrientes aplicados sejam aproveitados com maior efici\u00eancia. Por isso, a corre\u00e7\u00e3o deve ser planejada antes da defini\u00e7\u00e3o do programa de aduba\u00e7\u00e3o nitrogenada, fosfatada e pot\u00e1ssica. Tamb\u00e9m \u00e9 necess\u00e1rio evitar a mistura direta de calc\u00e1rio com determinados fertilizantes nitrogenados e fosfatados na mesma aplica\u00e7\u00e3o localizada, j\u00e1 que isso pode reduzir a efici\u00eancia de algumas fontes.<\/p>\n<p style=\"text-align:justify\">A corre\u00e7\u00e3o da acidez tamb\u00e9m deve ser integrada ao manejo da mat\u00e9ria org\u00e2nica, com pr\u00e1ticas como rota\u00e7\u00e3o de culturas, plantas de cobertura e manuten\u00e7\u00e3o de res\u00edduos vegetais. Em sistemas intensivos, nos quais o feij\u00e3o entra em sucess\u00e3o com milho, soja, arroz ou forrageiras, o planejamento da calagem deve considerar todo o sistema produtivo.<\/p>\n<p style=\"text-align:justify\">Um dos principais cuidados \u00e9 evitar aplica\u00e7\u00f5es excessivas. A supercalagem pode elevar demais o pH e reduzir a disponibilidade de micronutrientes importantes para a cultura. O produtor tamb\u00e9m deve evitar aplicar calc\u00e1rio sem an\u00e1lise de solo recente ou desconsiderando o hist\u00f3rico da \u00e1rea. A granulometria e o PRNT do produto adquirido precisam ser observados porque interferem na efici\u00eancia e na velocidade de rea\u00e7\u00e3o do corretivo. Durante a aplica\u00e7\u00e3o, tamb\u00e9m devem ser adotadas medidas de seguran\u00e7a, incluindo equipamentos de prote\u00e7\u00e3o individual e cuidados para evitar a inala\u00e7\u00e3o de poeira. O tr\u00e2nsito de m\u00e1quinas deve ser planejado para reduzir o risco de compacta\u00e7\u00e3o, principalmente quando o solo estiver muito \u00famido.<\/p>\n<p style=\"text-align:justify\">Antes do plantio, o produtor deve:<\/p>\n<ul>\n<li style=\"text-align: justify;\">realizar uma an\u00e1lise de solo representativa;<\/li>\n<li style=\"text-align: justify;\">verificar pH, alum\u00ednio, c\u00e1lcio, magn\u00e9sio, pot\u00e1ssio, CTC e satura\u00e7\u00e3o por bases;<\/li>\n<li style=\"text-align: justify;\">consultar os manuais oficiais de recomenda\u00e7\u00e3o;<\/li>\n<li style=\"text-align: justify;\">definir a dose considerando o PRNT do corretivo;<\/li>\n<li style=\"text-align: justify;\">considerar o sistema de manejo, convencional ou plantio direto;<\/li>\n<li style=\"text-align: justify;\">aplicar o calc\u00e1rio preferencialmente alguns meses antes da semeadura;<\/li>\n<li style=\"text-align: justify;\">distribuir o produto de maneira uniforme;<\/li>\n<li style=\"text-align: justify;\">integrar a corre\u00e7\u00e3o ao planejamento da aduba\u00e7\u00e3o;<\/li>\n<li style=\"text-align: justify;\">acompanhar a evolu\u00e7\u00e3o da fertilidade com novas an\u00e1lises ao longo dos anos.<\/li>\n<\/ul>\n<p style=\"text-align:justify\">A calagem para feij\u00e3o deve ser encarada como uma decis\u00e3o de manejo de m\u00e9dio e longo prazo. A corre\u00e7\u00e3o adequada da acidez contribui para melhorar o ambiente radicular e o aproveitamento dos nutrientes, mas a dose precisa ser definida de acordo com as caracter\u00edsticas de cada \u00e1rea.<\/p>\n<p style=\"text-align:justify\">Aten\u00e7\u00e3o: este conte\u00fado tem car\u00e1ter informativo e n\u00e3o substitui a avalia\u00e7\u00e3o de um(a) engenheiro(a) agr\u00f4nomo(a) em condi\u00e7\u00f5es reais de campo. As doses de corretivos e fertilizantes devem ser ajustadas por profissional habilitado, com base em an\u00e1lise de solo, hist\u00f3rico da \u00e1rea e legisla\u00e7\u00e3o vigente.<\/p>\n<\/p><\/div>\n<h6><em>THE <strong>Bela Cereais<\/strong> works with the best grains on the market and also keeps you up to date with the latest news and analyses on agribusiness.<br \/>\nDon&#039;t forget to follow our social networks.<\/em><\/h6>\n<p><a href=\"https:\/\/www.agrolink.com.br\/noticias\/feijao-mais-produtivo-comeca-com-a-calagem-correta_518344.html\" target=\"_blank\" rel=\"noopener\">Access News Source <\/a><\/p>","protected":false},"excerpt":{"rendered":"<p>A calagem para feij\u00e3o \u00e9 uma das principais pr\u00e1ticas de manejo do solo no pr\u00e9-plantio&hellip;<\/p>","protected":false},"author":1,"featured_media":27775,"comment_status":"","ping_status":"","sticky":false,"template":"","format":"standard","meta":{"footnotes":""},"categories":[219],"tags":[244,248,255,249,254,250,246,247,256,245,253,252,251],"class_list":["post-27910","post","type-post","status-publish","format-standard","has-post-thumbnail","hentry","category-feijao","tag-agrolink","tag-agrotoxicos","tag-artigos-tecnicos","tag-classificados","tag-colunistas","tag-compra","tag-cotacoes","tag-defensivos","tag-eventos","tag-noticias","tag-precos-agricolas","tag-previsao-do-tempo","tag-venda"],"_links":{"self":[{"href":"https:\/\/belacereais.com.br\/en\/wp-json\/wp\/v2\/posts\/27910","targetHints":{"allow":["GET"]}}],"collection":[{"href":"https:\/\/belacereais.com.br\/en\/wp-json\/wp\/v2\/posts"}],"about":[{"href":"https:\/\/belacereais.com.br\/en\/wp-json\/wp\/v2\/types\/post"}],"author":[{"embeddable":true,"href":"https:\/\/belacereais.com.br\/en\/wp-json\/wp\/v2\/users\/1"}],"replies":[{"embeddable":true,"href":"https:\/\/belacereais.com.br\/en\/wp-json\/wp\/v2\/comments?post=27910"}],"version-history":[{"count":0,"href":"https:\/\/belacereais.com.br\/en\/wp-json\/wp\/v2\/posts\/27910\/revisions"}],"wp:featuredmedia":[{"embeddable":true,"href":"https:\/\/belacereais.com.br\/en\/wp-json\/wp\/v2\/media\/27775"}],"wp:attachment":[{"href":"https:\/\/belacereais.com.br\/en\/wp-json\/wp\/v2\/media?parent=27910"}],"wp:term":[{"taxonomy":"category","embeddable":true,"href":"https:\/\/belacereais.com.br\/en\/wp-json\/wp\/v2\/categories?post=27910"},{"taxonomy":"post_tag","embeddable":true,"href":"https:\/\/belacereais.com.br\/en\/wp-json\/wp\/v2\/tags?post=27910"}],"curies":[{"name":"wp","href":"https:\/\/api.w.org\/{rel}","templated":true}]}}