{"id":27913,"date":"2026-08-31T02:10:31","date_gmt":"2026-08-31T06:10:31","guid":{"rendered":"https:\/\/belacereais.com.br\/2026\/safra\/analise-ve-safra-recorde-e-alerta-para-2026-27\/"},"modified":"2026-08-31T02:10:31","modified_gmt":"2026-08-31T06:10:31","slug":"analise-ve-safra-recorde-e-alerta-para-2026-27","status":"publish","type":"post","link":"https:\/\/belacereais.com.br\/en\/2026\/safra\/analise-ve-safra-recorde-e-alerta-para-2026-27\/","title":{"rendered":"Analysis predicts record harvest and warns for 2026\/27."},"content":{"rendered":"<p><img decoding=\"async\" src=\"http:\/\/www.agrolink.com.br\/upload\/imagens-resizes\/4f51262166b947da8c3610ae71913816_858x483.jpg\" \/><\/p>\n<div class=\"section-description section-description-noticias mt-3\">\n<p>THE <a href=\"https:\/\/www.agrolink.com.br\/culturas\/soja?utm_source=agrolink-detalhe-noticia&amp;utm_medium=detalhe-noticia&amp;utm_campaign=links-internos\" target=\"_blank\" rel=\"noopener\">soy<\/a> brasileira deve manter desempenho robusto em 2025\/26, com volumes recordes apoiados pela produ\u00e7\u00e3o elevada, pela demanda global e pela competitividade do produto nacional. Segundo an\u00e1lise da RaboResearch, do Rabobank, a safra \u00e9 estimada em 182 milh\u00f5es de toneladas, enquanto as exporta\u00e7\u00f5es podem chegar a 114 milh\u00f5es.\n<\/p>\n<div id=\"agk_14000_pos_3_sidebar_mobile\" style=\"text-align: center;\" class=\"mb-4\">\n<\/div>\n<div id=\"agk_14000_pos_4_conteudo_desktop\" style=\"text-align: center;\" class=\"d-none d-lg-block mb-md-4\">\n<\/div>\n<p>No mercado interno, o esmagamento deve atingir 63 milh\u00f5es de toneladas, 4 milh\u00f5es acima do ano passado. Mesmo com o adiamento da mistura obrigat\u00f3ria de biodiesel para 16%, a valoriza\u00e7\u00e3o do \u00f3leo de soja, impulsionada pelos pre\u00e7os altos do petr\u00f3leo, sustenta margens atrativas para a ind\u00fastria.<\/p>\n<p>Nos Estados Unidos, o esmagamento deve alcan\u00e7ar recorde em 2025\/26, mas as exporta\u00e7\u00f5es tendem a recuar com a menor demanda chinesa. O cen\u00e1rio favorece o Brasil, refor\u00e7a a procura pela soja nacional e ajuda a sustentar os pre\u00e7os. Em Rondon\u00f3polis, as cota\u00e7\u00f5es avan\u00e7aram 5% no in\u00edcio de agosto ante o m\u00eas anterior.\n<\/p>\n<div id=\"agk_14000_pos_4_conteudo_mobile\" style=\"text-align: center;\" class=\"mb-4\">\n<\/div>\n<div id=\"agk_14000_pos_5_conteudo_desktop\" style=\"text-align: center;\" class=\"d-none d-lg-block mb-md-4\">\n<\/div>\n<p>Para 2026\/27, por\u00e9m, o crescimento da produ\u00e7\u00e3o brasileira deve desacelerar. A proje\u00e7\u00e3o indica estabilidade da \u00e1rea plantada ap\u00f3s mais de duas d\u00e9cadas de expans\u00e3o, diante de menor rentabilidade, custos financeiros mais altos, cr\u00e9dito restrito e maior cautela. A estimativa inicial \u00e9 de 178 milh\u00f5es de toneladas, abaixo do recorde de 2025\/26, principalmente pela normaliza\u00e7\u00e3o dos rendimentos ap\u00f3s dois anos de produtividade excepcional.<\/p>\n<p>Entre os riscos est\u00e3o as rela\u00e7\u00f5es comerciais entre Estados Unidos e China, a poss\u00edvel ocorr\u00eancia de El Ni\u00f1o e a volatilidade dos custos dos insumos. A recupera\u00e7\u00e3o dos pr\u00eamios de exporta\u00e7\u00e3o nos portos brasileiros pode reduzir a competitividade e limitar margens de esmagamento. Em Mato Grosso, o fim do vazio sanit\u00e1rio em 6 de setembro ser\u00e1 acompanhado diante do risco de atraso das chuvas e de impactos sobre o plantio de 2026\/27.<br \/>\n\u00a0\n<\/p>\n<div id=\"agk_14000_pos_5_conteudo_mobile\" style=\"text-align: center;\" class=\"mb-4\">\n<\/div><\/div>\n<h6><em>THE <strong>Bela Cereais<\/strong> works with the best grains on the market and also keeps you up to date with the latest news and analyses on agribusiness.<br \/>\nDon&#039;t forget to follow our social networks.<\/em><\/h6>\n<p><a href=\"https:\/\/www.agrolink.com.br\/noticias\/analise-ve-safra-recorde-e-alerta-para-2026-27_518332.html\" target=\"_blank\" rel=\"noopener\">Access News Source <\/a><\/p>","protected":false},"excerpt":{"rendered":"<p>A soja brasileira deve manter desempenho robusto em 2025\/26, com volumes recordes apoiados pela produ\u00e7\u00e3o&hellip;<\/p>","protected":false},"author":1,"featured_media":27914,"comment_status":"","ping_status":"","sticky":false,"template":"","format":"standard","meta":{"footnotes":""},"categories":[258],"tags":[244,248,255,249,254,250,246,247,256,245,253,252,251],"class_list":["post-27913","post","type-post","status-publish","format-standard","has-post-thumbnail","hentry","category-safra","tag-agrolink","tag-agrotoxicos","tag-artigos-tecnicos","tag-classificados","tag-colunistas","tag-compra","tag-cotacoes","tag-defensivos","tag-eventos","tag-noticias","tag-precos-agricolas","tag-previsao-do-tempo","tag-venda"],"_links":{"self":[{"href":"https:\/\/belacereais.com.br\/en\/wp-json\/wp\/v2\/posts\/27913","targetHints":{"allow":["GET"]}}],"collection":[{"href":"https:\/\/belacereais.com.br\/en\/wp-json\/wp\/v2\/posts"}],"about":[{"href":"https:\/\/belacereais.com.br\/en\/wp-json\/wp\/v2\/types\/post"}],"author":[{"embeddable":true,"href":"https:\/\/belacereais.com.br\/en\/wp-json\/wp\/v2\/users\/1"}],"replies":[{"embeddable":true,"href":"https:\/\/belacereais.com.br\/en\/wp-json\/wp\/v2\/comments?post=27913"}],"version-history":[{"count":0,"href":"https:\/\/belacereais.com.br\/en\/wp-json\/wp\/v2\/posts\/27913\/revisions"}],"wp:featuredmedia":[{"embeddable":true,"href":"https:\/\/belacereais.com.br\/en\/wp-json\/wp\/v2\/media\/27914"}],"wp:attachment":[{"href":"https:\/\/belacereais.com.br\/en\/wp-json\/wp\/v2\/media?parent=27913"}],"wp:term":[{"taxonomy":"category","embeddable":true,"href":"https:\/\/belacereais.com.br\/en\/wp-json\/wp\/v2\/categories?post=27913"},{"taxonomy":"post_tag","embeddable":true,"href":"https:\/\/belacereais.com.br\/en\/wp-json\/wp\/v2\/tags?post=27913"}],"curies":[{"name":"wp","href":"https:\/\/api.w.org\/{rel}","templated":true}]}}