{"id":27915,"date":"2026-08-31T02:16:33","date_gmt":"2026-08-31T06:16:33","guid":{"rendered":"https:\/\/belacereais.com.br\/2026\/exportacoes\/oferta-sustenta-lideranca-nas-exportacoes-de-algodao\/"},"modified":"2026-08-31T02:16:33","modified_gmt":"2026-08-31T06:16:33","slug":"oferta-sustenta-lideranca-nas-exportacoes-de-algodao","status":"publish","type":"post","link":"https:\/\/belacereais.com.br\/en\/2026\/exportacoes\/oferta-sustenta-lideranca-nas-exportacoes-de-algodao\/","title":{"rendered":"Supply sustains leadership in cotton exports."},"content":{"rendered":"<p><img decoding=\"async\" src=\"http:\/\/www.agrolink.com.br\/upload\/imagens-resizes\/a29065a5f35d4c69b21807ec4f12230a_858x483.jpg\" \/><\/p>\n<div class=\"section-description section-description-noticias mt-3\">\n<p>A oferta elevada e o avan\u00e7o das vendas externas mant\u00eam o <a href=\"https:\/\/www.agrolink.com.br\/culturas\/algodao\/\" target=\"_blank\" rel=\"noopener\">cotton<\/a> brasileiro em posi\u00e7\u00e3o de destaque no mercado mundial, mesmo diante de incertezas clim\u00e1ticas e de consumo. Segundo an\u00e1lise do Rabobank, o pa\u00eds embarcou 3,4 milh\u00f5es de toneladas de pluma entre agosto de 2025 e julho de 2026, volume 19% superior ao da safra anterior e suficiente para consolidar a lideran\u00e7a global nas exporta\u00e7\u00f5es.\n<\/p>\n<div id=\"agk_14000_pos_3_sidebar_mobile\" style=\"text-align: center;\" class=\"mb-4\">\n<\/div>\n<div id=\"agk_14000_pos_4_conteudo_desktop\" style=\"text-align: center;\" class=\"d-none d-lg-block mb-md-4\">\n<\/div>\n<p>O resultado foi favorecido pela expans\u00e3o da cotonicultura nacional e pela menor disponibilidade de concorrentes afetados por condi\u00e7\u00f5es clim\u00e1ticas adversas. Para 2025\/26, a perspectiva segue favor\u00e1vel, com produ\u00e7\u00e3o robusta e pr\u00f3xima da temporada anterior. A Bahia pode alcan\u00e7ar novo recorde, enquanto a safra brasileira \u00e9 estimada em cerca de 4 milh\u00f5es de toneladas. Para 2026\/27, por\u00e9m, cresce a aten\u00e7\u00e3o sobre a poss\u00edvel ocorr\u00eancia de El Ni\u00f1o.<\/p>\n<p>No exterior, a oferta tende a ficar mais restrita. O USDA aponta risco de queda na produ\u00e7\u00e3o de China e Austr\u00e1lia, e a produ\u00e7\u00e3o global pode recuar cerca de 4%, com redu\u00e7\u00e3o estimada de 7% nos estoques mundiais. Esse cen\u00e1rio j\u00e1 aparece nas cota\u00e7\u00f5es: em agosto, os futuros negociados em Nova York subiram 6% ante julho de 2026, enquanto a pluma em Mato Grosso avan\u00e7ou 4%.\n<\/p>\n<div id=\"agk_14000_pos_4_conteudo_mobile\" style=\"text-align: center;\" class=\"mb-4\">\n<\/div>\n<div id=\"agk_14000_pos_5_conteudo_desktop\" style=\"text-align: center;\" class=\"d-none d-lg-block mb-md-4\">\n<\/div>\n<p>A valoriza\u00e7\u00e3o tamb\u00e9m acelerou a comercializa\u00e7\u00e3o. As vendas da safra 2025\/26 chegaram a 74% da produ\u00e7\u00e3o estimada, oito pontos percentuais acima de um ano antes. Para 2026\/27, 32% j\u00e1 estavam comercializados, dez pontos acima do mesmo per\u00edodo da temporada passada. Apesar de o USDA projetar alta de 1,7% no consumo global, a an\u00e1lise avalia que a demanda pode permanecer est\u00e1vel diante de desafios macroecon\u00f4micos.<br \/>\n\u00a0<\/p>\n<\/p><\/div>\n<h6><em>THE <strong>Bela Cereais<\/strong> works with the best grains on the market and also keeps you up to date with the latest news and analyses on agribusiness.<br \/>\nDon&#039;t forget to follow our social networks.<\/em><\/h6>\n<p><a href=\"https:\/\/www.agrolink.com.br\/noticias\/oferta-sustenta-lideranca-nas-exportacoes-de-algodao_518334.html\" target=\"_blank\" rel=\"noopener\">Access News Source <\/a><\/p>","protected":false},"excerpt":{"rendered":"<p>A oferta elevada e o avan\u00e7o das vendas externas mant\u00eam o algod\u00e3o brasileiro em posi\u00e7\u00e3o&hellip;<\/p>","protected":false},"author":1,"featured_media":27916,"comment_status":"","ping_status":"","sticky":false,"template":"","format":"standard","meta":{"footnotes":""},"categories":[7],"tags":[244,248,255,249,254,250,246,247,256,245,253,252,251],"class_list":["post-27915","post","type-post","status-publish","format-standard","has-post-thumbnail","hentry","category-exportacoes","tag-agrolink","tag-agrotoxicos","tag-artigos-tecnicos","tag-classificados","tag-colunistas","tag-compra","tag-cotacoes","tag-defensivos","tag-eventos","tag-noticias","tag-precos-agricolas","tag-previsao-do-tempo","tag-venda"],"_links":{"self":[{"href":"https:\/\/belacereais.com.br\/en\/wp-json\/wp\/v2\/posts\/27915","targetHints":{"allow":["GET"]}}],"collection":[{"href":"https:\/\/belacereais.com.br\/en\/wp-json\/wp\/v2\/posts"}],"about":[{"href":"https:\/\/belacereais.com.br\/en\/wp-json\/wp\/v2\/types\/post"}],"author":[{"embeddable":true,"href":"https:\/\/belacereais.com.br\/en\/wp-json\/wp\/v2\/users\/1"}],"replies":[{"embeddable":true,"href":"https:\/\/belacereais.com.br\/en\/wp-json\/wp\/v2\/comments?post=27915"}],"version-history":[{"count":0,"href":"https:\/\/belacereais.com.br\/en\/wp-json\/wp\/v2\/posts\/27915\/revisions"}],"wp:featuredmedia":[{"embeddable":true,"href":"https:\/\/belacereais.com.br\/en\/wp-json\/wp\/v2\/media\/27916"}],"wp:attachment":[{"href":"https:\/\/belacereais.com.br\/en\/wp-json\/wp\/v2\/media?parent=27915"}],"wp:term":[{"taxonomy":"category","embeddable":true,"href":"https:\/\/belacereais.com.br\/en\/wp-json\/wp\/v2\/categories?post=27915"},{"taxonomy":"post_tag","embeddable":true,"href":"https:\/\/belacereais.com.br\/en\/wp-json\/wp\/v2\/tags?post=27915"}],"curies":[{"name":"wp","href":"https:\/\/api.w.org\/{rel}","templated":true}]}}