{"id":27917,"date":"2026-08-31T02:41:20","date_gmt":"2026-08-31T06:41:20","guid":{"rendered":"https:\/\/belacereais.com.br\/2026\/milho\/instituicao-ve-demanda-interna-mais-forte-por-milho\/"},"modified":"2026-08-31T02:41:20","modified_gmt":"2026-08-31T06:41:20","slug":"instituicao-ve-demanda-interna-mais-forte-por-milho","status":"publish","type":"post","link":"https:\/\/belacereais.com.br\/en\/2026\/milho\/instituicao-ve-demanda-interna-mais-forte-por-milho\/","title":{"rendered":"Institution sees stronger domestic demand for corn."},"content":{"rendered":"<p><img decoding=\"async\" src=\"http:\/\/www.agrolink.com.br\/upload\/imagens-resizes\/cf908fea3ce94068908150b23d5d2b4b_858x483.jpg\" \/><\/p>\n<div class=\"section-description section-description-noticias mt-3\">\n<p>A safra brasileira de <a href=\"https:\/\/www.agrolink.com.br\/culturas\/milho?utm_source=agrolink-detalhe-noticia&amp;utm_medium=detalhe-noticia&amp;utm_campaign=links-internos%09\" target=\"_blank\" rel=\"noopener\">corn<\/a> 2025\/26 tende a manter a produ\u00e7\u00e3o praticamente est\u00e1vel, enquanto o consumo interno ganha for\u00e7a e amplia seu peso no equil\u00edbrio entre oferta e demanda. Segundo an\u00e1lise do Rabobank, a expans\u00e3o das cadeias de aves e su\u00ednos continua impulsionando o uso do cereal em ra\u00e7\u00e3o, com consumo estimado em 72 milh\u00f5es de toneladas em 2026, alta de quase 2% na compara\u00e7\u00e3o anual.\n<\/p>\n<div id=\"agk_14000_pos_3_sidebar_mobile\" style=\"text-align: center;\" class=\"mb-4\">\n<\/div>\n<div id=\"agk_14000_pos_4_conteudo_desktop\" style=\"text-align: center;\" class=\"d-none d-lg-block mb-md-4\">\n<\/div>\n<p>O movimento mais expressivo, por\u00e9m, vem da ind\u00fastria de etanol de milho. No primeiro semestre, o setor consumiu 12,5 milh\u00f5es de toneladas, volume 2 milh\u00f5es de toneladas superior ao registrado no mesmo per\u00edodo de 2025. A expectativa \u00e9 que, at\u00e9 o fim do ano, a produ\u00e7\u00e3o de etanol demande cerca de 27 milh\u00f5es de toneladas, o equivalente a aproximadamente 20% da produ\u00e7\u00e3o nacional.<\/p>\n<p>Com o mercado interno absorvendo uma parcela maior da oferta, a competitividade do milho brasileiro no exterior tende a diminuir. A proje\u00e7\u00e3o \u00e9 de redu\u00e7\u00e3o de cerca de 3 milh\u00f5es de toneladas nas exporta\u00e7\u00f5es em rela\u00e7\u00e3o ao ano anterior, movimento j\u00e1 sinalizado pelos embarques do primeiro semestre. Com isso, os estoques finais podem apresentar leve recupera\u00e7\u00e3o frente aos n\u00edveis de 2025.\n<\/p>\n<div id=\"agk_14000_pos_4_conteudo_mobile\" style=\"text-align: center;\" class=\"mb-4\">\n<\/div>\n<div id=\"agk_14000_pos_5_conteudo_desktop\" style=\"text-align: center;\" class=\"d-none d-lg-block mb-md-4\">\n<\/div>\n<p>Para a safra 2026\/27, o risco de ocorr\u00eancia de El Ni\u00f1o pode atrasar o plantio da soja e, consequentemente, a semeadura do milho safrinha. Ao mesmo tempo, a demanda deve seguir crescendo, especialmente no etanol no primeiro semestre de 2027. Mesmo com o avan\u00e7o da segunda safra, os pre\u00e7os mostraram resili\u00eancia, com as cota\u00e7\u00f5es em Campinas 24% acima das observadas em agosto de 2025. O cen\u00e1rio ainda inclui riscos log\u00edsticos no Arco Norte, caso haja redu\u00e7\u00e3o do calado dos rios, e incertezas externas ligadas aos ataques russos \u00e0 infraestrutura de transporte e armazenagem de gr\u00e3os na Ucr\u00e2nia.<br \/>\n\u00a0<\/p>\n<\/p><\/div>\n<h6><em>THE <strong>Bela Cereais<\/strong> works with the best grains on the market and also keeps you up to date with the latest news and analyses on agribusiness.<br \/>\nDon&#039;t forget to follow our social networks.<\/em><\/h6>\n<p><a href=\"https:\/\/www.agrolink.com.br\/noticias\/instituicao-ve-demanda-interna-mais-forte-por-milho_518333.html\" target=\"_blank\" rel=\"noopener\">Access News Source <\/a><\/p>","protected":false},"excerpt":{"rendered":"<p>A safra brasileira de milho 2025\/26 tende a manter a produ\u00e7\u00e3o praticamente est\u00e1vel, enquanto o&hellip;<\/p>","protected":false},"author":1,"featured_media":27918,"comment_status":"","ping_status":"","sticky":false,"template":"","format":"standard","meta":{"footnotes":""},"categories":[223],"tags":[244,248,255,249,254,250,246,247,256,245,253,252,251],"class_list":["post-27917","post","type-post","status-publish","format-standard","has-post-thumbnail","hentry","category-milho","tag-agrolink","tag-agrotoxicos","tag-artigos-tecnicos","tag-classificados","tag-colunistas","tag-compra","tag-cotacoes","tag-defensivos","tag-eventos","tag-noticias","tag-precos-agricolas","tag-previsao-do-tempo","tag-venda"],"_links":{"self":[{"href":"https:\/\/belacereais.com.br\/en\/wp-json\/wp\/v2\/posts\/27917","targetHints":{"allow":["GET"]}}],"collection":[{"href":"https:\/\/belacereais.com.br\/en\/wp-json\/wp\/v2\/posts"}],"about":[{"href":"https:\/\/belacereais.com.br\/en\/wp-json\/wp\/v2\/types\/post"}],"author":[{"embeddable":true,"href":"https:\/\/belacereais.com.br\/en\/wp-json\/wp\/v2\/users\/1"}],"replies":[{"embeddable":true,"href":"https:\/\/belacereais.com.br\/en\/wp-json\/wp\/v2\/comments?post=27917"}],"version-history":[{"count":0,"href":"https:\/\/belacereais.com.br\/en\/wp-json\/wp\/v2\/posts\/27917\/revisions"}],"wp:featuredmedia":[{"embeddable":true,"href":"https:\/\/belacereais.com.br\/en\/wp-json\/wp\/v2\/media\/27918"}],"wp:attachment":[{"href":"https:\/\/belacereais.com.br\/en\/wp-json\/wp\/v2\/media?parent=27917"}],"wp:term":[{"taxonomy":"category","embeddable":true,"href":"https:\/\/belacereais.com.br\/en\/wp-json\/wp\/v2\/categories?post=27917"},{"taxonomy":"post_tag","embeddable":true,"href":"https:\/\/belacereais.com.br\/en\/wp-json\/wp\/v2\/tags?post=27917"}],"curies":[{"name":"wp","href":"https:\/\/api.w.org\/{rel}","templated":true}]}}