{"id":27921,"date":"2026-08-31T06:24:10","date_gmt":"2026-08-31T10:24:10","guid":{"rendered":"https:\/\/belacereais.com.br\/2026\/soja\/soja-fecha-semana-em-alta-com-demanda-aquecida\/"},"modified":"2026-08-31T06:24:10","modified_gmt":"2026-08-31T10:24:10","slug":"soja-fecha-semana-em-alta-com-demanda-aquecida","status":"publish","type":"post","link":"https:\/\/belacereais.com.br\/en\/2026\/soja\/soja-fecha-semana-em-alta-com-demanda-aquecida\/","title":{"rendered":"Soybeans close the week higher due to strong demand."},"content":{"rendered":"<p><img decoding=\"async\" src=\"http:\/\/www.agrolink.com.br\/upload\/imagens-resizes\/4ef974c1892344c3bc0876ae6e260fe7_858x483.jpg\" \/><\/p>\n<div class=\"section-description section-description-noticias mt-3\">\n<p>THE <a href=\"https:\/\/www.agrolink.com.br\/culturas\/soja?utm_source=agrolink-detalhe-noticia&amp;utm_medium=detalhe-noticia&amp;utm_campaign=links-internos\" target=\"_blank\" rel=\"noopener\">soy<\/a> encerrou o dia e a semana em alta no mercado internacional, sustentada pela demanda chinesa, pelo avan\u00e7o dos derivados e por compras t\u00e9cnicas. Segundo dados da Bolsa de Chicago (CBOT), o contrato de setembro subiu 1,57%, a US$ 12,7625 por bushel, enquanto novembro avan\u00e7ou 1,58%, a US$ 12,88 por bushel.\n<\/p>\n<div id=\"agk_14000_pos_3_sidebar_mobile\" style=\"text-align: center;\" class=\"mb-4\">\n<\/div>\n<div id=\"agk_14000_pos_4_conteudo_desktop\" style=\"text-align: center;\" class=\"d-none d-lg-block mb-md-4\">\n<\/div>\n<p>O movimento levou a oleaginosa \u00e0 m\u00e1xima de 26 meses e marcou a terceira semana consecutiva de valoriza\u00e7\u00e3o. No acumulado semanal, a soja ganhou 4,12%, enquanto o farelo avan\u00e7ou 6,32% e o \u00f3leo de soja subiu 1,94%. O farelo foi favorecido pela expectativa de maior uso na ra\u00e7\u00e3o animal diante da menor oferta de milho nos Estados Unidos, e o \u00f3leo acompanhou a alta do petr\u00f3leo e propostas de amplia\u00e7\u00e3o das cotas de biocombust\u00edveis para 2027.<\/p>\n<p>O USDA informou vendas de 182 mil toneladas de soja para a China e 226 mil toneladas para destinos n\u00e3o revelados da safra 2026\/27, al\u00e9m de 200 mil toneladas de farelo para Alemanha e Holanda. O mercado tamb\u00e9m antecipa manuten\u00e7\u00e3o do ritmo de compras chinesas at\u00e9 o encontro entre Donald Trump e Xi Jinping, previsto para setembro.\n<\/p>\n<div id=\"agk_14000_pos_4_conteudo_mobile\" style=\"text-align: center;\" class=\"mb-4\">\n<\/div>\n<div id=\"agk_14000_pos_5_conteudo_desktop\" style=\"text-align: center;\" class=\"d-none d-lg-block mb-md-4\">\n<\/div>\n<p>No Brasil, os pre\u00e7os mostraram movimentos distintos. No Paran\u00e1, o indicador Esalq\/B3 de Paranagu\u00e1 chegou a R$ 159,76 por saca, alta de 3,04%. No Rio Grande do Sul, o excesso de umidade atrasa culturas de inverno e pode reduzir a janela da soja 2026\/27. Em Santa Catarina, a demanda da agroind\u00fastria sustenta \u00e1gios no mercado f\u00edsico. Mato Grosso do Sul mant\u00e9m aten\u00e7\u00e3o sobre o vazio sanit\u00e1rio, enquanto Mato Grosso enfrenta solo seco e necessidade de 30 a 50 mil\u00edmetros de chuva antes do plantio. Em parte das pra\u00e7as, por\u00e9m, as cota\u00e7\u00f5es do dia recuaram, mostrando que a rea\u00e7\u00e3o externa ainda n\u00e3o se refletiu de forma uniforme no mercado interno.<\/p>\n<p>\n\u00a0<\/p>\n<\/p><\/div>\n<h6><em>THE <strong>Bela Cereais<\/strong> works with the best grains on the market and also keeps you up to date with the latest news and analyses on agribusiness.<br \/>\nDon&#039;t forget to follow our social networks.<\/em><\/h6>\n<p><a href=\"https:\/\/www.agrolink.com.br\/noticias\/soja-fecha-semana-em-alta-com-demanda-aquecida_518348.html\" target=\"_blank\" rel=\"noopener\">Access News Source <\/a><\/p>","protected":false},"excerpt":{"rendered":"<p>A soja encerrou o dia e a semana em alta no mercado internacional, sustentada pela&hellip;<\/p>","protected":false},"author":1,"featured_media":27922,"comment_status":"","ping_status":"","sticky":false,"template":"","format":"standard","meta":{"footnotes":""},"categories":[259],"tags":[244,248,255,249,254,250,246,247,256,245,253,252,251],"class_list":["post-27921","post","type-post","status-publish","format-standard","has-post-thumbnail","hentry","category-soja","tag-agrolink","tag-agrotoxicos","tag-artigos-tecnicos","tag-classificados","tag-colunistas","tag-compra","tag-cotacoes","tag-defensivos","tag-eventos","tag-noticias","tag-precos-agricolas","tag-previsao-do-tempo","tag-venda"],"_links":{"self":[{"href":"https:\/\/belacereais.com.br\/en\/wp-json\/wp\/v2\/posts\/27921","targetHints":{"allow":["GET"]}}],"collection":[{"href":"https:\/\/belacereais.com.br\/en\/wp-json\/wp\/v2\/posts"}],"about":[{"href":"https:\/\/belacereais.com.br\/en\/wp-json\/wp\/v2\/types\/post"}],"author":[{"embeddable":true,"href":"https:\/\/belacereais.com.br\/en\/wp-json\/wp\/v2\/users\/1"}],"replies":[{"embeddable":true,"href":"https:\/\/belacereais.com.br\/en\/wp-json\/wp\/v2\/comments?post=27921"}],"version-history":[{"count":0,"href":"https:\/\/belacereais.com.br\/en\/wp-json\/wp\/v2\/posts\/27921\/revisions"}],"wp:featuredmedia":[{"embeddable":true,"href":"https:\/\/belacereais.com.br\/en\/wp-json\/wp\/v2\/media\/27922"}],"wp:attachment":[{"href":"https:\/\/belacereais.com.br\/en\/wp-json\/wp\/v2\/media?parent=27921"}],"wp:term":[{"taxonomy":"category","embeddable":true,"href":"https:\/\/belacereais.com.br\/en\/wp-json\/wp\/v2\/categories?post=27921"},{"taxonomy":"post_tag","embeddable":true,"href":"https:\/\/belacereais.com.br\/en\/wp-json\/wp\/v2\/tags?post=27921"}],"curies":[{"name":"wp","href":"https:\/\/api.w.org\/{rel}","templated":true}]}}