{"id":27923,"date":"2026-08-31T06:46:25","date_gmt":"2026-08-31T10:46:25","guid":{"rendered":"https:\/\/belacereais.com.br\/2026\/milho\/milho-em-alta-exige-protecao-e-compras-escalonadas\/"},"modified":"2026-08-31T06:46:25","modified_gmt":"2026-08-31T10:46:25","slug":"milho-em-alta-exige-protecao-e-compras-escalonadas","status":"publish","type":"post","link":"https:\/\/belacereais.com.br\/en\/2026\/milho\/milho-em-alta-exige-protecao-e-compras-escalonadas\/","title":{"rendered":"Corn prices are rising, requiring hedging and staggered purchases."},"content":{"rendered":"<p><img decoding=\"async\" src=\"http:\/\/www.agrolink.com.br\/upload\/imagens-resizes\/dee6634cf3344795984d70bc68e91d29_858x483.jpg\" \/><\/p>\n<div class=\"section-description section-description-noticias mt-3\">\n<p>A valoriza\u00e7\u00e3o do <a href=\"https:\/\/www.agrolink.com.br\/culturas\/milho?utm_source=agrolink-detalhe-noticia&amp;utm_medium=detalhe-noticia&amp;utm_campaign=links-internos%09\" target=\"_blank\" rel=\"noopener\">corn<\/a> ganhou for\u00e7a no mercado internacional e no Brasil, mas o avan\u00e7o dos pre\u00e7os tamb\u00e9m aumenta a necessidade de prote\u00e7\u00e3o diante do risco de corre\u00e7\u00f5es ap\u00f3s semanas de alta. Segundo a TF Agroecon\u00f4mica, o cen\u00e1rio segue fortemente altista, sustentado por menor oferta potencial nos Estados Unidos e na Europa, dificuldades de exporta\u00e7\u00e3o da Ucr\u00e2nia e forte desempenho das vendas externas americanas.\n<\/p>\n<div id=\"agk_14000_pos_3_sidebar_mobile\" style=\"text-align: center;\" class=\"mb-4\">\n<\/div>\n<div id=\"agk_14000_pos_4_conteudo_desktop\" style=\"text-align: center;\" class=\"d-none d-lg-block mb-md-4\">\n<\/div>\n<p>Para os produtores, a orienta\u00e7\u00e3o \u00e9 aproveitar os pre\u00e7os atuais para vender parcelas do milho dispon\u00edvel, sem liquidar toda a posi\u00e7\u00e3o. No milho futuro, a recomenda\u00e7\u00e3o \u00e9 adotar prote\u00e7\u00e3o escalonada, com 30% cobertos por hedge na B3, outros 30% protegidos em uma pr\u00f3xima alta e o restante mantido aberto. Em Chicago, a faixa de 540 a 550 centavos por bushel exige aten\u00e7\u00e3o, enquanto a perda dos 500 centavos seria um sinal para acelerar a prote\u00e7\u00e3o.<\/p>\n<p>As cooperativas devem reduzir o risco sobre os estoques com vendas graduais e hedge progressivo. Para cerealistas, a recomenda\u00e7\u00e3o \u00e9 evitar compras apenas pela expectativa de novas altas e avaliar a margem de carregamento, considerando pre\u00e7o futuro, pre\u00e7o f\u00edsico, frete, armazenagem, custo financeiro e hedge.\n<\/p>\n<div id=\"agk_14000_pos_4_conteudo_mobile\" style=\"text-align: center;\" class=\"mb-4\">\n<\/div>\n<div id=\"agk_14000_pos_5_conteudo_desktop\" style=\"text-align: center;\" class=\"d-none d-lg-block mb-md-4\">\n<\/div>\n<p>Nas ind\u00fastrias de ra\u00e7\u00e3o, a estrat\u00e9gia indicada \u00e9 ampliar a cobertura de curto prazo, manter prote\u00e7\u00e3o intermedi\u00e1ria para 60 dias e parcial para 90 dias, diante da alta simult\u00e2nea do milho e do farelo de soja. J\u00e1 as usinas de etanol de milho devem proteger parte das necessidades futuras quando a margem industrial permitir, acompanhando milho, etanol, DDG, \u00f3leo e rentabilidade.<\/p>\n<p>No Brasil, a regi\u00e3o de R$ 68 a R$ 68,50 por saca \u00e9 considerada refer\u00eancia para a manuten\u00e7\u00e3o da tend\u00eancia de alta. A orienta\u00e7\u00e3o central \u00e9 transformar parte da valoriza\u00e7\u00e3o atual em margem protegida, sem abandonar totalmente a participa\u00e7\u00e3o em novas altas.\n<\/p>\n<div id=\"agk_14000_pos_5_conteudo_mobile\" style=\"text-align: center;\" class=\"mb-4\">\n<\/div><\/div>\n<h6><em>THE <strong>Bela Cereais<\/strong> works with the best grains on the market and also keeps you up to date with the latest news and analyses on agribusiness.<br \/>\nDon&#039;t forget to follow our social networks.<\/em><\/h6>\n<p><a href=\"https:\/\/www.agrolink.com.br\/noticias\/milho-em-alta-exige-protecao-e-compras-escalonadas_518349.html\" target=\"_blank\" rel=\"noopener\">Access News Source <\/a><\/p>","protected":false},"excerpt":{"rendered":"<p>A valoriza\u00e7\u00e3o do milho ganhou for\u00e7a no mercado internacional e no Brasil, mas o avan\u00e7o&hellip;<\/p>","protected":false},"author":1,"featured_media":27924,"comment_status":"","ping_status":"","sticky":false,"template":"","format":"standard","meta":{"footnotes":""},"categories":[223],"tags":[244,248,255,249,254,250,246,247,256,245,253,252,251],"class_list":["post-27923","post","type-post","status-publish","format-standard","has-post-thumbnail","hentry","category-milho","tag-agrolink","tag-agrotoxicos","tag-artigos-tecnicos","tag-classificados","tag-colunistas","tag-compra","tag-cotacoes","tag-defensivos","tag-eventos","tag-noticias","tag-precos-agricolas","tag-previsao-do-tempo","tag-venda"],"_links":{"self":[{"href":"https:\/\/belacereais.com.br\/en\/wp-json\/wp\/v2\/posts\/27923","targetHints":{"allow":["GET"]}}],"collection":[{"href":"https:\/\/belacereais.com.br\/en\/wp-json\/wp\/v2\/posts"}],"about":[{"href":"https:\/\/belacereais.com.br\/en\/wp-json\/wp\/v2\/types\/post"}],"author":[{"embeddable":true,"href":"https:\/\/belacereais.com.br\/en\/wp-json\/wp\/v2\/users\/1"}],"replies":[{"embeddable":true,"href":"https:\/\/belacereais.com.br\/en\/wp-json\/wp\/v2\/comments?post=27923"}],"version-history":[{"count":0,"href":"https:\/\/belacereais.com.br\/en\/wp-json\/wp\/v2\/posts\/27923\/revisions"}],"wp:featuredmedia":[{"embeddable":true,"href":"https:\/\/belacereais.com.br\/en\/wp-json\/wp\/v2\/media\/27924"}],"wp:attachment":[{"href":"https:\/\/belacereais.com.br\/en\/wp-json\/wp\/v2\/media?parent=27923"}],"wp:term":[{"taxonomy":"category","embeddable":true,"href":"https:\/\/belacereais.com.br\/en\/wp-json\/wp\/v2\/categories?post=27923"},{"taxonomy":"post_tag","embeddable":true,"href":"https:\/\/belacereais.com.br\/en\/wp-json\/wp\/v2\/tags?post=27923"}],"curies":[{"name":"wp","href":"https:\/\/api.w.org\/{rel}","templated":true}]}}