{"id":27928,"date":"2026-08-31T09:16:16","date_gmt":"2026-08-31T13:16:16","guid":{"rendered":"https:\/\/belacereais.com.br\/2026\/feijao\/feijao-carioca-volta-a-subir-enquanto-preto-mantem-sustentacao\/"},"modified":"2026-08-31T09:16:16","modified_gmt":"2026-08-31T13:16:16","slug":"feijao-carioca-volta-a-subir-enquanto-preto-mantem-sustentacao","status":"publish","type":"post","link":"https:\/\/belacereais.com.br\/en\/2026\/feijao\/feijao-carioca-volta-a-subir-enquanto-preto-mantem-sustentacao\/","title":{"rendered":"Carioca bean prices rise again, while black bean prices maintain their stability."},"content":{"rendered":"<p><img decoding=\"async\" src=\"http:\/\/www.agrolink.com.br\/upload\/imagens-resizes\/325252708ccf448c82a836f04ebda875_858x483.jpg\" \/><\/p>\n<div class=\"section-description section-description-noticias mt-3\">\n<p style=\"text-align:justify\">THE <a href=\"https:\/\/www.agrolink.com.br\/culturas\/feijao\/?utm_source=agrolink-detalhe-noticia&amp;utm_medium=detalhe-noticia&amp;utm_campaign=links-internos\" target=\"_blank\" rel=\"noopener\">bean<\/a>-carioca voltou a registrar alta no fim de agosto nas regi\u00f5es acompanhadas pelo Cepea, ap\u00f3s sofrer desvaloriza\u00e7\u00e3o ao longo do m\u00eas. Segundo dados divulgados pelo Centro de Pesquisas, a restri\u00e7\u00e3o das vendas por produtores diante das baixas contribuiu para a recupera\u00e7\u00e3o parcial das cota\u00e7\u00f5es, enquanto o feij\u00e3o-preto permaneceu sustentado pela demanda e pela menor oferta na entressafra.\n<\/p>\n<div id=\"agk_14000_pos_3_sidebar_mobile\" style=\"text-align: center;\" class=\"mb-4\">\n<\/div>\n<div id=\"agk_14000_pos_4_conteudo_desktop\" style=\"text-align: center;\" class=\"d-none d-lg-block mb-md-4\">\n<\/div>\n<p style=\"text-align:justify\">O avan\u00e7o da colheita da terceira safra ampliou a disponibilidade de feij\u00e3o-carioca e manteve a press\u00e3o sobre as cota\u00e7\u00f5es pelo terceiro m\u00eas consecutivo. Segundo dados divulgados pelo Cepea, por\u00e9m, a queda dos pre\u00e7os levou produtores a restringirem as vendas. Com menor oferta de lotes a valores mais baixos, as cota\u00e7\u00f5es reagiram na segunda metade de agosto. A recupera\u00e7\u00e3o, entretanto, ocorreu de forma parcial, em um cen\u00e1rio ainda marcado pela maior disponibilidade do produto.<\/p>\n<p style=\"text-align:justify\">Segundo dados divulgados pelo Cepea, os compradores permaneceram cautelosos ao longo do per\u00edodo e demonstraram menor disposi\u00e7\u00e3o para aceitar valores mais elevados. Esse comportamento reduziu o ritmo das negocia\u00e7\u00f5es de feij\u00e3o-carioca. Ainda assim, a menor presen\u00e7a dos compradores foi compensada pela firmeza dos vendedores. Com a oferta limitada nos n\u00edveis mais baixos de pre\u00e7o, os produtores conseguiram contribuir para a recupera\u00e7\u00e3o das cota\u00e7\u00f5es no fim do m\u00eas.\u00a0No mercado de feij\u00e3o-preto, o cen\u00e1rio foi diferente. Segundo dados divulgados pelo Cepea, as cota\u00e7\u00f5es permaneceram relativamente est\u00e1veis no fim de agosto. A sustenta\u00e7\u00e3o veio principalmente da procura por lotes de melhor qualidade e da menor disponibilidade do produto durante a entressafra.\n<\/p>\n<div id=\"agk_14000_pos_4_conteudo_mobile\" style=\"text-align: center;\" class=\"mb-4\">\n<\/div>\n<div id=\"agk_14000_pos_5_conteudo_desktop\" style=\"text-align: center;\" class=\"d-none d-lg-block mb-md-4\">\n<\/div>\n<p style=\"text-align:justify\">Segundo dados divulgados pelo Cepea, a temporada tamb\u00e9m \u00e9 marcada pela retra\u00e7\u00e3o da oferta de feij\u00e3o-preto, fator que contribui para manter os pre\u00e7os sustentados mesmo diante de um mercado com negocia\u00e7\u00f5es mais cautelosas.<\/p>\n<p style=\"text-align:justify\">O movimento registrado em agosto mostra a influ\u00eancia da disponibilidade de produto e da estrat\u00e9gia de comercializa\u00e7\u00e3o dos produtores sobre as cota\u00e7\u00f5es do feij\u00e3o.<\/p>\n<p style=\"text-align:justify\">No carioca, o avan\u00e7o da terceira safra aumentou a oferta e pressionou os pre\u00e7os, mas a rea\u00e7\u00e3o dos produtores \u00e0s baixas limitou a disponibilidade de lotes nos menores valores. J\u00e1 no feij\u00e3o-preto, a menor oferta durante a entressafra e a demanda por produtos de melhor qualidade ajudaram a manter as cota\u00e7\u00f5es relativamente est\u00e1veis.<\/p>\n<\/p><\/div>\n<h6><em>THE <strong>Bela Cereais<\/strong> works with the best grains on the market and also keeps you up to date with the latest news and analyses on agribusiness.<br \/>\nDon&#039;t forget to follow our social networks.<\/em><\/h6>\n<p><a href=\"https:\/\/www.agrolink.com.br\/noticias\/feijao-carioca-volta-a-subir-enquanto-preto-mantem-sustentacao_518358.html\" target=\"_blank\" rel=\"noopener\">Access News Source <\/a><\/p>","protected":false},"excerpt":{"rendered":"<p>O feij\u00e3o-carioca voltou a registrar alta no fim de agosto nas regi\u00f5es acompanhadas pelo Cepea,&hellip;<\/p>","protected":false},"author":1,"featured_media":27779,"comment_status":"","ping_status":"","sticky":false,"template":"","format":"standard","meta":{"footnotes":""},"categories":[219],"tags":[244,248,255,249,254,250,246,247,256,245,253,252,251],"class_list":["post-27928","post","type-post","status-publish","format-standard","has-post-thumbnail","hentry","category-feijao","tag-agrolink","tag-agrotoxicos","tag-artigos-tecnicos","tag-classificados","tag-colunistas","tag-compra","tag-cotacoes","tag-defensivos","tag-eventos","tag-noticias","tag-precos-agricolas","tag-previsao-do-tempo","tag-venda"],"_links":{"self":[{"href":"https:\/\/belacereais.com.br\/en\/wp-json\/wp\/v2\/posts\/27928","targetHints":{"allow":["GET"]}}],"collection":[{"href":"https:\/\/belacereais.com.br\/en\/wp-json\/wp\/v2\/posts"}],"about":[{"href":"https:\/\/belacereais.com.br\/en\/wp-json\/wp\/v2\/types\/post"}],"author":[{"embeddable":true,"href":"https:\/\/belacereais.com.br\/en\/wp-json\/wp\/v2\/users\/1"}],"replies":[{"embeddable":true,"href":"https:\/\/belacereais.com.br\/en\/wp-json\/wp\/v2\/comments?post=27928"}],"version-history":[{"count":0,"href":"https:\/\/belacereais.com.br\/en\/wp-json\/wp\/v2\/posts\/27928\/revisions"}],"wp:featuredmedia":[{"embeddable":true,"href":"https:\/\/belacereais.com.br\/en\/wp-json\/wp\/v2\/media\/27779"}],"wp:attachment":[{"href":"https:\/\/belacereais.com.br\/en\/wp-json\/wp\/v2\/media?parent=27928"}],"wp:term":[{"taxonomy":"category","embeddable":true,"href":"https:\/\/belacereais.com.br\/en\/wp-json\/wp\/v2\/categories?post=27928"},{"taxonomy":"post_tag","embeddable":true,"href":"https:\/\/belacereais.com.br\/en\/wp-json\/wp\/v2\/tags?post=27928"}],"curies":[{"name":"wp","href":"https:\/\/api.w.org\/{rel}","templated":true}]}}